{"id":750554,"date":"2026-09-06T08:52:21","date_gmt":"2026-09-06T08:52:21","guid":{"rendered":"https:\/\/www.europesays.com\/es\/750554\/"},"modified":"2026-09-06T08:52:21","modified_gmt":"2026-09-06T08:52:21","slug":"top-10-de-la-taquilla-espanola-de-cines-de-ayer-4-9-2026","status":"publish","type":"post","link":"https:\/\/www.europesays.com\/es\/750554\/","title":{"rendered":"Top 10 de la taquilla espa\u00f1ola de cines de ayer (4-9-2026)"},"content":{"rendered":"<p class=\"post-meta\"> <a href=\"https:\/\/www.nosolocine.net\/author\/jose\/\" title=\"\" rel=\"nofollow noopener\" target=\"_blank\">Jose <\/a> septiembre 5, 2026 <a href=\"https:\/\/www.nosolocine.net\/category\/estrenos\/\" rel=\"category tag nofollow noopener\" target=\"_blank\">Estrenos<\/a>, <a href=\"https:\/\/www.nosolocine.net\/category\/listas\/\" rel=\"category tag nofollow noopener\" target=\"_blank\">Listas<\/a>, <a href=\"https:\/\/www.nosolocine.net\/category\/taquilla\/\" rel=\"category tag nofollow noopener\" target=\"_blank\">Taquilla<\/a>  114 Views<\/p>\n<p><img fetchpriority=\"high\" decoding=\"async\" src=\"https:\/\/www.europesays.com\/es\/wp-content\/uploads\/2026\/09\/u4389523797_elegant_modern_and_comfortable_cineplex_-v_8.2_85273b41-89ce-4ac7-9f83-1c9c253b480b_1-66.jpeg\" class=\"aligncenter size-medium wp-image-153048 lazyload\" alt=\"\" width=\"660\" height=\"660\"\/>Ayer, 4 de septiembre de 2026, no fue un d\u00eda especialmente bueno para nuestros cines, pero no fue, ni mucho menos malo.<\/p>\n<p>En el top 10 entraron solo dos estrenos de esta semana, y ambos en la parte baja del top: \u00abCronos\u00bb en el puesto 6 y \u00abDulce sabor a muerte\u00bb<\/p>\n<p>Mantuvo el liderato \u00abTadeo Jones y la l\u00e1mpara maravillosa\u00bb. Recaud\u00f3 unos estimados 205.000 \u20ac. Cay\u00f3 un 54 %, con respecto al viernes anterior. Ya lleva en Espa\u00f1a 4.300.000 \u20ac<\/p>\n<p>El top 10 qued\u00f3 as\u00ed:<\/p>\n<ol>\n<li>\u00abTadeo Jones y la l\u00e1mpara maravillosa\u00bb<\/li>\n<li>\u00abSpider-man: Brand new day\u00bb<\/li>\n<li>\u00abLa Odisea\u00bb<\/li>\n<li>\u00abInsidious: fuera del m\u00e1s all\u00e1\u00bb<\/li>\n<li>\u00abEl ser querido\u00bb. Ayer hizo unos estimados 126.000 \u20ac<\/li>\n<li>\u00abCronos\u00bb. En su primer d\u00eda en la cartelera recaud\u00f3 115.000 \u20ac<\/li>\n<li>\u00abLa constelaci\u00f3n del perro\u00bb<\/li>\n<li>\u00abEl final de Oak Street\u00bb<\/li>\n<li>\u00abEl mot\u00edn\u00bb<\/li>\n<li>\u00abDulce sabor a muerte\u00bb<\/li>\n<\/ol>\n<p>Continuar\u00e1\u2026<\/p>\n<p> <img decoding=\"async\" class=\"author-img\" src=\"https:\/\/www.europesays.com\/es\/wp-content\/uploads\/2026\/09\/JLP-camisetta-nosolocine-ok-1.-Foto-by-Bianca-Baust-scaled.jpg\" alt=\"\"\/><\/p>\n<p>Jos\u00e9 L\u00f3pez P\u00e9rez Cineasta, escritor. Director y creador de www.nosolocine.net<\/p>\n<p style=\"text-align: center;\">@JLPnosolocine<\/p>\n<p>\u00a0<\/p>\n<p>\u00a0<\/p>\n<p>\u00a0<\/p>\n<p>   <a href=\"#\" id=\"check-also-close\"><\/a><\/p>\n<p>Check Also<\/p>\n<p> <a href=\"https:\/\/www.nosolocine.net\/programa-591-de-no-solo-cine-en-las-ondas\/\" rel=\"nofollow noopener\" target=\"_blank\"> <img loading=\"lazy\" width=\"300\" height=\"200\" src=\"https:\/\/www.europesays.com\/es\/wp-content\/uploads\/2026\/09\/portada-programa-591-de-No-solo-cine-en-las-ondas.jpg\" class=\"attachment-sahifa-medium size-sahifa-medium\" alt=\"\" decoding=\"async\"\/>  <\/a><\/p>\n<p>\u00abEl \u00e9xito depende de la preparaci\u00f3n previa, y sin ella seguro que llega el fracaso\u00bb. \u2026<\/p>\n","protected":false},"excerpt":{"rendered":"Jose septiembre 5, 2026 Estrenos, Listas, Taquilla 114 Views Ayer, 4 de septiembre de 2026, no fue un&hellip;\n","protected":false},"author":2,"featured_media":750555,"comment_status":"","ping_status":"","sticky":false,"template":"","format":"standard","meta":{"footnotes":""},"categories":[169],"tags":[133449,177,71753,125615,81572,146,147,25,24,176,117356,28201,175,23,131435],"class_list":["post-750554","post","type-post","status-publish","format-standard","has-post-thumbnail","category-cine","tag-boxoffice","tag-cine","tag-cronos","tag-dulce-sabor-a-muerte","tag-el-ser-querido","tag-entertainment","tag-entretenimiento","tag-es","tag-espana","tag-film","tag-jose-lopez-perez","tag-la-odisea","tag-movies","tag-spain","tag-tadeo-jones-y-la-lampara-maravillosa"],"share_on_mastodon":{"url":"https:\/\/pubeurope.com\/@es\/117223251361837826","error":""},"_links":{"self":[{"href":"https:\/\/www.europesays.com\/es\/wp-json\/wp\/v2\/posts\/750554","targetHints":{"allow":["GET"]}}],"collection":[{"href":"https:\/\/www.europesays.com\/es\/wp-json\/wp\/v2\/posts"}],"about":[{"href":"https:\/\/www.europesays.com\/es\/wp-json\/wp\/v2\/types\/post"}],"author":[{"embeddable":true,"href":"https:\/\/www.europesays.com\/es\/wp-json\/wp\/v2\/users\/2"}],"replies":[{"embeddable":true,"href":"https:\/\/www.europesays.com\/es\/wp-json\/wp\/v2\/comments?post=750554"}],"version-history":[{"count":0,"href":"https:\/\/www.europesays.com\/es\/wp-json\/wp\/v2\/posts\/750554\/revisions"}],"wp:featuredmedia":[{"embeddable":true,"href":"https:\/\/www.europesays.com\/es\/wp-json\/wp\/v2\/media\/750555"}],"wp:attachment":[{"href":"https:\/\/www.europesays.com\/es\/wp-json\/wp\/v2\/media?parent=750554"}],"wp:term":[{"taxonomy":"category","embeddable":true,"href":"https:\/\/www.europesays.com\/es\/wp-json\/wp\/v2\/categories?post=750554"},{"taxonomy":"post_tag","embeddable":true,"href":"https:\/\/www.europesays.com\/es\/wp-json\/wp\/v2\/tags?post=750554"}],"curies":[{"name":"wp","href":"https:\/\/api.w.org\/{rel}","templated":true}]}}