{"id":750580,"date":"2026-09-06T09:11:09","date_gmt":"2026-09-06T09:11:09","guid":{"rendered":"https:\/\/www.europesays.com\/es\/750580\/"},"modified":"2026-09-06T09:11:09","modified_gmt":"2026-09-06T09:11:09","slug":"la-digitalizacion-del-fondo-soldevila-ofrece-ya-8-000-imagenes-unicas-de-burgos","status":"publish","type":"post","link":"https:\/\/www.europesays.com\/es\/750580\/","title":{"rendered":"La digitalizaci\u00f3n del Fondo Soldevila ofrece ya 8.000 im\u00e1genes \u00fanicas de Burgos"},"content":{"rendered":"<p>Nada menos que 8.000 espl\u00e9ndidas fotograf\u00edas. Esa es la nueva oferta gr\u00e1fica del Archivo de la Diputaci\u00f3n de Burgos, que acaba de poner al alcance de quien lo desee el Fondo Francisco Soldevila tras un arduo proceso de digitalizaci\u00f3n.Se trata de una colecci\u00f3n fant\u00e1stica, atesorada durante d\u00e9cadas de pasi\u00f3n por la fotograf\u00eda de este burgal\u00e9s inquieto, quien antes de trasladar su residencia a Castell\u00f3n en la d\u00e9cada de los 70 retrat\u00f3 de maravilla la tierra que lo vio nacer. Lleg\u00f3 a ejercer como fot\u00f3grafo profesional de los que en aquella \u00e9poca se denominaban &#8216;sin galer\u00eda&#8217;, es decir, que no ten\u00eda estudio ni tienda.As\u00ed, suyas son infinidad de fotograf\u00edas que ilustraron programas de las fiestas de Burgos, as\u00ed como de libros publicados por la editorial Hijos de Santiago Rodr\u00edguez o calendarios para las Cajas de Ahorros de Burgos, carteles del Ministerio de Informaci\u00f3n y Turismo o testimonio de las expediciones del grupo espeleol\u00f3gico Edelweiss a los principales complejos k\u00e1rsticos de la provincia. Asimismo, entre las im\u00e1genes que componen el fondo hay una serie dedicada a Vela Zanetti cuando el artista se hallaba trabajando en los murales de la Diputaci\u00f3n.<\/p>\n<p>Sus hijos, responsables de la donaci\u00f3n del valioso fondo, siempre han destacado que Soldevila era un \u00abenamorado\u00bb del arte de retratar la vida. Iba a todas partes con su c\u00e1mara. Realiz\u00f3, especialmente en las d\u00e9cadas de los 50, 60 y primeros 70 miles de fotograf\u00edas de monumentos de la provincia y de la ciudad de Burgos, pero tambi\u00e9n instant\u00e1neas de sus gentes y de sus tradiciones: un fant\u00e1stico ejercicio de costumbrismo. La mirada de Soldevila se podr\u00eda calificar de moderna por cuanto se aleja un tanto de los c\u00e1nones arquet\u00edpicos del momento. Fue en la casa familiar de Capdevila, ubicada en la calle Madrid de la capital, donde se constituy\u00f3 la Agrupaci\u00f3n Fotogr\u00e1fica Burgalesa. La familia Soldevila conserv\u00f3 siempre los negativos, placas y diapositivas que su padre con tanto mimo como celo hab\u00eda guardado de Burgos.Con la mediaci\u00f3n del periodista e historiador burgal\u00e9s Miguel Moreno, amigo de la familia, ese patrimonio visual termin\u00f3 siendo entregado a la instituci\u00f3n provincial, que ahora ha cumplido con su compromiso de poner a disposici\u00f3n de los burgaleses esas joyas.<\/p>\n<p>Siempre han defendido los hijos de Soldevila que \u00e9ste fue un personaje reconocido durante los a\u00f1os en los que vivi\u00f3 en Burgos, hecho que se confirma con una simple b\u00fasqueda en a hemeroteca de este peri\u00f3dico, que recoge noticias como la de una exposici\u00f3n sobre el Camino de Santiago titulada Burgos Jacobeo, realizada en colaboraci\u00f3n con otro fot\u00f3grafo, Jos\u00e9 Mar\u00eda Lozano, en 1965; la de alg\u00fan galard\u00f3n recibido por su trabajo fotogr\u00e1fico, como el que obtuvo a la mejor colecci\u00f3n de diapositivas en color en un certamen convocado por la Comisi\u00f3n Provincial de Turismo en 1968; o la que, en 1971, se hace eco de que la Asociaci\u00f3n de Fomento de Turismo se hallaba en trance de editar diez mil carteles de la Catedral de Burgos con fotograf\u00edas de Francisco Soldevila, quien siempre fue un enamorado de la joya del g\u00f3tico espa\u00f1ol.<\/p>\n","protected":false},"excerpt":{"rendered":"Nada menos que 8.000 espl\u00e9ndidas fotograf\u00edas. Esa es la nueva oferta gr\u00e1fica del Archivo de la Diputaci\u00f3n de&hellip;\n","protected":false},"author":2,"featured_media":750581,"comment_status":"","ping_status":"","sticky":false,"template":"","format":"standard","meta":{"footnotes":""},"categories":[173],"tags":[229,233,231,230,623,133451,22190,3965,3606,232,48999,234,12943,146,147,25,24,241,225,23,4664],"class_list":["post-750580","post","type-post","status-publish","format-standard","has-post-thumbnail","category-arte-y-diseno","tag-arte","tag-arte-y-diseno","tag-arts","tag-arts-and-design","tag-burgos","tag-calle-madrid","tag-camino-de-santiago","tag-castellon","tag-catedral-de-burgos","tag-design","tag-diputacion-de-burgos","tag-diseno","tag-donaciones","tag-entertainment","tag-entretenimiento","tag-es","tag-espana","tag-exposiciones","tag-libros","tag-spain","tag-turismo"],"share_on_mastodon":{"url":"https:\/\/pubeurope.com\/@es\/117223324614977113","error":""},"_links":{"self":[{"href":"https:\/\/www.europesays.com\/es\/wp-json\/wp\/v2\/posts\/750580","targetHints":{"allow":["GET"]}}],"collection":[{"href":"https:\/\/www.europesays.com\/es\/wp-json\/wp\/v2\/posts"}],"about":[{"href":"https:\/\/www.europesays.com\/es\/wp-json\/wp\/v2\/types\/post"}],"author":[{"embeddable":true,"href":"https:\/\/www.europesays.com\/es\/wp-json\/wp\/v2\/users\/2"}],"replies":[{"embeddable":true,"href":"https:\/\/www.europesays.com\/es\/wp-json\/wp\/v2\/comments?post=750580"}],"version-history":[{"count":0,"href":"https:\/\/www.europesays.com\/es\/wp-json\/wp\/v2\/posts\/750580\/revisions"}],"wp:featuredmedia":[{"embeddable":true,"href":"https:\/\/www.europesays.com\/es\/wp-json\/wp\/v2\/media\/750581"}],"wp:attachment":[{"href":"https:\/\/www.europesays.com\/es\/wp-json\/wp\/v2\/media?parent=750580"}],"wp:term":[{"taxonomy":"category","embeddable":true,"href":"https:\/\/www.europesays.com\/es\/wp-json\/wp\/v2\/categories?post=750580"},{"taxonomy":"post_tag","embeddable":true,"href":"https:\/\/www.europesays.com\/es\/wp-json\/wp\/v2\/tags?post=750580"}],"curies":[{"name":"wp","href":"https:\/\/api.w.org\/{rel}","templated":true}]}}