{"id":750582,"date":"2026-09-06T09:13:10","date_gmt":"2026-09-06T09:13:10","guid":{"rendered":"https:\/\/www.europesays.com\/es\/750582\/"},"modified":"2026-09-06T09:13:10","modified_gmt":"2026-09-06T09:13:10","slug":"supervivientes-all-stars-3-confirma-el-fichaje-de-albert-barranco-su-decimotercer-concursante-oficial","status":"publish","type":"post","link":"https:\/\/www.europesays.com\/es\/750582\/","title":{"rendered":"&#8216;Supervivientes All Stars 3&#8217; confirma el fichaje de Albert Barranco, su decimotercer concursante oficial"},"content":{"rendered":"<p class=\"article-text\">\n        <strong>Mediaset <\/strong>ha confirmado que, tal y como hab\u00eda avanzado <a href=\"https:\/\/www.eldiario.es\/vertele\/noticias\/supervivientes-all-stars-3-cierra-primer-concursante-experto-seductor-pasado-tentador-viceverso_1_13463136.html\" target=\"_blank\" data-mrf-recirculation=\"links-noticia\" class=\"link\" rel=\"nofollow noopener\"><strong>verTele<\/strong><\/a> en exclusiva, <strong>Albert Barranco<\/strong> participar\u00e1 en la tercera edici\u00f3n de <strong>Supervivientes All Stars<\/strong>. El reality arrancar\u00e1 su emisi\u00f3n en <strong>Telecinco <\/strong>el pr\u00f3ximo jueves 10 de septiembre.\n    <\/p>\n<p>    <a href=\"https:\/\/www.eldiario.es\/vertele\/noticias\/de-lunes-a-viernes-ultimo-programa-final-telecinco-despide-amor-verano-cede-puesto-nuevas-ofertas_1_13489393.html\" data-mrf-recirculation=\"saber-mas\" data-dl-event=\"saber-mas\" rel=\"nofollow noopener\" target=\"_blank\"><\/p>\n<p class=\"know-more__title\">&#8216;De lunes a viernes&#8217; se despide de Telecinco como un \u00abintenso amor de verano\u00bb que cede su puesto a nuevas ofertas<\/p>\n<p>            <img decoding=\"async\" class=\"lazy\" loading=\"lazy\" data-src=\"https:\/\/static.eldiario.es\/clip\/81a673f2-55bc-4df3-a2ac-8f5d40e289eb_16-9-aspect-ratio_default_0.jpg\" src=\"data:image\/svg+xml,%3Csvg xmlns=\" http:=\"\" viewbox=\"0 0 880 495\" alt=\"'De lunes a viernes' se despide de Telecinco como un &quot;intenso amor de verano&quot; que cede su puesto a nuevas ofertas\"\/><\/p>\n<p>                        <\/a><\/p>\n<p class=\"article-text\">\n        Con este anuncio se a\u00f1ade un nombre m\u00e1s a la lista de concursantes del All Stars, lista en la que, por el momento, figuran 13 robinsones: Rosa Benito, Arkano, Asraf Beno, Alma Bollo, Almudena Mart\u00ednez &#8216;Chiqui&#8217;, Ivana Icardi, Dami\u00e1n Quintero, Mar\u00eda Jes\u00fas Ruiz, Yola Berrocal, Omar S\u00e1nchez, Yulen Pereira, V\u00edctor Janeiro y el propio Barranco.\n    <\/p>\n<p class=\"article-text\">\n        Tras hacerse famoso en 2016 de la mano de <strong>Mujeres y hombres y viceversa<\/strong>, Albert Barranco recorri\u00f3 varios plat\u00f3s de Telecinco hasta que en 2020 inici\u00f3 su gran experiencia televisiva con <strong>Supervivientes<\/strong>. En la isla resisti\u00f3 durante 98 d\u00edas y estuvo a punto de colarse en la final. Solo le superaron Hugo Sierra, Roc\u00edo Flores, Ana Mar\u00eda Ald\u00f3n y Jorge P\u00e9rez, el flamante ganador de aquella edici\u00f3n.\n    <\/p>\n<blockquote class=\"twitter-tweet\" data-lang=\"es\"><p><a href=\"https:\/\/twitter.com\/X\/status\/2096289790610072044?ref_src=twsrc%5Etfw\" rel=\"nofollow noopener\" target=\"_blank\"><\/p><\/blockquote>\n<p class=\"article-text\">\n        Retomando las dotes de &#8216;seductor&#8217; que adquiri\u00f3 en Mujeres y hombres y viceversa, el catal\u00e1n se incorpor\u00f3 al casting de <strong>La isla de las tentaciones <\/strong>en 2025. Ahora, seis a\u00f1os despu\u00e9s de su primer paso por Honduras, Barranco regresa a los Cayos Cochinos.\n    <\/p>\n<p>    <a href=\"https:\/\/www.eldiario.es\/vertele\/noticias\/la-septima-ficha-veronica-sanz-7-anos-lasexta-completa-plantel-presentadores-nuevo-canal_1_13475887.html\" data-mrf-recirculation=\"saber-mas-abajo\" data-dl-event=\"saber-mas-abajo\" rel=\"nofollow noopener\" target=\"_blank\"><\/p>\n<p class=\"know-more__title\">La S\u00e9ptima ficha a Ver\u00f3nica Sanz tras 7 a\u00f1os en laSexta y completa el plantel de presentadores del nuevo canal<\/p>\n<p>            <img decoding=\"async\" class=\"lazy\" loading=\"lazy\" data-src=\"https:\/\/static.eldiario.es\/clip\/1db421d7-d05f-4752-b2bc-b6debf859dcd_16-9-aspect-ratio_default_0.jpg\" src=\"data:image\/svg+xml,%3Csvg xmlns=\" http:=\"\" viewbox=\"0 0 880 495\" alt=\"La S\u00e9ptima ficha a Ver\u00f3nica Sanz tras 7 a\u00f1os en laSexta y completa el plantel de presentadores del nuevo canal\"\/><\/p>\n<p>                        <\/a><\/p>\n<p class=\"article-text\">\n        La tercera edici\u00f3n de Supervivientes All Stars se estrenar\u00e1 en Telecinco el jueves 10 de septiembre a las 21:45 horas. <strong>Jorge Javier V\u00e1zquez<\/strong> ejercer\u00e1 de maestro de ceremonias.\n    <\/p>\n<p>                                    <script async src=\"https:\/\/platform.twitter.com\/widgets.js\" charset=\"utf-8\"><\/script><\/p>\n","protected":false},"excerpt":{"rendered":"Mediaset ha confirmado que, tal y como hab\u00eda avanzado verTele en exclusiva, Albert Barranco participar\u00e1 en la tercera&hellip;\n","protected":false},"author":2,"featured_media":750583,"comment_status":"","ping_status":"","sticky":false,"template":"","format":"standard","meta":{"footnotes":""},"categories":[171],"tags":[30430,11286,2809,2884,146,147,25,24,557,289,23,11287,3947,692,214],"class_list":["post-750582","post","type-post","status-publish","format-standard","has-post-thumbnail","category-tv","tag-albert","tag-all","tag-barranco","tag-concursante","tag-entertainment","tag-entretenimiento","tag-es","tag-espana","tag-fichaje","tag-oficial","tag-spain","tag-stars","tag-supervivientes","tag-telecinco","tag-tv"],"share_on_mastodon":{"url":"https:\/\/pubeurope.com\/@es\/117223332893941107","error":""},"_links":{"self":[{"href":"https:\/\/www.europesays.com\/es\/wp-json\/wp\/v2\/posts\/750582","targetHints":{"allow":["GET"]}}],"collection":[{"href":"https:\/\/www.europesays.com\/es\/wp-json\/wp\/v2\/posts"}],"about":[{"href":"https:\/\/www.europesays.com\/es\/wp-json\/wp\/v2\/types\/post"}],"author":[{"embeddable":true,"href":"https:\/\/www.europesays.com\/es\/wp-json\/wp\/v2\/users\/2"}],"replies":[{"embeddable":true,"href":"https:\/\/www.europesays.com\/es\/wp-json\/wp\/v2\/comments?post=750582"}],"version-history":[{"count":0,"href":"https:\/\/www.europesays.com\/es\/wp-json\/wp\/v2\/posts\/750582\/revisions"}],"wp:featuredmedia":[{"embeddable":true,"href":"https:\/\/www.europesays.com\/es\/wp-json\/wp\/v2\/media\/750583"}],"wp:attachment":[{"href":"https:\/\/www.europesays.com\/es\/wp-json\/wp\/v2\/media?parent=750582"}],"wp:term":[{"taxonomy":"category","embeddable":true,"href":"https:\/\/www.europesays.com\/es\/wp-json\/wp\/v2\/categories?post=750582"},{"taxonomy":"post_tag","embeddable":true,"href":"https:\/\/www.europesays.com\/es\/wp-json\/wp\/v2\/tags?post=750582"}],"curies":[{"name":"wp","href":"https:\/\/api.w.org\/{rel}","templated":true}]}}