{"id":750586,"date":"2026-09-06T09:15:12","date_gmt":"2026-09-06T09:15:12","guid":{"rendered":"https:\/\/www.europesays.com\/es\/750586\/"},"modified":"2026-09-06T09:15:12","modified_gmt":"2026-09-06T09:15:12","slug":"nick-frost-cuenta-con-la-aprobacion-de-la-familia-de-robbie-coltrane-para-ser-el-nuevo-hagrid-en-harry-potter","status":"publish","type":"post","link":"https:\/\/www.europesays.com\/es\/750586\/","title":{"rendered":"Nick Frost cuenta con la \u201caprobaci\u00f3n\u201d de la familia de Robbie Coltrane para ser el nuevo Hagrid en Harry Potter"},"content":{"rendered":"<p class=\"c-paragraph\">Va a costar mucho no comparar las adaptaciones cinematogr\u00e1ficas originales de <b>Harry Potter<\/b> con la nueva serie que llegar\u00e1 a finales de a\u00f1o a <b>HBO Max<\/b>. Y, sobre todo, resultar\u00e1 extra\u00f1o el cambio de elenco para ciertos personajes tan ic\u00f3nicos como podr\u00eda ser el caso de <b>Hagrid<\/b>.<\/p>\n<p class=\"c-paragraph\">En las pel\u00edculas, el guardabosques <b>Rubeus Hagrid <\/b>fue interpretado por el ya fallecido <a href=\"https:\/\/www.hobbyconsolas.com\/noticias\/actor-hagrid-serie-harry-potter-no-intentara-ser-robbie-coltrane-comparte-enfoque-1464903\" title=\"El actor de Hagrid para la serie de Harry Potter &quot;no intentar\u00e1 ser Robbie Coltrane&quot; y comparte su enfoque\" rel=\"nofollow noopener\" target=\"_blank\">Robbie Coltrane<\/a>, quien encajaba a la perfecci\u00f3n en el rol de semigigante. En la serie, le tomar\u00e1 el relevo el int\u00e9rprete <b>Nick Frost<\/b>, \u00bfpero lograr\u00e1 estar a la altura?<\/p>\n<p class=\"c-paragraph\">Despu\u00e9s de ver las primeras im\u00e1genes de la serie de <a href=\"https:\/\/www.hobbyconsolas.com\/hobbycine\/serie-harry-potter-hbo-max-ya-tiene-su-voldemort-dobby-que-participaran-segunda-temporada_7033073_0.html\" title=\"La serie de Harry Potter de HBO Max ya tiene a su Voldemort y a Dobby, que participar\u00e1n en la segunda temporada\" rel=\"nofollow noopener\" target=\"_blank\">Harry Potter<\/a>, cada persona se habr\u00e1 formado su propia idea sobre la interpretaci\u00f3n de Nick Frost. Pero, \u00a1qui\u00e9n mejor para dar su veredicto sobre su interpretaci\u00f3n que la propia familia de <b>Robbie Coltrane<\/b>!<\/p>\n<p>Nick Frost parece ser el Hagrid perfecto<\/p>\n<p class=\"c-paragraph\"><b>El nuevo actor de Hagrid<\/b> relat\u00f3 en el podcast <a href=\"https:\/\/screenrant.com\/harry-potter-hbo-show-robbie-coltrane-family-approved-nick-frost-hagrid\/\" rel=\"nofollow noreferrer noopener\" title=\"via: screenrant\" target=\"_blank\">Inside of You<\/a> c\u00f3mo hab\u00eda recibido <b>la familia de Robbie Coltrane<\/b> su incorporaci\u00f3n al reparto de la serie de<a href=\"https:\/\/www.hobbyconsolas.com\/reportajes\/hbo-max-espana-planes-precio-compartir-cuenta-catalogo-1160429\" title=\"HBO Max Espa\u00f1a: planes, precio, compartir cuenta, cat\u00e1logo y m\u00e1s\" rel=\"nofollow noopener\" target=\"_blank\"> HBO Max<\/a>.<\/p>\n<p class=\"c-paragraph\">\u201cMi mejor amigo, Danny, y sus amigos eran la familia de Robbie, y al parecer Robbie era fan de la m\u00fasica\u201d, relat\u00f3 Nick Frost. \u201c<b>Todo el mundo me dio su aprobaci\u00f3n<\/b>, como si les hubiera encantado. \u201cEstamos muy felices de que lo hayas conseguido\u201d\u201d.<\/p>\n<p class=\"c-paragraph\">\u201cQuiero rendir homenaje a lo que hizo Robbie;<b> quiero honrar su legado<\/b>\u201d, continu\u00f3. \u201cTambi\u00e9n soy consciente de que tengo una oportunidad que Robbie no tuvo. Obviamente, \u00e9l cont\u00f3 con una pel\u00edcula de dos horas y media, pero yo tengo ocho horas para desarrollar a <a href=\"https:\/\/www.hobbyconsolas.com\/hobbycine\/nick-frost-vio-todas-las-peliculas-harry-potter-seguidas-mientras-escribia-palabra-hagrid-7000-veces_6931828_0.html\" title=\"El m\u00e9todo de Nick Frost para conseguir su papel: vio todas las pel\u00edculas de Harry Potter &quot;mientras escrib\u00eda la palabra Hagrid 7.000 veces&quot;\" rel=\"nofollow noopener\" target=\"_blank\">Hagrid<\/a>. As\u00ed que, tengo mucha suerte de poder ofrecer eso a la gente\u201d.\u00a0<\/p>\n<p class=\"c-paragraph\">En pocos meses podremos ver a Nick Frost en la peque\u00f1a pantalla como el nuevo Hagrid, cuando la serie de\u00a0Harry Potter\u00a0se estrene en HBO Max el pr\u00f3ximo <b>25 de diciembre<\/b>.<\/p>\n","protected":false},"excerpt":{"rendered":"Va a costar mucho no comparar las adaptaciones cinematogr\u00e1ficas originales de Harry Potter con la nueva serie que&hellip;\n","protected":false},"author":2,"featured_media":750587,"comment_status":"","ping_status":"","sticky":false,"template":"","format":"standard","meta":{"footnotes":""},"categories":[169],"tags":[38098,177,24171,2196,146,147,25,24,176,66460,175,50857,23],"class_list":["post-750586","post","type-post","status-publish","format-standard","has-post-thumbnail","category-cine","tag-aprobacion","tag-cine","tag-con","tag-cuenta","tag-entertainment","tag-entretenimiento","tag-es","tag-espana","tag-film","tag-frost","tag-movies","tag-nick","tag-spain"],"share_on_mastodon":{"url":"https:\/\/pubeurope.com\/@es\/117223340492576958","error":""},"_links":{"self":[{"href":"https:\/\/www.europesays.com\/es\/wp-json\/wp\/v2\/posts\/750586","targetHints":{"allow":["GET"]}}],"collection":[{"href":"https:\/\/www.europesays.com\/es\/wp-json\/wp\/v2\/posts"}],"about":[{"href":"https:\/\/www.europesays.com\/es\/wp-json\/wp\/v2\/types\/post"}],"author":[{"embeddable":true,"href":"https:\/\/www.europesays.com\/es\/wp-json\/wp\/v2\/users\/2"}],"replies":[{"embeddable":true,"href":"https:\/\/www.europesays.com\/es\/wp-json\/wp\/v2\/comments?post=750586"}],"version-history":[{"count":0,"href":"https:\/\/www.europesays.com\/es\/wp-json\/wp\/v2\/posts\/750586\/revisions"}],"wp:featuredmedia":[{"embeddable":true,"href":"https:\/\/www.europesays.com\/es\/wp-json\/wp\/v2\/media\/750587"}],"wp:attachment":[{"href":"https:\/\/www.europesays.com\/es\/wp-json\/wp\/v2\/media?parent=750586"}],"wp:term":[{"taxonomy":"category","embeddable":true,"href":"https:\/\/www.europesays.com\/es\/wp-json\/wp\/v2\/categories?post=750586"},{"taxonomy":"post_tag","embeddable":true,"href":"https:\/\/www.europesays.com\/es\/wp-json\/wp\/v2\/tags?post=750586"}],"curies":[{"name":"wp","href":"https:\/\/api.w.org\/{rel}","templated":true}]}}