{"id":75059,"date":"2025-08-27T06:19:11","date_gmt":"2025-08-27T06:19:11","guid":{"rendered":"https:\/\/www.europesays.com\/es\/75059\/"},"modified":"2025-08-27T06:19:11","modified_gmt":"2025-08-27T06:19:11","slug":"victory-onuetu-obradoiro-y-onuetu-dos-visiones-de-un-contrato","status":"publish","type":"post","link":"https:\/\/www.europesays.com\/es\/75059\/","title":{"rendered":"VICTORY ONUETU | Obradoiro y Onuetu, dos visiones de un contrato"},"content":{"rendered":"<p class=\"ft-text\">Victory Onuetu, canterano del <a class=\"ft-link ft-link--decoration\" href=\"https:\/\/www.elcorreogallego.es\/tags\/obradoiro-cab\/\" target=\"_blank\" rel=\"nofollow noopener\"><strong>Monbus Obradoiro<\/strong><\/a>, <a class=\"ft-link ft-link--decoration\" href=\"https:\/\/www.elcorreogallego.es\/deportes\/2025\/08\/22\/onuetu-rumbo-estados-unidos-rebeldia-120843335.html\" target=\"_blank\" rel=\"nofollow noopener\"><strong>se prepara para poner rumbo al equipo de la Universidad de Hofstra<\/strong><\/a>. Desde la entidad picheleira se ha se\u00f1alado que el interior en ning\u00fan momento se puso en contacto con el club para informarles de que estaba cerrado con los Hofstra Pride, mientras que desde el entorno del jugador apuntan lo contrario.<\/p>\n<p class=\"ft-text\">Durante este verano, <strong>desde el Obradoiro trataron de proponerle a Onuetu continuar en el equipo<\/strong> en un rol que no encajaba con la idea del jugador. Por ello, ambas partes consideraron que lo m\u00e1s \u00f3ptimo ser\u00eda separar caminos. Desde el entorno del jugador se\u00f1alan que optaron por la nueva oportunidad que se ha abierto con la NCAA y aseguran que se le informo al club que tomar\u00edan est\u00e1 v\u00eda a finales del mes de julio. Adem\u00e1s, concretan que es cierto que <strong>no hay cl\u00e1usula para irse a la NCAA<\/strong>, interpretando, por su parte, que Onuetu tiene v\u00eda libre para tomar este camino y que el club no puede impedirlo.<\/p>\n<p class=\"ft-text\">Por parte del Obra han se\u00f1alado que no ten\u00edan noticia alguna de que Onuetu estuviera cerrado con los Hofstra Pride, aunque ya hab\u00edan demostrado que ten\u00edan conocimiento de que la NCAA era una opci\u00f3n que valoraba el interior, mientras que el club tambi\u00e9n pon\u00eda una <strong>cesi\u00f3n como alternativa<\/strong>. La entidad picheleira transmiti\u00f3 que fue una sorpresa ver que el jugador ya compart\u00eda su nuevo destino en redes sociales, sin comunicarse con ellos y sin resolver su contrato. Del otro lado, sostienen que en la oficinas de Sar ya fueron avisados a finales del mes de julio.<\/p>\n<p class=\"ft-text\">Con esta situaci\u00f3n se abren dos frentes. Desde el entorno del jugador se interpreta que, al no existir una cl\u00e1usula relativa a la NCAA, <strong>Onuetu podr\u00eda salir sin llegar a ning\u00fan tipo de acuerdo del club<\/strong>. Mientras, desde el Obradoiro se considera lo contrario y es que, al no existir est\u00e1 cl\u00e1usula, desde su visi\u00f3n el interior no tendr\u00eda derecho a cambiar de destino unilateralmente y se producir\u00eda un incumplimiento del contrato. La realidad es que est\u00e1 situaci\u00f3n no est\u00e1 todav\u00eda regulada por la FIBA y, en caso de resolverse judicialmente, podr\u00eda sentar un precedente.<\/p>\n<p class=\"ft-text\">El punto parece estar en que, para poder jugar en un equipo se precisa del <strong>transfer<\/strong>, pero en la NCAA no se requiere del mismo para poder disputar la competici\u00f3n universitaria americana. Pese a ello, la interpretaci\u00f3n del club es que se producir\u00eda el incumplimiento del contrato, mientras que del otro lado consideran que no tienen que llegar a un acuerdo al no tener este requerimiento y no existir cl\u00e1usula alguna. En caso de que el entorno del jugador pudiera tener raz\u00f3n, desde el Obradoiro tambi\u00e9n se trabajar\u00eda en <strong>explorar los derechos que tendr\u00edan sobre Onuetu<\/strong> al finalizar su etapa en la NCAA, una vez emprendiera una aventura en baloncesto FIBA o NBA.<\/p>\n","protected":false},"excerpt":{"rendered":"Victory Onuetu, canterano del Monbus Obradoiro, se prepara para poner rumbo al equipo de la Universidad de Hofstra.&hellip;\n","protected":false},"author":2,"featured_media":75060,"comment_status":"","ping_status":"","sticky":false,"template":"","format":"standard","meta":{"footnotes":""},"categories":[269],"tags":[299,298,106,168,25,24,10281,10285,29276,23,167,29277],"class_list":{"0":"post-75059","1":"post","2":"type-post","3":"status-publish","4":"format-standard","5":"has-post-thumbnail","7":"category-baloncesto","8":"tag-baloncesto","9":"tag-basketball","10":"tag-contrato","11":"tag-deportes","12":"tag-es","13":"tag-espana","14":"tag-obradoiro","15":"tag-obradoiro-cab","16":"tag-onuetu","17":"tag-spain","18":"tag-sports","19":"tag-visiones"},"share_on_mastodon":{"url":"","error":""},"_links":{"self":[{"href":"https:\/\/www.europesays.com\/es\/wp-json\/wp\/v2\/posts\/75059","targetHints":{"allow":["GET"]}}],"collection":[{"href":"https:\/\/www.europesays.com\/es\/wp-json\/wp\/v2\/posts"}],"about":[{"href":"https:\/\/www.europesays.com\/es\/wp-json\/wp\/v2\/types\/post"}],"author":[{"embeddable":true,"href":"https:\/\/www.europesays.com\/es\/wp-json\/wp\/v2\/users\/2"}],"replies":[{"embeddable":true,"href":"https:\/\/www.europesays.com\/es\/wp-json\/wp\/v2\/comments?post=75059"}],"version-history":[{"count":0,"href":"https:\/\/www.europesays.com\/es\/wp-json\/wp\/v2\/posts\/75059\/revisions"}],"wp:featuredmedia":[{"embeddable":true,"href":"https:\/\/www.europesays.com\/es\/wp-json\/wp\/v2\/media\/75060"}],"wp:attachment":[{"href":"https:\/\/www.europesays.com\/es\/wp-json\/wp\/v2\/media?parent=75059"}],"wp:term":[{"taxonomy":"category","embeddable":true,"href":"https:\/\/www.europesays.com\/es\/wp-json\/wp\/v2\/categories?post=75059"},{"taxonomy":"post_tag","embeddable":true,"href":"https:\/\/www.europesays.com\/es\/wp-json\/wp\/v2\/tags?post=75059"}],"curies":[{"name":"wp","href":"https:\/\/api.w.org\/{rel}","templated":true}]}}