{"id":75061,"date":"2025-08-27T06:20:07","date_gmt":"2025-08-27T06:20:07","guid":{"rendered":"https:\/\/www.europesays.com\/es\/75061\/"},"modified":"2025-08-27T06:20:07","modified_gmt":"2025-08-27T06:20:07","slug":"con-el-molinon-a-reventar-la-aficion-del-sporting-prepara-una-sorpresa-mas-ante-la-cultural","status":"publish","type":"post","link":"https:\/\/www.europesays.com\/es\/75061\/","title":{"rendered":"Con El Molin\u00f3n a reventar&#8230; \u00a1la afici\u00f3n del Sporting prepara una sorpresa m\u00e1s ante la Cultural!"},"content":{"rendered":"<p class=\"ft-text\">Si sobraban ingredientes para visibilizar el partido del Sporting de este viernes ante la Cultural (El Molin\u00f3n, 21.30 horas) en medio de un ambientazo, toca a\u00f1adir uno m\u00e1s. La afici\u00f3n rojiblanca ha comenzado a movilizarse para protagonizar un multitudinario recibimiento al autocar del equipo en su llegada al campo. Ser\u00eda el primero de la temporada, ya que no hubo nada especial en el primer partido en casa, ante el C\u00f3rdoba. La pe\u00f1a Ultra Boys ha convocado a realizar un corteo hasta el campo, a partir de las 19.30 horas, en el punto habitual: la confluencia de la avenida Torcuato Fern\u00e1ndez-Miranda con la calle Luis Adaro.<\/p>\n<p class=\"ft-text\">Las taquillas de El Molin\u00f3n contin\u00faan abiertas este mi\u00e9rcoles, de 9.30 a 19.30 horas, para la venta de entradas al p\u00fablico en general, aunque el papel est\u00e1 pr\u00f3ximo a agotarse. El club ya ha despachado m\u00e1s de 3.000 localidades para el encuentro ante la Cultural Leonesa, que llegar\u00e1 a Gij\u00f3n respaldada por un buen grupo de seguidores leoneses. 570 ya agotaron las localidades enviadas al Reino de Le\u00f3n. Ser\u00e1n m\u00e1s. La previsi\u00f3n es que El Molin\u00f3n vuelva a superar los 24.000 espectadores, como ya sucedi\u00f3 en la primera jornada. El club tambi\u00e9n ha registrado nuevas altas de abonados en los \u00faltimos d\u00edas. En parte, gracias al impulso del pleno de triunfos en Liga, lo que ha permitido vivir el mejor inicio posible de temporada hasta el momento. n<\/p>\n","protected":false},"excerpt":{"rendered":"Si sobraban ingredientes para visibilizar el partido del Sporting de este viernes ante la Cultural (El Molin\u00f3n, 21.30&hellip;\n","protected":false},"author":2,"featured_media":75062,"comment_status":"","ping_status":"","sticky":false,"template":"","format":"standard","meta":{"footnotes":""},"categories":[268],"tags":[3437,1798,168,29278,25,24,280,282,24309,5936,26886,281,23,4782,167],"class_list":{"0":"post-75061","1":"post","2":"type-post","3":"status-publish","4":"format-standard","5":"has-post-thumbnail","7":"category-futbol","8":"tag-aficion","9":"tag-club","10":"tag-deportes","11":"tag-el-molinon","12":"tag-es","13":"tag-espana","14":"tag-football","15":"tag-futbol","16":"tag-molinon","17":"tag-prepara","18":"tag-reventar","19":"tag-soccer","20":"tag-spain","21":"tag-sporting","22":"tag-sports"},"share_on_mastodon":{"url":"","error":""},"_links":{"self":[{"href":"https:\/\/www.europesays.com\/es\/wp-json\/wp\/v2\/posts\/75061","targetHints":{"allow":["GET"]}}],"collection":[{"href":"https:\/\/www.europesays.com\/es\/wp-json\/wp\/v2\/posts"}],"about":[{"href":"https:\/\/www.europesays.com\/es\/wp-json\/wp\/v2\/types\/post"}],"author":[{"embeddable":true,"href":"https:\/\/www.europesays.com\/es\/wp-json\/wp\/v2\/users\/2"}],"replies":[{"embeddable":true,"href":"https:\/\/www.europesays.com\/es\/wp-json\/wp\/v2\/comments?post=75061"}],"version-history":[{"count":0,"href":"https:\/\/www.europesays.com\/es\/wp-json\/wp\/v2\/posts\/75061\/revisions"}],"wp:featuredmedia":[{"embeddable":true,"href":"https:\/\/www.europesays.com\/es\/wp-json\/wp\/v2\/media\/75062"}],"wp:attachment":[{"href":"https:\/\/www.europesays.com\/es\/wp-json\/wp\/v2\/media?parent=75061"}],"wp:term":[{"taxonomy":"category","embeddable":true,"href":"https:\/\/www.europesays.com\/es\/wp-json\/wp\/v2\/categories?post=75061"},{"taxonomy":"post_tag","embeddable":true,"href":"https:\/\/www.europesays.com\/es\/wp-json\/wp\/v2\/tags?post=75061"}],"curies":[{"name":"wp","href":"https:\/\/api.w.org\/{rel}","templated":true}]}}