{"id":750652,"date":"2026-09-06T10:10:14","date_gmt":"2026-09-06T10:10:14","guid":{"rendered":"https:\/\/www.europesays.com\/es\/750652\/"},"modified":"2026-09-06T10:10:14","modified_gmt":"2026-09-06T10:10:14","slug":"una-enfermera-canaria-relata-su-experiencia-en-la-lucha-contra-el-ebola-en-rd-del-congo-canarias7","status":"publish","type":"post","link":"https:\/\/www.europesays.com\/es\/750652\/","title":{"rendered":"Una enfermera canaria relata su experiencia en la lucha contra el \u00e9bola en RD del Congo &#8211; Canarias7"},"content":{"rendered":"<ol>\n<li><a href=\"https:\/\/news.google.com\/rss\/articles\/CBMiuAFBVV95cUxPTFNNYmhSTmNoeGV2cGJfUzJodkh5ZWpnTHRFZHNBUzdmanhpbnh4V09tVWoyaHRGT21GQ2hPUGlpdGhqMkYzWEJxaXo5TE1aVm9wd3hHbm5kSjlHYmRQdkFxRUdZeGhORVlDQ3k1TjdjU0RXcGF5WHc4M0JETDRYRDg4Q3ZYaThqSUIxck01Yl9vcVZpMGQwZWxPZVVQVnFQTDFYWGE1VTBqdTBXUWloWkZxUllRc2lQ0gG-AUFVX3lxTFBfTUVQYXEtZ0R4Q3B0OGNkbE9WQnZJQXFTRUNXckhGZDhvdnlyR1VsQmZfOEpVaHVRNkZ6Q0xOdVVhZTFNZ2RpMjBwRTlwYTdZVzNKOEhzQW9JTmgtNWxJOGtERnFtSEJVeFA5eVpaczVJMDN2UzJ4RUtqWnQ0SWZ1d1J6Mk5mNGt0M2tKV0JGc0R5aEZleFFjemlnRlNURDlFc094bmhZSVJIZXdNc1l1Xy1FSzhHWDdjRlQxc0E?oc=5\" target=\"_blank\" rel=\"nofollow noopener\">Una enfermera canaria relata su experiencia en la lucha contra el \u00e9bola en RD del Congo<\/a>&nbsp;&nbsp;Canarias7<\/li>\n<li><a href=\"https:\/\/news.google.com\/rss\/articles\/CBMi5AFBVV95cUxNdlZjdjFtUGxBNDNrekpUWkFQNFlJc254R21BZHMtSGl0LUZmN3NJMkFJa1REdXJLUWl5N2xIU0ROWGJFcVdaZXBERVhyT05GODlWTzFZSGFrclJIVkF2VWR1NVJ0anBrRFBySFJRb3NFanZvZG9nN3pmbE9SbEZtbEV1ZzdHdjdscmd2RFFiMjU3VEpWeFcyZnoxYUhQS1plNnJKSWc3ajh1N25jVXkzdy1WT04tajhPZmxhUGNwNkVDUXBKbFJWVnVRR3RBdFdGdnhBajVON2t4LUI1MnZrdjBSN3c?oc=5\" target=\"_blank\" rel=\"nofollow noopener\">Sin ir al colegio por miedo al \u00e9bola en el epicentro del virus: \u201cEs mejor un ni\u00f1o analfabeto, pero vivo\u201d<\/a>&nbsp;&nbsp;EL PA\u00cdS<\/li>\n<li><a href=\"https:\/\/news.google.com\/rss\/articles\/CBMivgFBVV95cUxNb0VibmFSUnlIc1dnVENLNmE2eThCQ1R4UkZ2aVBtVnRlMDdfeEx0QWVCdURzV2puNGlsN0Vuc3pCbnppc3dzR20xQW5yZXZQVV9GOHpmZ2JfU3BnV3ctSFpSMFd1NFU3M0JyYTgtU2pPU18zNXpyMW1pRXN6V24zZC1pUWhZRUhZTXp4ZWJEZGhfdUNzTmlqQ1dMb2N3VkNONnJoTFhmMTdHZVhsRk1ZcUM4UUozYjVydmRBa2l30gHDAUFVX3lxTE9hQ2R1V2plQ1F6NTdaWVdodWRvM24yOG1hVHA2QmdZQkMySVdUcXh6UnJsMlFjM3NHVVZicnpDd1gxVU5MUXc3VnhtSkhWV0xLTHhNd3pjc05hd0dib1IwRmZ2NXR6dXd0WmFJZVNOTGFyNm9sMmZVTFhhQmJPejlMWF9nb0FfQW95Z25KTUR6SmxEeERJWE95TUl3clA1dThpNnpCZlJ6dEhCZFpLNVZVRFlkNi1aV0puczlLSzFkcDZDaw?oc=5\" target=\"_blank\" rel=\"nofollow noopener\">Una enfermera canaria en el coraz\u00f3n del frente contra el \u00e9bola: \u00abLa poblaci\u00f3n congole\u00f1a ya no sabe cu\u00e1l de todos los peligros es peor\u00bb<\/a>&nbsp;&nbsp;Canarias7<\/li>\n<li><a href=\"https:\/\/news.google.com\/rss\/articles\/CBMivAFBVV95cUxNMDRVamN1ZW1vbm9uZ0FPMHRPNXVkNkFWUC1CSGRGNmpsUWpNcEpNbGgyUXFNYXZuRFhlTzItZ2Q0WFpWLU80MlU4NDBPX2ZsVUl2T1JXcW1mdFJITXgtYkRkdV9UZ2RHZmxBVGMxOGhVSS1VSjN3czFQcTVTV1o3bzl0TmNSU29JQVJINEI0ZnEzcU9hdUNhUDNjX05vblBlZ1Z1TElhTnVYaGx4d0RvalJvd1ZQQUlOVjdFNdIB0AFBVV95cUxNN0I5OGU3U2dMUGs1VURSNUhyV2JfN2FkZjJQVEVvUmJYN3VrakNiMGtrbjA4RGZFVHRlWWJJVFJFTi1TdTIxUVBOSDJkd1U3RTJSVU9uSlhXRUJoZ29RZ3JhdWNnc3JCdUZfY1E4ME1aWi1wZE5YemxtbGpZWEx5bGdpUlljRGMwdmxxN0xjUGhYV0FIdUsweWRHS0paMkx4WUZ3TTQ0WHFsS3l3R0k5UHlxQmt1cVpkMGdESGUyVFpmeEtpVzgxcUJyVlkzRGNm?oc=5\" target=\"_blank\" rel=\"nofollow noopener\">El brote de \u00e9bola en el Congo deja ya m\u00e1s de 6.500 casos y 3.150 muertos<\/a>&nbsp;&nbsp;La Raz\u00f3n<\/li>\n<li><a href=\"https:\/\/news.google.com\/rss\/articles\/CBMiiAFBVV95cUxNandUVjIyeWRSSUh1SmI1cHYwZ0sxdUNrVWVLcktvREF4dnBmc0V1azloS0ktYm9FM2M0Qmx1WVlkYlZEVEpENkpOYjRQMWt3dmpjWnNRc2tTUzRZTzRfVTNEczlQS3NPSVBaQ1FFWGQ5R0hndENPTE9ZeWxOU3JvVXVWanRQUjhm?oc=5\" target=\"_blank\" rel=\"nofollow noopener\">El n\u00famero de casos de \u00e9bola en RDC supera la barrera de los 6.300, con cerca de 3.100 muertos<\/a>&nbsp;&nbsp;Deia<\/li>\n<\/ol>\n","protected":false},"excerpt":{"rendered":"Una enfermera canaria relata su experiencia en la lucha contra el \u00e9bola en RD del Congo&nbsp;&nbsp;Canarias7 Sin ir&hellip;\n","protected":false},"author":2,"featured_media":750653,"comment_status":"","ping_status":"","sticky":false,"template":"","format":"standard","meta":{"footnotes":""},"categories":[92],"tags":[7221,9758,34141,44770,25,24,8009,165,591,1731,166,23],"class_list":["post-750652","post","type-post","status-publish","format-standard","has-post-thumbnail","category-salud","tag-canaria","tag-congo","tag-ebola","tag-enfermera","tag-es","tag-espana","tag-experiencia","tag-health","tag-lucha","tag-relata","tag-salud","tag-spain"],"share_on_mastodon":{"url":"https:\/\/pubeurope.com\/@es\/117223556784316149","error":""},"_links":{"self":[{"href":"https:\/\/www.europesays.com\/es\/wp-json\/wp\/v2\/posts\/750652","targetHints":{"allow":["GET"]}}],"collection":[{"href":"https:\/\/www.europesays.com\/es\/wp-json\/wp\/v2\/posts"}],"about":[{"href":"https:\/\/www.europesays.com\/es\/wp-json\/wp\/v2\/types\/post"}],"author":[{"embeddable":true,"href":"https:\/\/www.europesays.com\/es\/wp-json\/wp\/v2\/users\/2"}],"replies":[{"embeddable":true,"href":"https:\/\/www.europesays.com\/es\/wp-json\/wp\/v2\/comments?post=750652"}],"version-history":[{"count":0,"href":"https:\/\/www.europesays.com\/es\/wp-json\/wp\/v2\/posts\/750652\/revisions"}],"wp:featuredmedia":[{"embeddable":true,"href":"https:\/\/www.europesays.com\/es\/wp-json\/wp\/v2\/media\/750653"}],"wp:attachment":[{"href":"https:\/\/www.europesays.com\/es\/wp-json\/wp\/v2\/media?parent=750652"}],"wp:term":[{"taxonomy":"category","embeddable":true,"href":"https:\/\/www.europesays.com\/es\/wp-json\/wp\/v2\/categories?post=750652"},{"taxonomy":"post_tag","embeddable":true,"href":"https:\/\/www.europesays.com\/es\/wp-json\/wp\/v2\/tags?post=750652"}],"curies":[{"name":"wp","href":"https:\/\/api.w.org\/{rel}","templated":true}]}}