{"id":750676,"date":"2026-09-06T10:27:12","date_gmt":"2026-09-06T10:27:12","guid":{"rendered":"https:\/\/www.europesays.com\/es\/750676\/"},"modified":"2026-09-06T10:27:12","modified_gmt":"2026-09-06T10:27:12","slug":"faro-santander-garantiza-la-conservacion-y-respeto-a-la-coleccion-gelman-de-arte-mexicano","status":"publish","type":"post","link":"https:\/\/www.europesays.com\/es\/750676\/","title":{"rendered":"Faro Santander garantiza la conservaci\u00f3n y respeto a la Colecci\u00f3n Gelman de arte mexicano"},"content":{"rendered":"<p><img decoding=\"async\" class=\"v-ath__i\" loading=\"lazy\" src=\"https:\/\/www.europesays.com\/es\/wp-content\/uploads\/2026\/09\/1788690432_343_autor-5496-foto-3.jpeg\" alt=\"Agencia EFE\"\/><\/p>\n<p>06\/09\/2026 a las 11:33h.<\/p>\n<p class=\"v-d-p\">Santander, 6 sep (EFE).- El director de Faro Santander, Daniel Vega, ha garantizado la conservaci\u00f3n y respeto de las obras de la colecci\u00f3n Gelman de arte mexicano, una de las que se van a exponer en este centro cultural que se inaugura este lunes y  &#8230; que, seg\u00fan sus palabras, son de una \u00abincre\u00edble calidad\u00bb y atesoran el acerbo de la modernidad mexicana. Vega se hizo cargo de la direcci\u00f3n hace ahora un a\u00f1o, y en una entrevista con EFE, detalla la apertura de este proyecto cultural, que inauguran el rey este lunes y que est\u00e1 impulsado por la Fundaci\u00f3n Banco Santander. Para ello, se ha remodelado la sede hist\u00f3rica de la entidad bancaria en la capital de Cantabria con un novedoso dise\u00f1o de sus espacios, obra del arquitecto -premio Pritzker- David Chipperfield. EFE. IM\u00c1GENES: ROM\u00c1N GARC\u00cdA AGUILERA. TOTALES DEL DIRECTOR DE FARO SANTANDER, DANIEL VEGA.<\/p>\n","protected":false},"excerpt":{"rendered":"06\/09\/2026 a las 11:33h. Santander, 6 sep (EFE).- El director de Faro Santander, Daniel Vega, ha garantizado la&hellip;\n","protected":false},"author":2,"featured_media":750677,"comment_status":"","ping_status":"","sticky":false,"template":"","format":"standard","meta":{"footnotes":""},"categories":[173],"tags":[229,233,231,230,3000,8805,232,234,146,147,25,24,17184,4339,79405,10764,10588,964,23],"class_list":["post-750676","post","type-post","status-publish","format-standard","has-post-thumbnail","category-arte-y-diseno","tag-arte","tag-arte-y-diseno","tag-arts","tag-arts-and-design","tag-coleccion","tag-conservacion","tag-design","tag-diseno","tag-entertainment","tag-entretenimiento","tag-es","tag-espana","tag-faro","tag-garantiza","tag-gelman","tag-mexicano","tag-respeto","tag-santander","tag-spain"],"share_on_mastodon":{"url":"https:\/\/pubeurope.com\/@es\/117223624646744913","error":""},"_links":{"self":[{"href":"https:\/\/www.europesays.com\/es\/wp-json\/wp\/v2\/posts\/750676","targetHints":{"allow":["GET"]}}],"collection":[{"href":"https:\/\/www.europesays.com\/es\/wp-json\/wp\/v2\/posts"}],"about":[{"href":"https:\/\/www.europesays.com\/es\/wp-json\/wp\/v2\/types\/post"}],"author":[{"embeddable":true,"href":"https:\/\/www.europesays.com\/es\/wp-json\/wp\/v2\/users\/2"}],"replies":[{"embeddable":true,"href":"https:\/\/www.europesays.com\/es\/wp-json\/wp\/v2\/comments?post=750676"}],"version-history":[{"count":0,"href":"https:\/\/www.europesays.com\/es\/wp-json\/wp\/v2\/posts\/750676\/revisions"}],"wp:featuredmedia":[{"embeddable":true,"href":"https:\/\/www.europesays.com\/es\/wp-json\/wp\/v2\/media\/750677"}],"wp:attachment":[{"href":"https:\/\/www.europesays.com\/es\/wp-json\/wp\/v2\/media?parent=750676"}],"wp:term":[{"taxonomy":"category","embeddable":true,"href":"https:\/\/www.europesays.com\/es\/wp-json\/wp\/v2\/categories?post=750676"},{"taxonomy":"post_tag","embeddable":true,"href":"https:\/\/www.europesays.com\/es\/wp-json\/wp\/v2\/tags?post=750676"}],"curies":[{"name":"wp","href":"https:\/\/api.w.org\/{rel}","templated":true}]}}