{"id":750678,"date":"2026-09-06T10:29:20","date_gmt":"2026-09-06T10:29:20","guid":{"rendered":"https:\/\/www.europesays.com\/es\/750678\/"},"modified":"2026-09-06T10:29:20","modified_gmt":"2026-09-06T10:29:20","slug":"audiencias-tv-ayer-malas-lenguas-noche-gana-el-primer-duelo-del-curso-a-lasexta-xplica-el-cine-de-telecinco-lidera-y-angel-llacer-pincha-en-antena-3","status":"publish","type":"post","link":"https:\/\/www.europesays.com\/es\/750678\/","title":{"rendered":"Audiencias TV ayer: &#8216;Malas Lenguas Noche&#8217; gana el primer duelo del curso a &#8216;laSexta Xplica&#8217;, el cine de Telecinco lidera y \u00c0ngel Ll\u00e0cer pincha en Antena 3"},"content":{"rendered":"<p class=\"ft-text\">Sorpresa may\u00fascula en las audiencias del primer s\u00e1bado de septiembre. El segundo especial de<strong> &#8216;Una fiesta de muerte&#8217;<\/strong> pincha en Antena 3 y pierde m\u00e1s de cuatro puntos respecto a su estreno, qued\u00e1ndose con un flojo <strong>8,5% y 662.000 <\/strong>espectadores, que vieron como Susi Caramelo se convert\u00eda en la mejor investigadora. <\/p>\n<p class=\"ft-text\">Por su parte, Telecinco aprovech\u00f3 su sesi\u00f3n  de Cine 5 estrellas y con la comedia &#8216;<strong>Odio el verano&#8217; <\/strong>da el primer golpe al liderar con un <strong>9,8% y 757.000<\/strong> seguidores. La otra oferta de cine, tambi\u00e9n de Mediaset, fue la de Cuatro, que consigui\u00f3 la cuarta plaza del r\u00e1nking con un <strong>6,8% y 530.000 <\/strong>apoyos. <\/p>\n<p class=\"ft-text\">En cuanto a las tertulias de actualidad, <strong>&#8216;Malas Lenguas Noche&#8217; <\/strong>confirm\u00f3 su dominio y ni siquiera la vuelta de <strong>Jos\u00e9 Y\u00e9lamo<\/strong> para inaugurar la temporada de <strong>&#8216;laSexta Xplica&#8217;, <\/strong>pudo bajar el rendimiento de <strong>Jes\u00fas Cintora<\/strong> y los suyos, que se impusieron con un <strong>6,5% y 399.000 fieles. <\/strong>Por su parte, el programa de laSexta se conforma con un 5,3% y  336.000 televidentes. <\/p>\n<p class=\"ft-text\">Por \u00faltimo, La 1 sigui\u00f3 emitiendo la serie &#8216;La amiga estupenda&#8217; despu\u00e9s de su gran rendimiento en La 2. En esta segunda semana en el primer canal de TVE, los tres cap\u00edtulos de estreno firmaron un <strong>7,3%<\/strong>, un <strong>8,2%<\/strong> y un <strong>11,7%<\/strong>. <\/p>\n<p>PRIME TIME Telecinco<\/p>\n<p class=\"ft-text\">Cine 5 estrellas: Odio el verano: 9,8% y 757.000<\/p>\n<p>Antena 3<\/p>\n<p class=\"ft-text\">Una fiesta de muerte: 8,5% y 662.000<\/p>\n<p>La 1<\/p>\n<p class=\"ft-text\">Informe Semanal: 7,6% y 586.000<\/p>\n<p class=\"ft-text\">Una amiga estupenda: 7,3% y 589.000 \/  8,2% y 611.000 \/ 11,7% y 653.000<\/p>\n<p><strong>Cuatro<\/strong> <\/p>\n<p class=\"ft-text\">First Dates: 5,2% y 400.000<\/p>\n<p class=\"ft-text\">El Blockbuster: 6,8% y 530.000<\/p>\n<p>laSexta<\/p>\n<p class=\"ft-text\">S\u00e1bado Clave: 3,9% y 281.000<\/p>\n<p class=\"ft-text\">laSexta Xplica: 5,3% y 336.000<\/p>\n<p>La 2<\/p>\n<p class=\"ft-text\">Cifras y letras: 2% y 146.000<\/p>\n<p class=\"ft-text\">Malas Lenguas Noche: 6,5% y 399.000<\/p>\n<p>TARDELa 1<\/p>\n<p class=\"ft-text\">La Vuelta: 13,2% y 1.154.000<\/p>\n<p>Telecinco<\/p>\n<p class=\"ft-text\">Fiesta: 8,2% y 631.000<\/p>\n<p>Cuatro<\/p>\n<p class=\"ft-text\">Home Cinema: Reacci\u00f3n en cadena: 8,4% y 728.000<\/p>\n<p>MA\u00d1ANAAntena 3<\/p>\n<p class=\"ft-text\">La ruleta de la suerte: 19,7% y 1.279.000<\/p>\n<p>La 1<\/p>\n<p class=\"ft-text\">D Coraz\u00f3n: 10,1% y 545.000<\/p>\n<p><strong>INFORMATIVOS<\/strong> TARDE<\/p>\n<p class=\"ft-text\">Antena 3 Noticias 1: 22% y 1.851.000<\/p>\n<p class=\"ft-text\">Noticias Cuatro 1: 9,4% y 583.000<\/p>\n","protected":false},"excerpt":{"rendered":"Sorpresa may\u00fascula en las audiencias del primer s\u00e1bado de septiembre. El segundo especial de &#8216;Una fiesta de muerte&#8217;&hellip;\n","protected":false},"author":2,"featured_media":750679,"comment_status":"","ping_status":"","sticky":false,"template":"","format":"standard","meta":{"footnotes":""},"categories":[171],"tags":[1554,1153,2594,99065,9692,4040,2509,5659,29240,146,147,25,24,4355,1783,5079,9463,2289,65672,9462,19600,193,9989,3397,1971,292,23,692,214,3156,5623],"class_list":["post-750678","post","type-post","status-publish","format-standard","has-post-thumbnail","category-tv","tag-1554","tag-1153","tag-angel","tag-angel-llacer","tag-antena","tag-antena-3","tag-audiencias","tag-audiencias-television","tag-ayer","tag-entertainment","tag-entretenimiento","tag-es","tag-espana","tag-gana","tag-la","tag-la-sexta","tag-lenguas","tag-lidera","tag-llacer","tag-malas","tag-malas-lenguas","tag-noche","tag-pincha","tag-sabado","tag-septiembre","tag-sexta","tag-spain","tag-telecinco","tag-tv","tag-tve","tag-xplica"],"share_on_mastodon":{"url":"","error":""},"_links":{"self":[{"href":"https:\/\/www.europesays.com\/es\/wp-json\/wp\/v2\/posts\/750678","targetHints":{"allow":["GET"]}}],"collection":[{"href":"https:\/\/www.europesays.com\/es\/wp-json\/wp\/v2\/posts"}],"about":[{"href":"https:\/\/www.europesays.com\/es\/wp-json\/wp\/v2\/types\/post"}],"author":[{"embeddable":true,"href":"https:\/\/www.europesays.com\/es\/wp-json\/wp\/v2\/users\/2"}],"replies":[{"embeddable":true,"href":"https:\/\/www.europesays.com\/es\/wp-json\/wp\/v2\/comments?post=750678"}],"version-history":[{"count":0,"href":"https:\/\/www.europesays.com\/es\/wp-json\/wp\/v2\/posts\/750678\/revisions"}],"wp:featuredmedia":[{"embeddable":true,"href":"https:\/\/www.europesays.com\/es\/wp-json\/wp\/v2\/media\/750679"}],"wp:attachment":[{"href":"https:\/\/www.europesays.com\/es\/wp-json\/wp\/v2\/media?parent=750678"}],"wp:term":[{"taxonomy":"category","embeddable":true,"href":"https:\/\/www.europesays.com\/es\/wp-json\/wp\/v2\/categories?post=750678"},{"taxonomy":"post_tag","embeddable":true,"href":"https:\/\/www.europesays.com\/es\/wp-json\/wp\/v2\/tags?post=750678"}],"curies":[{"name":"wp","href":"https:\/\/api.w.org\/{rel}","templated":true}]}}