{"id":750682,"date":"2026-09-06T10:33:19","date_gmt":"2026-09-06T10:33:19","guid":{"rendered":"https:\/\/www.europesays.com\/es\/750682\/"},"modified":"2026-09-06T10:33:19","modified_gmt":"2026-09-06T10:33:19","slug":"asi-fue-la-reaccion-de-ibai-gomez-al-gol-de-espiau-para-el-real-zaragoza-en-el-minuto-90","status":"publish","type":"post","link":"https:\/\/www.europesays.com\/es\/750682\/","title":{"rendered":"As\u00ed fue la reacci\u00f3n de Ibai G\u00f3mez al gol de Espiau para el Real Zaragoza en el minuto 90"},"content":{"rendered":"<p class=\"c-paragraph\">Fue un momento de liberaci\u00f3n total para todo el zaragocismo. Simplemente era un gol ante un equipo de Primera RFEF como el Antequera, pero tambi\u00e9n era algo m\u00e1s. El tanto de Edu Espiau, que dio<a href=\"https:\/\/www.heraldo.es\/noticias\/deportes\/futbol\/real-zaragoza\/2026\/09\/05\/espiau-da-real-zaragoza-primera-alegria-temporada-minuto-90-2049812.html\" title=\"Espiau da al Real Zaragoza la primera alegr\u00eda de la temporada en el minuto 90\" rel=\"nofollow noopener\" target=\"_blank\"> la victoria al Real Zaragoza en el minuto 90<\/a>, permiti\u00f3 al equipo y a la afici\u00f3n saber que s\u00ed, <b>que se puede volver a ganar partidos.<\/b><\/p>\n<p class=\"c-paragraph\">El encuentro ante el conjunto malague\u00f1o no fue sencillo, especialmente en una primera parte en la que los visitantes pudieron adelantarse en el marcador.<b> El buen juego, pese a la derrota, de Tarragona, se diluy\u00f3 por completo, desapareci\u00f3.<\/b> Lo mejor al descanso fue el resultado.<\/p>\n<p class=\"c-paragraph\">Los cambios en el intermedio, hasta tres, dieron sus frutos, y Sangalli, Jard\u00ed y Pereira mejoraron al Real Zaragoza. En la segunda parte, el equipo local tuvo m\u00e1s bal\u00f3n y lo jug\u00f3 con m\u00e1s intenci\u00f3n, aunque esto no provocara un torrente de ocasiones.<b> La m\u00e1s clara fue el penalti que Ander Herrera mand\u00f3 al poste.<\/b> Parec\u00eda que, esta vez, tampoco iba a poder ser.<\/p>\n<p class=\"c-paragraph\">Hasta que en el minuto 90 apareci\u00f3 el centro de Jard\u00ed, la dejada de Diego Gonz\u00e1lez y el gol con el muslo -como pudo- de Edu Espiau. El tanto desat\u00f3 la euforia del Ibercaja Estadio, y tambi\u00e9n de su entrenador. <b>Ibai G\u00f3mez celebr\u00f3 con rabia el tanto. <\/b>Cerr\u00f3 el pu\u00f1o y agit\u00f3 el brazo en varias ocasiones, liberando toda la tensi\u00f3n que llevaba dentro. El t\u00e9cnico bilba\u00edno es consciente de que sus buenas intenciones, y el buen juego de su equipo por momentos, debe traducirse en resultados. Si no, problemas. El gol de Edu Espiau permiti\u00f3 atar los primeros puntos y afrontar la nueva semana con un aire distinto en el vestuario y en el entorno.<\/p>\n","protected":false},"excerpt":{"rendered":"Fue un momento de liberaci\u00f3n total para todo el zaragocismo. Simplemente era un gol ante un equipo de&hellip;\n","protected":false},"author":2,"featured_media":750683,"comment_status":"","ping_status":"","sticky":false,"template":"","format":"standard","meta":{"footnotes":""},"categories":[93],"tags":[8722,168,25,24,11128,4190,3659,9173,23,167],"class_list":["post-750682","post","type-post","status-publish","format-standard","has-post-thumbnail","category-deportes","tag-asi","tag-deportes","tag-es","tag-espana","tag-fue","tag-gomez","tag-ibai","tag-reaccion","tag-spain","tag-sports"],"share_on_mastodon":{"url":"https:\/\/pubeurope.com\/@es\/117223647259142255","error":""},"_links":{"self":[{"href":"https:\/\/www.europesays.com\/es\/wp-json\/wp\/v2\/posts\/750682","targetHints":{"allow":["GET"]}}],"collection":[{"href":"https:\/\/www.europesays.com\/es\/wp-json\/wp\/v2\/posts"}],"about":[{"href":"https:\/\/www.europesays.com\/es\/wp-json\/wp\/v2\/types\/post"}],"author":[{"embeddable":true,"href":"https:\/\/www.europesays.com\/es\/wp-json\/wp\/v2\/users\/2"}],"replies":[{"embeddable":true,"href":"https:\/\/www.europesays.com\/es\/wp-json\/wp\/v2\/comments?post=750682"}],"version-history":[{"count":0,"href":"https:\/\/www.europesays.com\/es\/wp-json\/wp\/v2\/posts\/750682\/revisions"}],"wp:featuredmedia":[{"embeddable":true,"href":"https:\/\/www.europesays.com\/es\/wp-json\/wp\/v2\/media\/750683"}],"wp:attachment":[{"href":"https:\/\/www.europesays.com\/es\/wp-json\/wp\/v2\/media?parent=750682"}],"wp:term":[{"taxonomy":"category","embeddable":true,"href":"https:\/\/www.europesays.com\/es\/wp-json\/wp\/v2\/categories?post=750682"},{"taxonomy":"post_tag","embeddable":true,"href":"https:\/\/www.europesays.com\/es\/wp-json\/wp\/v2\/tags?post=750682"}],"curies":[{"name":"wp","href":"https:\/\/api.w.org\/{rel}","templated":true}]}}