{"id":750684,"date":"2026-09-06T10:34:19","date_gmt":"2026-09-06T10:34:19","guid":{"rendered":"https:\/\/www.europesays.com\/es\/750684\/"},"modified":"2026-09-06T10:34:19","modified_gmt":"2026-09-06T10:34:19","slug":"la-biotech-que-luchara-contra-el-alzheimer-desde-australia-en-los-foros-de-inversion-ser-espanol-es-un-handicap","status":"publish","type":"post","link":"https:\/\/www.europesays.com\/es\/750684\/","title":{"rendered":"La &#8216;biotech&#8217; que luchar\u00e1 contra el alzh\u00e9imer desde Australia: \u00abEn los foros de inversi\u00f3n, ser espa\u00f1ol es un h\u00e1ndicap\u00bb"},"content":{"rendered":"<p id=\"paragraph_1\">Uno de los tratamientos m\u00e1s avanzados del mundo contra el <a data-forcefollow=\"false\" data-sponsored=\"false\" href=\"https:\/\/www.elespanol.com\/omicrono\/tecnologia\/20260801\/ia-espanola-analiza-sueno-diagnosticar-alzheimer-anos-aparicion-sintomas\/1003744335253_0.html?utm_cmp_rs=linksinline\" rel=\"nofollow noopener\" target=\"_blank\">alzh\u00e9imer <\/a>es espa\u00f1ol y se va a probar&#8230; en las ant\u00edpodas. Tetraneuron, una escisi\u00f3n del Instituto Cajal, del Consejo Superior de Investigaciones Cient\u00edficas (CSIC), ha anunciado que iniciar\u00e1, en Australia, los <strong>ensayos cl\u00ednicos de una prometedora terapia g\u00e9nica contra esta demencia<\/strong>.<\/p>\n<p class=\"paragraph\" id=\"paragraph_2\">\u00abEs un hito impresionante para nosotros, pero tambi\u00e9n para la ciencia espa\u00f1ola, estar en la frontera de la medicina y la investigaci\u00f3n\u00bb, explica a EL ESPA\u00d1OL-Invertia <strong>\u00c1ngel Lucio Pereira<\/strong>, CEO de la compa\u00f1\u00eda.<\/p>\n<p class=\"paragraph\" id=\"paragraph_3\">\u00abNos sentimos orgullosos de ser una compa\u00f1\u00eda en esa frontera, representando al panorama cient\u00edfico espa\u00f1ol. Si [la terapia g\u00e9nica contra el alzh\u00e9imer] sale adelante, ser\u00e1 uno de los hitos cient\u00edficos de la \u00faltima d\u00e9cada\u00bb, comenta.<\/p>\n<p><img loading=\"lazy\" decoding=\"async\" alt=\"Pacientes de alzh\u00e9imer haciendo ejercicio en Benalm\u00e1dena (M\u00e1laga).\" height=\"240\" src=\"https:\/\/www.europesays.com\/es\/wp-content\/uploads\/2026\/09\/h:240&#038;h=yN9-NBzq.jpeg\" width=\"320\" data-lazy-status=\"processed\" data-lazy-info=\"remove loading item 1\"\/><\/p>\n<p class=\"paragraph\" id=\"paragraph_4\">La terapia, TET-101, consiste en una inyecci\u00f3n en el l\u00edquido cefalorraqu\u00eddeo de unos virus modificados para que introduzcan una copia correcta de gen E2F4, una variante neuroprotectora de una prote\u00edna que regula procesos esenciales del funcionamiento neuronal.<\/p>\n<p class=\"paragraph\" id=\"paragraph_5\">La prote\u00edna y su funci\u00f3n fueron descubiertas hace m\u00e1s de una d\u00e9cada por <a data-forcefollow=\"false\" data-sponsored=\"false\" href=\"https:\/\/www.elespanol.com\/ciencia\/salud\/20220921\/e2f4dn-revolucionaria-terapia-spain-nueva-curar-alzheimer\/704679901_0.html?utm_cmp_rs=linksinline\" rel=\"nofollow noopener\" target=\"_blank\">Jos\u00e9 Mar\u00eda Frade<\/a>, l\u00edder del laboratorio de Generaci\u00f3n y Degeneraci\u00f3n Neuronal de Vertebrados, perteneciente al Instituto Cajal.<\/p>\n<p class=\"paragraph\" id=\"paragraph_6\">Era un hallazgo tan prometedor que fund\u00f3 Tetraneuron para captar financiaci\u00f3n que le permitiera hacer el desarrollo de una terapia a nivel precl\u00ednico (en animales) y, ahora, llega el cl\u00ednico.<\/p>\n<p class=\"paragraph\" id=\"paragraph_7\">En marzo de 2027 dar\u00e1 comienzo un <strong>peque\u00f1o ensayo con nueve pacientes con alzh\u00e9imer moderado del hospital St. Vincent&#8217;s de Melbourne<\/strong>.<\/p>\n<p class=\"paragraph\" id=\"paragraph_8\">Los primeros ensayos de una terapia nueva suelen hacerse en voluntarios sanos para calibrar su seguridad pero, al tratarse de un tratamiento modificador que \u00abse inyecta una vez y luego no se puede cambiar\u00bb, decidieron hacerlo directamente en pacientes, explica Pereira.<\/p>\n<p class=\"paragraph\" id=\"paragraph_9\">\u00abHacemos diferentes grupos y probamos una dosis ascendente. No hay placebo. Lo probamos en pacientes en que ha avanzado la demencia porque est\u00e1n desahuciados, los f\u00e1rmacos que se est\u00e1n aprobando ahora van dirigidos a las formas leves. Adem\u00e1s, pensamos que podemos ver una mejora m\u00e1s r\u00e1pida de los marcadores de eficacia de las funciones cognitivas\u00bb, a\u00f1ade.<\/p>\n<p>Entornos \u00e1giles<\/p>\n<p class=\"paragraph\" id=\"paragraph_10\">Pereira explica que la raz\u00f3n de irse hasta Australia para ensayar la terapia es que no hay tiempo que perder.<\/p>\n<p class=\"paragraph\" id=\"paragraph_11\">\u00abEmpezamos las conversaciones con la EMA (Agencia Europea del Medicamento) y la FDA (la agencia estadounidense) y la agencia australiana al mismo tiempo, y el ecosistema australiano ha sido mucho m\u00e1s \u00e1gil. Delegan las autorizaciones a los propios hospitales y hay menos cuellos de botella en la evaluaci\u00f3n\u00bb, dice.<\/p>\n<p class=\"paragraph\" id=\"paragraph_12\">Espa\u00f1a tiene un gran nivel en la gesti\u00f3n de las \u00faltimas fases de los ensayos cl\u00ednicos (las previas a la aprobaci\u00f3n) pero todav\u00eda \u00abcuesta acoger ensayos en fase 1, lamentablemente\u00bb.<\/p>\n<p class=\"paragraph\" id=\"paragraph_13\">Si todo va bien, esperan tener los <strong>primeros resultados en el \u00faltimo trimestre de 2027<\/strong> y plantear\u00e1n los pr\u00f3ximos avances, sin perder tiempo.<\/p>\n<p class=\"paragraph\" id=\"paragraph_14\">Pereira entr\u00f3 en Tetraneuron en 2020 y es CEO de la compa\u00f1\u00eda desde hace algo m\u00e1s de un a\u00f1o, para impulsar la captaci\u00f3n de fondos a nivel internacional.<\/p>\n<p class=\"paragraph\" id=\"paragraph_15\">El desarrollo de una terapia g\u00e9nica cuesta mucho dinero: la compa\u00f1\u00eda acumula 14 millones de euros de inversi\u00f3n desde su nacimiento, de los que cuatro son de financiaci\u00f3n p\u00fablica, pero no ha sido f\u00e1cil.<\/p>\n<p><img decoding=\"async\" alt=\"De arriba a abajo, Rub\u00e9n Polo, Ignacio del Castillo y Manuel Manrique, quienes han participado en el ensayo CHORD.\" height=\"960\" loading=\"lazy\" width=\"1706\" data-lazy-status=\"processed\" id=\"0aa0ab160c\" src=\"https:\/\/www.elespanol.com\/invertia\/observatorios\/sanidad\/20260905\/biotech-luchara-alzheimer-australia-foros-inversion-espanol-handicap\/[\" https:=\"\" data-lazy-info=\"changed src\"\/><\/p>\n<p class=\"paragraph\" id=\"paragraph_16\">\u00abSer espa\u00f1ol es un h\u00e1ndicap cuando vamos por el mundo con un descubrimiento cient\u00edfico tan puntero\u00bb, reconoce a este peri\u00f3dico.<\/p>\n<p class=\"paragraph\" id=\"paragraph_17\">\u00ab<strong>Cuando voy a los foros de inversi\u00f3n y <\/strong><strong>venture capital<\/strong><strong> y no vengo de Boston, San Diego, Zurich o Londres, nos miran con escepticismo<\/strong>. Por suerte, cuando alguno de los inversores muestra una mente m\u00e1s abierta, descubre empresas como la nuestra, a la vanguardia, y apuesta por nosotros\u00bb.<\/p>\n<p class=\"paragraph\" id=\"paragraph_18\">Durante a\u00f1os, la financiaci\u00f3n de Tetraneuron era privada y a nivel nacional. Pereira entr\u00f3 \u00abpara poner a la empresa en el mercado global y salir de la esfera espa\u00f1ola, porque aqu\u00ed los recursos son muy limitados\u00bb.<\/p>\n<p class=\"paragraph\" id=\"paragraph_19\">En esa estrategia de internacionalizaci\u00f3n entr\u00f3 uno de los neurocient\u00edficos espa\u00f1oles m\u00e1s prestigiosos, <a data-forcefollow=\"false\" data-sponsored=\"false\" href=\"https:\/\/www.elespanol.com\/ciencia\/salud\/20240511\/pascual-leone-neurologo-harvard-dinero-proposito-vital-no-bueno-cerebro\/854164749_0.html?utm_cmp_rs=linksinline\" rel=\"nofollow noopener\" target=\"_blank\">\u00c1lvaro Pascual-Leone<\/a>, catedr\u00e1tico de neurolog\u00eda en la Escuela M\u00e9dica de Harvard y director m\u00e9dico de Tetraneuron.<\/p>\n<p class=\"paragraph\" id=\"paragraph_20\">\u00abNos ha ayudado mucho, hemos hecho un gran trabajo de internacionalizaci\u00f3n, hablando con muchos inversores, y <strong>estamos a las puertas de abrir una nueva ronda que atraiga a inversores profesionales<\/strong> y que nos ayuden a empujar a Tetraneuron y a Espa\u00f1a hacia el radar de los sitios de donde sale la ciencia disruptora\u00bb.<\/p>\n<p class=\"paragraph\" id=\"paragraph_21\">El futuro de Tetraneuron no est\u00e1 solo en alzh\u00e9imer. Al ser una prote\u00edna reguladora de funciones neuronales, E2F4 juega un papel importante en otras condiciones neurodegenerativas como el p\u00e1rkinson y la senescencia.<\/p>\n<p class=\"paragraph\" id=\"paragraph_22\">\u00abEstamos desarrollando estas v\u00edas en paralelo porque cada d\u00eda de espera es un d\u00eda menos de patente y de tu producto en el mercado. Con los recursos que tenemos, aceleramos las v\u00edas de ingreso. Hemos hecho ya la precl\u00ednica en ratones, con resultados impactantes. Pueden tener un gran potencial y ya estamos registrando la patente en Europa y EEUU\u00bb.<\/p>\n","protected":false},"excerpt":{"rendered":"Uno de los tratamientos m\u00e1s avanzados del mundo contra el alzh\u00e9imer es espa\u00f1ol y se va a probar&#8230;&hellip;\n","protected":false},"author":2,"featured_media":750685,"comment_status":"","ping_status":"","sticky":false,"template":"","format":"standard","meta":{"footnotes":""},"categories":[92],"tags":[3350,25,24,165,8311,166,1811,81693,23],"class_list":["post-750684","post","type-post","status-publish","format-standard","has-post-thumbnail","category-salud","tag-alzheimer","tag-es","tag-espana","tag-health","tag-observatorio-de-la-sanidad","tag-salud","tag-sanidad","tag-sanidad-industria","tag-spain"],"share_on_mastodon":{"url":"","error":""},"_links":{"self":[{"href":"https:\/\/www.europesays.com\/es\/wp-json\/wp\/v2\/posts\/750684","targetHints":{"allow":["GET"]}}],"collection":[{"href":"https:\/\/www.europesays.com\/es\/wp-json\/wp\/v2\/posts"}],"about":[{"href":"https:\/\/www.europesays.com\/es\/wp-json\/wp\/v2\/types\/post"}],"author":[{"embeddable":true,"href":"https:\/\/www.europesays.com\/es\/wp-json\/wp\/v2\/users\/2"}],"replies":[{"embeddable":true,"href":"https:\/\/www.europesays.com\/es\/wp-json\/wp\/v2\/comments?post=750684"}],"version-history":[{"count":0,"href":"https:\/\/www.europesays.com\/es\/wp-json\/wp\/v2\/posts\/750684\/revisions"}],"wp:featuredmedia":[{"embeddable":true,"href":"https:\/\/www.europesays.com\/es\/wp-json\/wp\/v2\/media\/750685"}],"wp:attachment":[{"href":"https:\/\/www.europesays.com\/es\/wp-json\/wp\/v2\/media?parent=750684"}],"wp:term":[{"taxonomy":"category","embeddable":true,"href":"https:\/\/www.europesays.com\/es\/wp-json\/wp\/v2\/categories?post=750684"},{"taxonomy":"post_tag","embeddable":true,"href":"https:\/\/www.europesays.com\/es\/wp-json\/wp\/v2\/tags?post=750684"}],"curies":[{"name":"wp","href":"https:\/\/api.w.org\/{rel}","templated":true}]}}