{"id":750712,"date":"2026-09-06T10:55:27","date_gmt":"2026-09-06T10:55:27","guid":{"rendered":"https:\/\/www.europesays.com\/es\/750712\/"},"modified":"2026-09-06T10:55:27","modified_gmt":"2026-09-06T10:55:27","slug":"critica-de-la-pelicula-dulce-sabor-a-muerte-ninos-y-mal-gusto","status":"publish","type":"post","link":"https:\/\/www.europesays.com\/es\/750712\/","title":{"rendered":"Cr\u00edtica de la pel\u00edcula &#8216;Dulce sabor a muerte&#8217;: ni\u00f1os y mal gusto"},"content":{"rendered":"<p class=\"c-paragraph\">Por su ra\u00edz chocante, las pel\u00edculas sobre ni\u00f1os malignos incomodan y perturban. En la tem\u00e1tica, explorada por el terror desde distintos cauces, aparecen t\u00edtulos como Los chicos del ma\u00edz, la espa\u00f1ola \u00bfQui\u00e9n puede matar a un ni\u00f1o? o El pueblo de los malditos. <a href=\"https:\/\/www.heraldo.es\/noticias\/ocio-y-cultura\/2023\/11\/16\/eli-roth-acabar-banado-en-sangre-en-el-rodaje-me-da-mucha-energia-1691313.html\" title=\"Eli Roth: &quot;Acabar ba\u00f1ado en sangre en el rodaje me da mucha energ\u00eda&quot;\" rel=\"nofollow noopener\" target=\"_blank\">Eli Roth<\/a> lleva al extremo la circunstancia en Dulce sabor a muerte, en la que un turbio heladero controla cual flautista de Hamel\u00edn a unos menores \u2018zombificados\u2019 por efecto del helado y que asesinan con disfrute a padres y profesores. El director de Cabin Fever, Hostel, El infierno verde o Black Friday se entrega a fondo a la sangre y a los desmembramientos. <b>Las bestialidades de estos j\u00f3venes empeque\u00f1ecen las de los matarifes ic\u00f3nicos del g\u00e9nero<\/b>. El tono exagerado (con su intenci\u00f3n c\u00f3mica), el rango baj\u00edsimo del reparto adulto y la esencia burda forman parte del juego y se\u00f1alan el tipo de cine que Roth quiere modular, tratamiento que entra\u00f1a unos<b> alicientes no obstante da\u00f1ados por los excesos, el mal gusto y la evidencia de que es su filme peor trabajado.<\/b><\/p>\n","protected":false},"excerpt":{"rendered":"Por su ra\u00edz chocante, las pel\u00edculas sobre ni\u00f1os malignos incomodan y perturban. En la tem\u00e1tica, explorada por el&hellip;\n","protected":false},"author":2,"featured_media":750713,"comment_status":"","ping_status":"","sticky":false,"template":"","format":"standard","meta":{"footnotes":""},"categories":[169],"tags":[177,1497,25230,146,147,25,24,176,175,4920,1257,20303,23],"class_list":["post-750712","post","type-post","status-publish","format-standard","has-post-thumbnail","category-cine","tag-cine","tag-critica","tag-dulce","tag-entertainment","tag-entretenimiento","tag-es","tag-espana","tag-film","tag-movies","tag-muerte","tag-pelicula","tag-sabor","tag-spain"],"share_on_mastodon":{"url":"https:\/\/pubeurope.com\/@es\/117223733951218421","error":""},"_links":{"self":[{"href":"https:\/\/www.europesays.com\/es\/wp-json\/wp\/v2\/posts\/750712","targetHints":{"allow":["GET"]}}],"collection":[{"href":"https:\/\/www.europesays.com\/es\/wp-json\/wp\/v2\/posts"}],"about":[{"href":"https:\/\/www.europesays.com\/es\/wp-json\/wp\/v2\/types\/post"}],"author":[{"embeddable":true,"href":"https:\/\/www.europesays.com\/es\/wp-json\/wp\/v2\/users\/2"}],"replies":[{"embeddable":true,"href":"https:\/\/www.europesays.com\/es\/wp-json\/wp\/v2\/comments?post=750712"}],"version-history":[{"count":0,"href":"https:\/\/www.europesays.com\/es\/wp-json\/wp\/v2\/posts\/750712\/revisions"}],"wp:featuredmedia":[{"embeddable":true,"href":"https:\/\/www.europesays.com\/es\/wp-json\/wp\/v2\/media\/750713"}],"wp:attachment":[{"href":"https:\/\/www.europesays.com\/es\/wp-json\/wp\/v2\/media?parent=750712"}],"wp:term":[{"taxonomy":"category","embeddable":true,"href":"https:\/\/www.europesays.com\/es\/wp-json\/wp\/v2\/categories?post=750712"},{"taxonomy":"post_tag","embeddable":true,"href":"https:\/\/www.europesays.com\/es\/wp-json\/wp\/v2\/tags?post=750712"}],"curies":[{"name":"wp","href":"https:\/\/api.w.org\/{rel}","templated":true}]}}