{"id":750716,"date":"2026-09-06T10:57:16","date_gmt":"2026-09-06T10:57:16","guid":{"rendered":"https:\/\/www.europesays.com\/es\/750716\/"},"modified":"2026-09-06T10:57:16","modified_gmt":"2026-09-06T10:57:16","slug":"los-expertos-alertan-de-una-vuelta-al-cole-en-un-contexto-de-aumento-de-virus-respiratorios-2","status":"publish","type":"post","link":"https:\/\/www.europesays.com\/es\/750716\/","title":{"rendered":"Los expertos alertan de una vuelta al cole en un contexto de aumento de virus respiratorios"},"content":{"rendered":"<p>Las urgencias vienen registrando estos d\u00edas un incremento de actividad motivado por la circulaci\u00f3n de gripe A, covid-19 y otros virus.<\/p>\n<p class=\"wp-block-paragraph\">Redacci\u00f3n Malagaes.com \u00b7 Peri\u00f3dico Digital de M\u00e1laga y su Provincia \u00b7 M\u00e1laga, 5 de septiembre de 2026<\/p>\n<p><a href=\"https:\/\/www.malagaes.com\/servicio-publicidad-online\/\" aria-label=\"banner-billboard-970\u00d7250\" rel=\"nofollow noopener\" target=\"_blank\"><\/p>\n<p><img loading=\"lazy\" decoding=\"async\" src=\"data:image\/svg+xml,%3Csvg%20xmlns=\" http:=\"\" alt=\"\" data-lazy- data-lazy- width=\"970\" height=\"250\" data-lazy-src=\"https:\/\/www.europesays.com\/es\/wp-content\/uploads\/2026\/09\/banner-billboard-970x250-1.png\"\/><\/p>\n<p><\/a><\/p>\n<p class=\"wp-block-paragraph\">La vuelta al cole llega este a\u00f1o precedida por un aumento de las infecciones respiratorias, \u201ccon un\u00a0<strong>incremento aproximado del 20-30% de actividad en Urgencias, coincidiendo con la detecci\u00f3n de casos de gripe A, covid-19 y la circulaci\u00f3n de otros virus respiratorios<\/strong>\u201d, advierte el\u00a0<strong>doctor Manuel Baca<\/strong>, jefe del Servicio de Pediatr\u00eda del Hospital Quir\u00f3nsalud M\u00e1laga. \u00a0<\/p>\n<p class=\"wp-block-paragraph\">Nos encontramos ante la\u00a0<strong>circulaci\u00f3n simult\u00e1nea de distintos virus favorecida por las grandes concentraciones de personas y el contacto estrecho<\/strong>; que son casos leves, aunque tambi\u00e9n se ha detectado un incremento entre ni\u00f1os peque\u00f1os.\u00a0<\/p>\n<p class=\"wp-block-paragraph\">Pero, como subraya el doctor Baca, el fen\u00f3meno adquiere ahora especial relevancia con el comienzo del curso escolar. \u201c<strong>Miles de ni\u00f1os vuelven a pasar varias horas al d\u00eda juntos en aulas, multiplic\u00e1ndose nuevamente las oportunidades de transmisi\u00f3n<\/strong>. Los ni\u00f1os regresan al colegio, ya muchos con mocos y tos, por lo que se prev\u00e9 que aumente a\u00fan m\u00e1s este pico de virus respiratorios\u201d.\u00a0<\/p>\n<p class=\"wp-block-paragraph\">Las grandes concentraciones de personas, durante las Fiestas, en casos como M\u00e1laga; o las vacaciones en familia, en general; han creado unas condiciones especialmente favorables para la transmisi\u00f3n de virus respiratorios: muchas horas de convivencia, proximidad f\u00edsica y concentraci\u00f3n de personas procedentes de distintos lugares, lo que ha promovido un incremento de cuadros respiratorios.<\/p>\n<p class=\"wp-block-paragraph\">Con el regreso al colegio vuelven a producirse algunas de estas circunstancias, especialmente la convivencia prolongada y el contacto estrecho en espacios interiores. El objetivo, insiste el especialista, no es convertir colegios y hogares en espacios est\u00e9riles ni generar alarma ante los habituales mocos y catarros de los primeros meses de curso, sino recuperar medidas sencillas que permitan reducir las posibilidades de transmisi\u00f3n.<\/p>\n<p class=\"wp-block-paragraph\">Entre ellas, el doctor Baca pone especialmente el foco en una medida que ha ganado importancia en los \u00faltimos a\u00f1os:\u00a0<strong>ventilar los espacios,<\/strong>\u00a0<strong>cuidar el aire que respiramos.<\/strong><\/p>\n<p class=\"wp-block-paragraph\">\u201cDurante a\u00f1os hemos identificado prevenci\u00f3n con lavarse las manos. Sigue siendo fundamental, pero hoy sabemos que tambi\u00e9n debemos cuidar el aire que respiramos y\u00a0<strong>ventilar con regularidad los espacios interiores<\/strong>\u201d, explica el pediatra.\u00a0<\/p>\n<p class=\"wp-block-paragraph\">Hablar, toser o estornudar libera part\u00edculas respiratorias que pueden acumularse en lugares cerrados y mal ventilados. Por ello, abrir las ventanas,\u00a0<strong>renovar peri\u00f3dicamente el aire de las aulas y de los hogares y favorecer las actividades al aire libre siempre que sea posible son tambi\u00e9n medidas de prevenci\u00f3n<\/strong>.<\/p>\n<p class=\"wp-block-paragraph\">\u201cNo se trata de convertir el colegio en un espacio est\u00e9ril, sino de recuperar h\u00e1bitos sencillos: lavarse las manos, cubrirse al toser, no compartir botellas, ventilar y evitar acudir a clase cuando el ni\u00f1o est\u00e1 realmente enfermo\u201d, resume Baca.\u00a0<\/p>\n<p class=\"wp-block-paragraph\">La fiebre acompa\u00f1ada de mal estado general, una dificultad respiratoria evidente, un decaimiento importante, los v\u00f3mitos persistentes o la imposibilidad de comer o beber con normalidad son situaciones en las que conviene que el peque\u00f1o permanezca en casa y valorar la consulta con Pediatr\u00eda.<\/p>\n<p class=\"wp-block-paragraph\">En los ni\u00f1os m\u00e1s peque\u00f1os se debe prestar especial atenci\u00f3n a signos como respiraci\u00f3n r\u00e1pida o dificultosa, hundimiento de las costillas al respirar, rechazo persistente de l\u00edquidos, somnolencia excesiva o un empeoramiento llamativo del estado general.<\/p>\n<p class=\"wp-block-paragraph\">Como recomendaci\u00f3n general, el pediatra recomienda medidas sencillas como \u201c<strong>dormir adecuadamente, alimentarse bien, realizar actividad f\u00edsica, tener las vacunas correspondientes a la edad y evitar la exposici\u00f3n al humo del tabaco<\/strong>. Adem\u00e1s,\u00a0<strong>favorecer el juego y las actividades al aire libre<\/strong>, que aportan actividad f\u00edsica, reducen el tiempo de pantallas y aumentan la exposici\u00f3n a la luz natural\u201d.<\/p>\n<p class=\"wp-block-paragraph\">Despu\u00e9s de unas vacaciones en las que suelen relajarse considerablemente los horarios, los d\u00edas previos al comienzo del colegio son un buen momento para adelantar progresivamente la hora de acostarse y levantarse, recuperar los horarios habituales de las comidas y establecer de nuevo una organizaci\u00f3n cotidiana.\u00a0<\/p>\n<p class=\"wp-block-paragraph\">El descanso no s\u00f3lo ayuda a que los ni\u00f1os lleguen menos cansados al colegio.\u00a0<strong>Dormir adecuadamente contribuye al funcionamiento normal del sistema inmunitario y favorece tambi\u00e9n el rendimiento<\/strong>\u00a0y la adaptaci\u00f3n a las nuevas rutinas.\u00a0<\/p>\n<p class=\"wp-block-paragraph\">Los primeros d\u00edas pueden aparecer cansancio, irritabilidad o cierta resistencia a los horarios. \u201cMantener unas rutinas previsibles y concederles un periodo razonable de adaptaci\u00f3n facilita la transici\u00f3n\u201d, recuerda el doctor Baca.\u00a0<\/p>\n<p class=\"wp-block-paragraph\">Malagaes Copyright \u00a9 2003-2026 es una marca registrada. Su reproducci\u00f3n, imitaci\u00f3n, utilizaci\u00f3n o inserci\u00f3n sin nuestra debida autorizaci\u00f3n est\u00e1 prohibida.\u00a0<strong>PERI\u00d3DICO DIGITAL DE MALAGA Y PROVINCIA<\/strong>\u00a0N\u00famero de registro M2871891\u00a0DOMICILIO SOCIAL: Avenida de Barcelona, 24, M\u00e1laga, 29009\u00a0CORREO ELECTR\u00d3NICO:\u00a0info@malagaes.com<\/p>\n<p><img loading=\"lazy\" width=\"620\" height=\"140\" decoding=\"async\" src=\"data:image\/svg+xml,%3Csvg%20xmlns=\" http:=\"\" alt=\"Los expertos alertan de una vuelta al cole en un contexto de aumento de virus respiratorios\" class=\"wp-image-130486\" title=\"Los expertos alertan de una vuelta al cole en un contexto de aumento de virus respiratorios\" data-lazy-src=\"https:\/\/www.malagaes.com\/wp-content\/uploads\/2026\/07\/malagaes-logotipo-horizontal.svg\"\/><br \/>\nNo te pierdas ni un titular de M\u00e1laga<\/p>\n<p>Recibe cada ma\u00f1ana las noticias m\u00e1s importantes de la ciudad, directas a tu correo.<\/p>\n<p>&#13;<br \/>\n\t\t\t\t Visitas: 2&#13;\n\t\t\t<\/p>\n<p>      Descarga gratuita<br \/>\n      Mediakit Publicitario 2026<\/p>\n<p class=\"mkb2026__subtitle\">Audiencia, formatos y tarifas reales de malagaes.com<\/p>\n<p>  <a class=\"mkb2026__cta\" href=\"https:\/\/www.malagaes.com\/wp-content\/uploads\/2026\/08\/Media-kit-diseno-navy-terracota.pdf\" target=\"_blank\" rel=\"noopener nofollow\"><\/p>\n<p>      Ver PDF<\/p>\n<p>  <\/a><\/p>\n","protected":false},"excerpt":{"rendered":"Las urgencias vienen registrando estos d\u00edas un incremento de actividad motivado por la circulaci\u00f3n de gripe A, covid-19&hellip;\n","protected":false},"author":2,"featured_media":750717,"comment_status":"","ping_status":"","sticky":false,"template":"","format":"standard","meta":{"footnotes":""},"categories":[92],"tags":[25,24,165,166,23],"class_list":["post-750716","post","type-post","status-publish","format-standard","has-post-thumbnail","category-salud","tag-es","tag-espana","tag-health","tag-salud","tag-spain"],"share_on_mastodon":{"url":"https:\/\/pubeurope.com\/@es\/117223741671431733","error":""},"_links":{"self":[{"href":"https:\/\/www.europesays.com\/es\/wp-json\/wp\/v2\/posts\/750716","targetHints":{"allow":["GET"]}}],"collection":[{"href":"https:\/\/www.europesays.com\/es\/wp-json\/wp\/v2\/posts"}],"about":[{"href":"https:\/\/www.europesays.com\/es\/wp-json\/wp\/v2\/types\/post"}],"author":[{"embeddable":true,"href":"https:\/\/www.europesays.com\/es\/wp-json\/wp\/v2\/users\/2"}],"replies":[{"embeddable":true,"href":"https:\/\/www.europesays.com\/es\/wp-json\/wp\/v2\/comments?post=750716"}],"version-history":[{"count":0,"href":"https:\/\/www.europesays.com\/es\/wp-json\/wp\/v2\/posts\/750716\/revisions"}],"wp:featuredmedia":[{"embeddable":true,"href":"https:\/\/www.europesays.com\/es\/wp-json\/wp\/v2\/media\/750717"}],"wp:attachment":[{"href":"https:\/\/www.europesays.com\/es\/wp-json\/wp\/v2\/media?parent=750716"}],"wp:term":[{"taxonomy":"category","embeddable":true,"href":"https:\/\/www.europesays.com\/es\/wp-json\/wp\/v2\/categories?post=750716"},{"taxonomy":"post_tag","embeddable":true,"href":"https:\/\/www.europesays.com\/es\/wp-json\/wp\/v2\/tags?post=750716"}],"curies":[{"name":"wp","href":"https:\/\/api.w.org\/{rel}","templated":true}]}}