{"id":750740,"date":"2026-09-06T11:15:15","date_gmt":"2026-09-06T11:15:15","guid":{"rendered":"https:\/\/www.europesays.com\/es\/750740\/"},"modified":"2026-09-06T11:15:15","modified_gmt":"2026-09-06T11:15:15","slug":"si-formentera-ya-era-el-paraiso-esta-casa-cubica-de-los-anos-60-reformada-por-un-duo-de-interioristas-y-con-piscina-es-lo-mas-parecido-al-cielo","status":"publish","type":"post","link":"https:\/\/www.europesays.com\/es\/750740\/","title":{"rendered":"Si Formentera ya era el para\u00edso, esta casa c\u00fabica de los a\u00f1os 60, reformada por un d\u00fao de interioristas y con piscina, es lo m\u00e1s parecido al cielo"},"content":{"rendered":"<p><strong>Una casa de los a\u00f1os 60 en Formentera renace como refugio de vacaciones<\/strong><\/p>\n<p>Las <a href=\"https:\/\/www.revistaad.es\/articulos\/casa-mediterranea-moderna-perfecta-para-recibir-visitas\" target=\"_blank\" rel=\"nofollow noopener\">casas<\/a> suelen conservar los recuerdos durante m\u00e1s tiempo que sus habitantes. Una vivienda de los a\u00f1os 60 situada al borde de las dunas de Formentera perdi\u00f3 su finalidad tras una separaci\u00f3n familiar y, en un primer momento, se alquil\u00f3 como vivienda vacacional. <strong>Fueron Cl\u00e9mence Pirajean y James Lees quienes le dieron una segunda oportunidad, no mediante una reforma radical, sino continuando con delicadeza su historia.<\/strong><\/p>\n<p><img decoding=\"async\" alt=\"Casa de vacaciones en Formentera\" loading=\"lazy\" class=\"ResponsiveImageContainer-dkeESL cQPiWi responsive-image__image\"   src=\"https:\/\/www.europesays.com\/es\/wp-content\/uploads\/2026\/09\/PirajeanLeesFormentera_HIGHRES-137.jpg\"\/><\/p>\n<p>La casa de Cl\u00e9mence Pirajean y James Lees se compone de cubos de distintos tama\u00f1os. En el interior, unieron tres peque\u00f1as habitaciones para crear una amplia zona de estar.<\/p>\n<p>\u00a9 Ana Lui<strong>Una construcci\u00f3n c\u00fabica<\/strong><\/p>\n<p>La casa de vacaciones de los <a href=\"https:\/\/www.revistaad.es\/articulos\/baratas-modulables-e-integradas-en-la-naturaleza-estas-casas-prefabricadas-de-los-anos-60-son-hoy-el-capricho-de-la-elite-francesa\" target=\"_blank\" rel=\"nofollow noopener\">a\u00f1os 60<\/a> se encuentra al final de un camino rural polvoriento. Los \u00faltimos jardines ya dan paso al paisaje de dunas de la isla; los coches rara vez se pierden por aqu\u00ed. Quien pasa por aqu\u00ed lo hace a pie o en bicicleta, de camino a una cala rocosa que, incluso en pleno verano, recibe pocas visitas. Aunque las condiciones clim\u00e1ticas son adversas en Formentera \u2014el aire marino salino, que lleva d\u00e9cadas corroyendo fachadas y metales\u2014, la casa se ha conservado sorprendentemente bien. <strong>El edificio, compuesto por varios vol\u00famenes c\u00fabicos, presenta las caracter\u00edsticas cl\u00e1sicas de la arquitectura <a href=\"https:\/\/www.revistaad.es\/galerias\/30-casas-de-estilo-mediterraneo-donde-querriamos-perdernos-este-verano\" target=\"_blank\" rel=\"nofollow noopener\">mediterr\u00e1nea<\/a>: formas claras, muros gruesos y una relaci\u00f3n directa con el entorno.<\/strong> Cuando Pirajean y Lees visitaron la propiedad, se encontraron con un edificio s\u00f3lido cuyas cualidades hab\u00eda que volver a sacar a la luz tras a\u00f1os de abandono. <strong>En lugar de derribar lo existente y construir de nuevo, se decidieron por una reforma cuidadosa.<\/strong><\/p>\n<p>Cl\u00e9mence Pirajean y James Lees visitan las Islas Baleares con regularidad desde hace 20 a\u00f1os; hasta hace poco ten\u00edan una casa en el casco antiguo de <a href=\"https:\/\/www.revistaad.es\/articulos\/casas-bonitas-ibiza-libro\" target=\"_blank\" rel=\"nofollow noopener\">Ibiza<\/a>. Ya en aquella \u00e9poca, cuando el ambiente all\u00ed les resultaba demasiado bullicioso, tomaban el ferry a Formentera. <strong>Con el nacimiento de sus hijos, madur\u00f3 finalmente la decisi\u00f3n de trasladar de forma permanente la vida familiar a la isla vecina, m\u00e1s tranquila y salvaje.<\/strong><\/p>\n","protected":false},"excerpt":{"rendered":"Una casa de los a\u00f1os 60 en Formentera renace como refugio de vacaciones Las casas suelen conservar los&hellip;\n","protected":false},"author":2,"featured_media":750741,"comment_status":"","ping_status":"","sticky":false,"template":"","format":"standard","meta":{"footnotes":""},"categories":[173],"tags":[229,233,231,230,1530,232,33065,234,146,147,25,24,23,73163],"class_list":["post-750740","post","type-post","status-publish","format-standard","has-post-thumbnail","category-arte-y-diseno","tag-arte","tag-arte-y-diseno","tag-arts","tag-arts-and-design","tag-casas-ad","tag-design","tag-digital_syndication","tag-diseno","tag-entertainment","tag-entretenimiento","tag-es","tag-espana","tag-spain","tag-textbelowcenterfullbleed"],"share_on_mastodon":{"url":"https:\/\/pubeurope.com\/@es\/117223812389399272","error":""},"_links":{"self":[{"href":"https:\/\/www.europesays.com\/es\/wp-json\/wp\/v2\/posts\/750740","targetHints":{"allow":["GET"]}}],"collection":[{"href":"https:\/\/www.europesays.com\/es\/wp-json\/wp\/v2\/posts"}],"about":[{"href":"https:\/\/www.europesays.com\/es\/wp-json\/wp\/v2\/types\/post"}],"author":[{"embeddable":true,"href":"https:\/\/www.europesays.com\/es\/wp-json\/wp\/v2\/users\/2"}],"replies":[{"embeddable":true,"href":"https:\/\/www.europesays.com\/es\/wp-json\/wp\/v2\/comments?post=750740"}],"version-history":[{"count":0,"href":"https:\/\/www.europesays.com\/es\/wp-json\/wp\/v2\/posts\/750740\/revisions"}],"wp:featuredmedia":[{"embeddable":true,"href":"https:\/\/www.europesays.com\/es\/wp-json\/wp\/v2\/media\/750741"}],"wp:attachment":[{"href":"https:\/\/www.europesays.com\/es\/wp-json\/wp\/v2\/media?parent=750740"}],"wp:term":[{"taxonomy":"category","embeddable":true,"href":"https:\/\/www.europesays.com\/es\/wp-json\/wp\/v2\/categories?post=750740"},{"taxonomy":"post_tag","embeddable":true,"href":"https:\/\/www.europesays.com\/es\/wp-json\/wp\/v2\/tags?post=750740"}],"curies":[{"name":"wp","href":"https:\/\/api.w.org\/{rel}","templated":true}]}}