{"id":750742,"date":"2026-09-06T11:17:09","date_gmt":"2026-09-06T11:17:09","guid":{"rendered":"https:\/\/www.europesays.com\/es\/750742\/"},"modified":"2026-09-06T11:17:09","modified_gmt":"2026-09-06T11:17:09","slug":"antena-3-modifica-su-noche-de-los-domingos-con-el-estreno-de-el-secreto","status":"publish","type":"post","link":"https:\/\/www.europesays.com\/es\/750742\/","title":{"rendered":"Antena 3 modifica su noche de los domingos con el estreno de &#8216;El Secreto&#8217;"},"content":{"rendered":"<p>Con <a title=\"&#039;Una nueva vida&#039; a punto de llegar a su desenlace\" href=\"https:\/\/www.larazon.es\/television\/series\/cuando-emite-antena-3-final-nueva-vida_202608316a9599302d7d302217795170.html\" target=\"_blank\" rel=\"nofollow noopener\">&#8216;Una nueva vida&#8217; a punto de llegar a su desenlace<\/a>, Atresmedia ha decidido no esperar m\u00e1s para estrenar su nueva ficci\u00f3n turca. Titulada <b>&#8216;El Secreto&#8217;, la serie llega este domingo 6 de septiembre al prime time de Antena 3<\/b>. Su estreno ser\u00e1 a las 22:00 horas, lo que provocar\u00e1 que el pen\u00faltimo cap\u00edtulo de la superproducci\u00f3n ganadora de 14 premios internacionales se puede ver a las 00:30 horas.<\/p>\n<p>Esta nueva serie se estren\u00f3 en Turqu\u00eda hace un a\u00f1o y, tras emitir su primera temporada, <b>fue renovada por una segunda debido a su gran \u00e9xito<\/b>. La trama sigue las historias de una mujer que enfrenta su primera gran prueba del coraz\u00f3n y de un <b>hombre que intenta reconstruir las piezas del puzle sin resolver en el que se ha convertido su familia<\/b>, con la esperanza de poder volver a confiar de nuevo.<\/p>\n<p>Por un lado, se encuentra el personaje de <b>Serhat<\/b> (Murat Yildirim), un hombre que lleva la responsabilidad como si fuera una armadura. Una ma\u00f1ana, su esposa Berrak sufre un grave accidente y cae en coma. Casualmente, Serhat descubre un secreto que lleva ocultando durante varios a\u00f1os: <b>su mujer dio luz a una ni\u00f1a que dio en adopci\u00f3n y que fue fruto de un romance desconocido<\/b>. Enfadado y perdido, Serhat necesita respuestas sobre la peque\u00f1a Kader que su esposa no puede darle, como el lugar donde se encuentra la ni\u00f1a y qui\u00e9n es el hombre con el que le fue infiel.<\/p>\n<p>Por otro lado, la serie presenta a <b>Zeynep<\/b> (Cemre Baysel), una joven honesta y alegre, que ayuda a su madre en un mercado vendiendo rosas. Casualmente, <b>se encuentra a la peque\u00f1a Kader, infeliz y maltratada en su hogar de adopci\u00f3n<\/b>, y decide salvarla de su situaci\u00f3n. El destino unir\u00e1 a las dos j\u00f3venes en busca de un futuro mejor.<\/p>\n<p>Seg\u00fan ha confirmado el grupo de comunicaci\u00f3n, el estreno de &#8216;El Secreto&#8217; continuar\u00e1 de manera especial en las noches del <b>lunes 7 y martes 8 de septiembre<\/b> tras &#8216;El Hormiguero&#8217;<b>,<\/b> con un avance de sus pr\u00f3ximos episodios antes de la emisi\u00f3n de nuevos cap\u00edtulos de &#8216;En tierra lejana&#8217;, creando as\u00ed un <b>evento de tres noches consecutivas.<\/b><\/p>\n","protected":false},"excerpt":{"rendered":"Con &#8216;Una nueva vida&#8217; a punto de llegar a su desenlace, Atresmedia ha decidido no esperar m\u00e1s para&hellip;\n","protected":false},"author":2,"featured_media":750743,"comment_status":"","ping_status":"","sticky":false,"template":"","format":"standard","meta":{"footnotes":""},"categories":[171],"tags":[4040,151,146,147,25,24,805,23,807,214],"class_list":["post-750742","post","type-post","status-publish","format-standard","has-post-thumbnail","category-tv","tag-antena-3","tag-atresmedia","tag-entertainment","tag-entretenimiento","tag-es","tag-espana","tag-series","tag-spain","tag-television","tag-tv"],"share_on_mastodon":{"url":"https:\/\/pubeurope.com\/@es\/117223820051101333","error":""},"_links":{"self":[{"href":"https:\/\/www.europesays.com\/es\/wp-json\/wp\/v2\/posts\/750742","targetHints":{"allow":["GET"]}}],"collection":[{"href":"https:\/\/www.europesays.com\/es\/wp-json\/wp\/v2\/posts"}],"about":[{"href":"https:\/\/www.europesays.com\/es\/wp-json\/wp\/v2\/types\/post"}],"author":[{"embeddable":true,"href":"https:\/\/www.europesays.com\/es\/wp-json\/wp\/v2\/users\/2"}],"replies":[{"embeddable":true,"href":"https:\/\/www.europesays.com\/es\/wp-json\/wp\/v2\/comments?post=750742"}],"version-history":[{"count":0,"href":"https:\/\/www.europesays.com\/es\/wp-json\/wp\/v2\/posts\/750742\/revisions"}],"wp:featuredmedia":[{"embeddable":true,"href":"https:\/\/www.europesays.com\/es\/wp-json\/wp\/v2\/media\/750743"}],"wp:attachment":[{"href":"https:\/\/www.europesays.com\/es\/wp-json\/wp\/v2\/media?parent=750742"}],"wp:term":[{"taxonomy":"category","embeddable":true,"href":"https:\/\/www.europesays.com\/es\/wp-json\/wp\/v2\/categories?post=750742"},{"taxonomy":"post_tag","embeddable":true,"href":"https:\/\/www.europesays.com\/es\/wp-json\/wp\/v2\/tags?post=750742"}],"curies":[{"name":"wp","href":"https:\/\/api.w.org\/{rel}","templated":true}]}}