{"id":750744,"date":"2026-09-06T11:19:37","date_gmt":"2026-09-06T11:19:37","guid":{"rendered":"https:\/\/www.europesays.com\/es\/750744\/"},"modified":"2026-09-06T11:19:37","modified_gmt":"2026-09-06T11:19:37","slug":"las-mejores-series-y-peliculas-para-ver-este-primer-fin-de-semana-de-septiembre","status":"publish","type":"post","link":"https:\/\/www.europesays.com\/es\/750744\/","title":{"rendered":"Las mejores series y pel\u00edculas para ver este primer fin de semana de septiembre"},"content":{"rendered":"<p>Esta semana,<strong> las recomendaciones<\/strong> recorren territorios muy diferentes<strong>: la Patagonia de comienzos del siglo XX<\/strong>, la soledad de una mujer en un multifamiliar mexicano, el Buenos Aires atravesado por el tango de <strong><a target=\"_blank\" href=\"https:\/\/noticias.perfil.com\/noticias\/cine\/carlos-saura-su-film-argentino-que-casi-gana-el-oscar.phtml\" rel=\"nofollow noopener\">Carlos Saura<\/a> <\/strong>y la intimidad de uno de los m\u00fasicos fundamentales del rock argentino. A la selecci\u00f3n se suman dos grandes regresos: el de <strong><a target=\"_blank\" href=\"https:\/\/www.perfil.com\/noticias\/espectaculos\/la-serie-de-harry-potter-sacudio-al-mundo-con-su-primer-trailer-y-la-serie-ya-tiene-fecha-estreno-a35.phtml\" rel=\"nofollow noopener\">Harry Potter<\/a> <\/strong>a la pantalla y el de<a target=\"_blank\" href=\"https:\/\/www.perfil.com\/noticias\/protagonistas\/oasis-tuvo-su-reencuentro-con-el-publico-argentino-tras-dieciseis-anos-de-ausencia.phtml\" rel=\"nofollow noopener\"><strong> Oasis <\/strong><\/a>a los escenarios, ahora convertido en pel\u00edcula.<\/p>\n<p>    <strong>MUBI<\/strong>    Los Colonos    <\/p>\n<p><strong>Los Colonos<\/strong> de Felipe G\u00e1lvez Haberle con Mark Stanley, Camilo Arancibia y Benjam\u00edn Westfall, se ubica en <strong>la Patagonia, a comienzos del siglo XX. <\/strong>El terrateniente Jos\u00e9 Men\u00e9ndez contrata a tres hombres para despejar sus tierras del pueblo selk&#8217;nam. Al frente va MacLennan, un exsoldado escoc\u00e9s brutal; lo acompa\u00f1an Bill, un mercenario estadounidense, y Segundo, un joven mestizo de punter\u00eda asombrosa. Mientras avanzan hacia el sur, Segundo descubre que la verdadera misi\u00f3n es exterminar a los ind\u00edgenas que habitan la regi\u00f3n.<\/p>\n<p>Moscas    <\/p>\n<p><strong>Moscas <\/strong>es la m\u00e1s reciente pel\u00edcula del aclamado Fernando Eimbcke (Temporada de patos, Club S\u00e1ndwich) y es una conmovedora historia sobre soledad, afectos inesperados y segundas oportunidades.<\/p>\n<p>\n        Esto no les gusta a los autoritarios\n    <\/p>\n<p>\n                El ejercicio del periodismo profesional y cr\u00edtico es un pilar fundamental de la democracia. Por eso molesta a quienes creen ser los due\u00f1os de la verdad.\n            <\/p>\n<p><strong>Filmada totalmente en blanco y negro,<\/strong> la cinta es protagonizada por Teresita S\u00e1nchez (La Camarista, T\u00f3tem), Hugo Ram\u00edrez (Xquipi), Enrique Arreola (Temporada de patos, P\u00e1rpados azules) y Bastian Escobar, en su debut actoral.<\/p>\n<p><strong>Olga vive en un enorme multifamiliar en donde lleva una existencia solitaria, regida por h\u00e1bitos inalterables. <\/strong>Pero cuando, por necesidad econ\u00f3mica, renta un cuarto de su departamento a un hombre quien a escondidas mete tambi\u00e9n a su hijo de nueve a\u00f1os, Olga se enfrenta a lo que m\u00e1s miedo le tiene, la conexi\u00f3n emocional.<\/p>\n<p>    <strong>AMAZON PRIME<\/strong>    Tango    <\/p>\n<p><strong>Tango <\/strong>es un cl\u00e1sico de<strong> Carlos Saura con Miguel \u00c1ngel Sol\u00e1, Cecilia Narova y M\u00eda Maestro.<\/strong> La historia se enfoca en Mario Su\u00e1rez un director de cine y teatro que atraviesa una crisis personal en Buenos Aires. Su ex novia y bailarina principal lo acaba de dejar, y una lesi\u00f3n en la pierna le impide bailar. <\/p>\n<p>Mientras intenta montar un espect\u00e1culo sobre el tango, su inversor, Angelo Larroca, le exige que audiciones a su joven amante, Elena. Mario la convierte en protagonista del show y se enamora de ella, ignorando las advertencias de quienes saben que Angelo es un hombre peligroso.<\/p>\n<p>    <strong>NETFLIX<\/strong>    El mundo cabe en una canci\u00f3n    <\/p>\n<p><strong>El mundo cabe en una canci\u00f3n <\/strong>propone un <strong>retrato personal y cercano de Fito P\u00e1ez.<\/strong> El documental recorre sus pensamientos, experiencias y emociones a trav\u00e9s de una mirada que busca mostrar al m\u00fasico detr\u00e1s del escenario.<\/p>\n<p class=\"destacadoNota\"><a target=\"_blank\" href=\"https:\/\/www.perfil.com\/noticias\/cultura\/luisana-lopilato-se-convierte-en-pepita-la-pistolera-la-nueva-heroina-de-lucia-puenzo-a42.phtml\" rel=\"nofollow noopener\">Luisana Lopilato se convierte en \u201cPepita la pistolera\u201d, la nueva hero\u00edna de Luc\u00eda Puenzo<\/a><\/p>\n<p>El artista habla sobre el amor, los v\u00ednculos, <strong>el paso del tiempo y las experiencias que marcaron su camino<\/strong> tanto personal como profesional y que terminaron convirti\u00e9ndose en canciones. <\/p>\n<p>La m\u00fasica aparece como uno de los ejes centrales para comprender la mirada de P\u00e1ez sobre el mundo. Sus recuerdos y reflexiones permiten acercarse a las distintas etapas de una trayectoria marcada por grandes \u00e9xitos, transformaciones personales y una permanente b\u00fasqueda art\u00edstica.<\/p>\n<p>    <strong>Pr\u00f3ximamente<\/strong>    Serie de Harry Potter    <\/p>\n<p>La nueva serie original de HBO, <strong>Harry Potter y la piedra filosofal<\/strong>, con un total de ocho episodios, la producci\u00f3n se estrenar\u00e1 el 25 de diciembre en HBO Max.<\/p>\n<p>Harry Potter recibe en su cumplea\u00f1os n\u00famero 11 una carta de admisi\u00f3n para la <strong>Escuela Hogwarts de Magia y Hechicer\u00eda<\/strong> que le abre las puertas a un mundo oculto, repleto de diversi\u00f3n, amistad y magia. <\/p>\n<p>La primera temporada de la serie est\u00e1 protagonizada por Dominic McLaughlin (Harry Potter), Arabella Stanton (Hermione Granger) y Alastair Stout (Ron Weasley). El elenco tambi\u00e9n incluye a John Lithgow (Albus Dumbledore), Janet McTeer (Minerva McGonagall), Paapa Essiedu (Severus Snape) y Nick Frost (Rubeus Hagrid), entre otros nombres.<\/p>\n<p>Basada en las aclamadas obras de J.K. Rowling, la serie cuenta con el gui\u00f3n y la producci\u00f3n ejecutiva de Francesca Gardiner. Mark Mylod se desempe\u00f1a como director de varios episodios y productor ejecutivo para HBO, en asociaci\u00f3n con Bront\u00eb Film and TV y Warner Bros. Television. La producci\u00f3n ejecutiva tambi\u00e9n incluye a J.K. Rowling, Neil Blair y Ruth Kenley-Letts (de Bront\u00eb Film and TV), junto a David Heyman (de Heyday Films).<\/p>\n<p>    Oasis presenta \u00abDon&#8217;t Look Back in Anger\u00bb, el documental sobre su regreso    <\/p>\n<p><strong>Llega a cines y salas Imax de Argentina el pr\u00f3ximo 10 de septiembre<\/strong>. La pel\u00edcula sigue de cerca a Noel y Liam Gallagher durante una de las reuniones m\u00e1s esperadas en la historia del rock. <strong>La gira Oasis Live &#8217;25<\/strong> vio el regreso de la banda a los escenarios 16 a\u00f1os despu\u00e9s de una abrupta separaci\u00f3n, pasando por 14 pa\u00edses con 40 conciertos que finalizaron en Sudam\u00e9rica, dejando dos recitales memorables en el estadio River Plate.<\/p>\n<p>El filme, producido por Steven Knight (creador de Peaky Blinders) y dirigido por Dylan Southern y Will Lovelace, incluye acceso a los ensayos y backstage del tour, adem\u00e1s de la primera entrevista conjunta de Noel y Liam en m\u00e1s de 20 a\u00f1os.<\/p>\n<p>RB\/fl<\/p>\n","protected":false},"excerpt":{"rendered":"Esta semana, las recomendaciones recorren territorios muy diferentes: la Patagonia de comienzos del siglo XX, la soledad de&hellip;\n","protected":false},"author":2,"featured_media":750745,"comment_status":"","ping_status":"","sticky":false,"template":"","format":"standard","meta":{"footnotes":""},"categories":[169],"tags":[177,146,147,25,24,176,175,23],"class_list":["post-750744","post","type-post","status-publish","format-standard","has-post-thumbnail","category-cine","tag-cine","tag-entertainment","tag-entretenimiento","tag-es","tag-espana","tag-film","tag-movies","tag-spain"],"share_on_mastodon":{"url":"https:\/\/pubeurope.com\/@es\/117223828267696339","error":""},"_links":{"self":[{"href":"https:\/\/www.europesays.com\/es\/wp-json\/wp\/v2\/posts\/750744","targetHints":{"allow":["GET"]}}],"collection":[{"href":"https:\/\/www.europesays.com\/es\/wp-json\/wp\/v2\/posts"}],"about":[{"href":"https:\/\/www.europesays.com\/es\/wp-json\/wp\/v2\/types\/post"}],"author":[{"embeddable":true,"href":"https:\/\/www.europesays.com\/es\/wp-json\/wp\/v2\/users\/2"}],"replies":[{"embeddable":true,"href":"https:\/\/www.europesays.com\/es\/wp-json\/wp\/v2\/comments?post=750744"}],"version-history":[{"count":0,"href":"https:\/\/www.europesays.com\/es\/wp-json\/wp\/v2\/posts\/750744\/revisions"}],"wp:featuredmedia":[{"embeddable":true,"href":"https:\/\/www.europesays.com\/es\/wp-json\/wp\/v2\/media\/750745"}],"wp:attachment":[{"href":"https:\/\/www.europesays.com\/es\/wp-json\/wp\/v2\/media?parent=750744"}],"wp:term":[{"taxonomy":"category","embeddable":true,"href":"https:\/\/www.europesays.com\/es\/wp-json\/wp\/v2\/categories?post=750744"},{"taxonomy":"post_tag","embeddable":true,"href":"https:\/\/www.europesays.com\/es\/wp-json\/wp\/v2\/tags?post=750744"}],"curies":[{"name":"wp","href":"https:\/\/api.w.org\/{rel}","templated":true}]}}