{"id":750762,"date":"2026-09-06T11:33:44","date_gmt":"2026-09-06T11:33:44","guid":{"rendered":"https:\/\/www.europesays.com\/es\/750762\/"},"modified":"2026-09-06T11:33:44","modified_gmt":"2026-09-06T11:33:44","slug":"badosa-adios-al-us-open-a-los-que-me-odian-a-los-que-dudan-de-mi-me-critican-o-disfrutan-viendome-sufrir-gracias","status":"publish","type":"post","link":"https:\/\/www.europesays.com\/es\/750762\/","title":{"rendered":"Badosa, adi\u00f3s al US Open: \u00abA los que me odian, a los que dudan de m\u00ed, me critican o disfrutan vi\u00e9ndome sufrir\u2026 gracias\u00bb"},"content":{"rendered":"<p data-gtm-element-container=\"modulo-texto-link\" class=\"paragraph\">La espa\u00f1ola<strong> Paula Badosa<\/strong>, 28 a\u00f1os y n\u00ba 87 mundial, se despidi\u00f3 del US Open 2026 en segunda ronda, tras perder ante la estadounidense <strong>Coco Gauff<\/strong>, 22 a\u00f1os y n\u00ba 4, por 6-4 y 7-6 (5) en dos horas de excelente juego de ambas contendientes. La catalana ense\u00f1\u00f3 su juego ascendente y la norteamericana, su candidatura al t\u00edtulo.<\/p>\n<p data-gtm-element-container=\"modulo-texto-link\" class=\"paragraph\">Es un partido muy esperado, \u00abque me hubiera gustado jugar m\u00e1s adelante\u00bb, reconoci\u00f3 Badosa a los micr\u00f3fonos de M+. Le falt\u00f3 un punto m\u00e1s de rodaje para poner incluso en m\u00e1s apuros a la reciente campeona del WTA 1000 de Cincinnati, que domin\u00f3 el US Open en 2023. Luego se impuso en Roland Garros 2023.<\/p>\n<p data-gtm-element-container=\"modulo-texto-link\" class=\"paragraph\">Un mes alejada del circuito, sin haber pisado ning\u00fan torneo de pista dura, pero cuando <strong>Badosa <\/strong>est\u00e1 sana figura en otra categor\u00eda. Por tenis es una top muy evidente. Ha ganado 11 de sus \u00faltimos 14 partidos, el rodaje sobre tierra a finales de julio le ayud\u00f3 a poner las bases de esta progresi\u00f3n.<\/p>\n<p><img decoding=\"async\" loading=\"lazy\" alt=\"Coco Gauff, right, of the United States, embraces Paula Badosa, of Spain, after Gauff won their match in the second round of the U.S. Open tennis championships, Thursday, Sept. 3, 2026, in New York. (AP Photo\/Frank Franklin II)\" src=\"https:\/\/imagenes2.mundodeportivo.com\/files\/content_image_mobile_filter\/uploads\/2026\/09\/04\/6a9aec5413a5f.jpeg\" data-full-src=\"https:\/\/www.europesays.com\/es\/wp-content\/uploads\/2026\/09\/6a9aec5413a5f.jpeg\"\/>Paula Badosa se abraza a Coco Gauff tras perder en el US OpenFrank Franklin II \/ Ap-LaPresse<\/p>\n<p data-gtm-element-container=\"modulo-texto-link\" class=\"paragraph\">Continuar\u00e1 subiendo en el ranking, recuperando un lugar en el top-70, lo que resulta fundamental para entrar en torneos y mejorar los sorteos m\u00e1s adelante. \u00abQuiero volver pronto donde estaba antes\u00bb, asegura. Lleg\u00f3 a militar en el n\u00ba 2 mundial. Ya ha hecho otras escaladas desde fuera del top-100, como en el verano de 2024.<\/p>\n<p data-gtm-element-container=\"modulo-texto-link\" class=\"paragraph\">Est\u00e1 con ganas, combativa. Tambi\u00e9n en las redes sociales. En <strong>X<\/strong> analiz\u00f3 las dos caras de esta plataforma. Los incondicionales y los &#8216;haters&#8217;. Hubo mensajes para ambos. \u00abS\u00e9 que a veces este lugar puede ser muy cruel, as\u00ed que recibir tanto cari\u00f1o y apoyo significa mucho para m\u00ed. Estoy dando todo de m\u00ed para volver a donde quiero estar. Paso a paso, pero lo lograr\u00e9. Como ya saben, rendirme nunca es una opci\u00f3n\u00bb, escribi\u00f3 en su cuenta oficial, en ingl\u00e9s.<\/p>\n<p data-gtm-element-container=\"modulo-texto-link\" class=\"paragraph\">Y un recado a la otra parte. \u00abY a los que me odian, a los que dudan de m\u00ed, me critican o disfrutan vi\u00e9ndome sufrir\u2026 gracias. Solo me recuerdan cu\u00e1nto quiero demostrar que tengo raz\u00f3n. As\u00ed que s\u00ed, tambi\u00e9n los quiero\u00bb, sentenci\u00f3.<\/p>\n<p data-gtm-element-container=\"modulo-texto-link\" class=\"paragraph\"><strong>Badosa <\/strong>asegura que \u00abya he pasado por todas las experiencias posibles en el tenis\u00bb. Ha habido m\u00e1s momentos duros que gratificaciones en forma de resultados, pero disfruta de poder competir al m\u00e1ximo nivel en el deporte que la apasiona desde ni\u00f1a.<\/p>\n<p><img decoding=\"async\" loading=\"lazy\" alt=\"Coco Gauff, left, of the United States, seven to Paula Badosa, of Spain, during the second round of the U.S. Open tennis championships, Thursday, Sept. 3, 2026, in New York. (AP Photo\/Frank Franklin II)\" src=\"https:\/\/imagenes2.mundodeportivo.com\/files\/content_image_mobile_filter\/uploads\/2026\/09\/04\/6a9aec42efdf1.jpeg\" data-full-src=\"https:\/\/www.europesays.com\/es\/wp-content\/uploads\/2026\/09\/6a9aec42efdf1.jpeg\"\/>Paula Badosa, en la pista central del Arthur Ashe Stadium, en Nueva York, su ciudad de nacimientoFrank Franklin II \/ Ap-LaPresse<\/p>\n<p data-gtm-element-container=\"modulo-texto-link\" class=\"paragraph\">En su agenda, el torneo <strong>WTA 250 de Sao Paulo<\/strong>, en Brasil. Del 14 al 20 de septiembre, en pista dura. Badosa contin\u00faa teniendo mucho tir\u00f3n popular, y desde hace semanas tiene garantizada una plaza de honor en el evento, que anunci\u00f3 su inscripci\u00f3n como el fichaje estrella.<\/p>\n<p data-gtm-element-container=\"modulo-texto-link\" class=\"paragraph\">En la relaci\u00f3n se encuentran la canadiense<strong> Leylah Fernandez <\/strong>y las espa\u00f1olas <strong>Jessica Bouzas y Kaitlin Quevedo<\/strong>. El torneo coincide en fechas con el WTA 500 de Guadalajara, en M\u00e9xico.\u00a0<\/p>\n","protected":false},"excerpt":{"rendered":"La espa\u00f1ola Paula Badosa, 28 a\u00f1os y n\u00ba 87 mundial, se despidi\u00f3 del US Open 2026 en segunda&hellip;\n","protected":false},"author":2,"featured_media":750763,"comment_status":"","ping_status":"","sticky":false,"template":"","format":"standard","meta":{"footnotes":""},"categories":[274],"tags":[168,25,24,23,167,327,326],"class_list":["post-750762","post","type-post","status-publish","format-standard","has-post-thumbnail","category-tenis","tag-deportes","tag-es","tag-espana","tag-spain","tag-sports","tag-tenis","tag-tennis"],"share_on_mastodon":{"url":"https:\/\/pubeurope.com\/@es\/117223884610002751","error":""},"_links":{"self":[{"href":"https:\/\/www.europesays.com\/es\/wp-json\/wp\/v2\/posts\/750762","targetHints":{"allow":["GET"]}}],"collection":[{"href":"https:\/\/www.europesays.com\/es\/wp-json\/wp\/v2\/posts"}],"about":[{"href":"https:\/\/www.europesays.com\/es\/wp-json\/wp\/v2\/types\/post"}],"author":[{"embeddable":true,"href":"https:\/\/www.europesays.com\/es\/wp-json\/wp\/v2\/users\/2"}],"replies":[{"embeddable":true,"href":"https:\/\/www.europesays.com\/es\/wp-json\/wp\/v2\/comments?post=750762"}],"version-history":[{"count":0,"href":"https:\/\/www.europesays.com\/es\/wp-json\/wp\/v2\/posts\/750762\/revisions"}],"wp:featuredmedia":[{"embeddable":true,"href":"https:\/\/www.europesays.com\/es\/wp-json\/wp\/v2\/media\/750763"}],"wp:attachment":[{"href":"https:\/\/www.europesays.com\/es\/wp-json\/wp\/v2\/media?parent=750762"}],"wp:term":[{"taxonomy":"category","embeddable":true,"href":"https:\/\/www.europesays.com\/es\/wp-json\/wp\/v2\/categories?post=750762"},{"taxonomy":"post_tag","embeddable":true,"href":"https:\/\/www.europesays.com\/es\/wp-json\/wp\/v2\/tags?post=750762"}],"curies":[{"name":"wp","href":"https:\/\/api.w.org\/{rel}","templated":true}]}}