{"id":750772,"date":"2026-09-06T11:39:14","date_gmt":"2026-09-06T11:39:14","guid":{"rendered":"https:\/\/www.europesays.com\/es\/750772\/"},"modified":"2026-09-06T11:39:14","modified_gmt":"2026-09-06T11:39:14","slug":"vilafranca-rinde-homenaje-a-tomeu-penya-con-la-inauguracion-de-un-busto-en-la-plaza-que-lleva-su-nombre","status":"publish","type":"post","link":"https:\/\/www.europesays.com\/es\/750772\/","title":{"rendered":"Vilafranca rinde homenaje a Tomeu Penya con la inauguraci\u00f3n de un busto en la plaza que lleva su nombre"},"content":{"rendered":"<p class=\"ft-text ft-helper-closenews\"><strong>Tomeu Penya, el m\u00e1s famoso cantautor mallorqu\u00edn, <\/strong>ya tiene el busto que se merece por su larga trayectoria profesional ligada siempre al mundo de la m\u00fasica. La estatua que representa su cara, incluido su popular sombrero, fue presentada el pasado s\u00e1bado en la plaza de Vilafranca, su localidad natal, que precisamente lleva el nombre del artista. El lugar se llen\u00f3 de vecinos que quisieron acompa\u00f1ar a Tomeu Penya en este sencillo, pero a la vez, <a class=\"ft-link ft-link--decoration\" href=\"https:\/\/www.diariodemallorca.es\/fotos\/part-forana\/2026\/09\/06\/vilafranca-rinde-homenaje-tomeu-penya-134000402.html\" rel=\"nofollow noopener\" target=\"_blank\">emotivo acto de presentaci\u00f3n de esta obra.<\/a><\/p>\n<p class=\"ft-text\">La escultura fue encargada y sufragada por <strong>el empresario mallorqu\u00edn T\u00f2fol Rossell\u00f3, <\/strong>amigo \u00edntimo del cantante, con el coincidi\u00f3 en su infancia porque ambos estudiaban juntos en el colegio de la Porc\u00ecncula de Palma. Desde entonces su relaci\u00f3n se ha ido fortaleciendo. La obra ha sido elaborada por <strong>el escultor mallorqu\u00edn Dami\u00e0 Ramis, <\/strong>que tuvo la dificultad de elaborar el busto gui\u00e1ndose \u00fanicamente por unas fotograf\u00edas, sin la presencia f\u00edsica en su estudio del homenajeado, ya que no conoc\u00eda esta iniciativa. La presentaci\u00f3n de la obra coincidi\u00f3 con la<a class=\"ft-link ft-link--decoration\" href=\"https:\/\/www.diariodemallorca.es\/part-forana\/2026\/08\/31\/fira-festa-melo-vilafranca-prepara-fiesta-dulce-fechas-programa-dvl-133796339.html\" rel=\"nofollow noopener\" target=\"_blank\"> fira del Mel\u00f3, que cada a\u00f1o se celebra en Vilafranca.<\/a><\/p>\n<p class=\"ft-text\">Durante el acto estuvo presente <strong>el alcalde de la localidad, Montserrat Rossell\u00f3,<\/strong> que se\u00f1al\u00f3 el orgullo que representa para un pueblo como Vilafranca tener un vecino con una trayectoria tan brillante como artista. El ayuntamiento tambi\u00e9n entreg\u00f3 una placa conmemorativa al cantautor. <\/p>\n<p class=\"ft-text\">Por su parte, el empresario T\u00f2fol Rossell\u00f3, que se mostr\u00f3 especialmente emocionado al poder sufragar este merecido homenaje a su amigo, quiso destacar que las canciones que ha compuesto Tomeu Penya a lo largo de su hist\u00f3rica trayectoria \u201c<strong>cada una representa un himno. Tomeu ha puesto m\u00fasica al sentimiento mallorqu\u00edn\u201d, incidi\u00f3 el amigo del artista.<\/strong><\/p>\n<p class=\"ft-text\">Tomeu Penya, que reconoci\u00f3 que no ten\u00eda la m\u00e1s m\u00ednima noticia de que se hab\u00eda encargado al artista Ramis que elaborara un busto con su rostro, tambi\u00e9n presumi\u00f3 de su localidad natal, como es Vilafranca, y agradeci\u00f3 el homenaje, unido al cari\u00f1o, que le hab\u00edan mostrado sus vecinos durante toda su trayectoria profesional. Y es que el artista, cada vez que tiene ocasi\u00f3n, no duda en resaltar su procedencia y el agradecimiento que tiene por haber nacido y residido en esta localidad de Mallorca. \u201cEn mis 46 a\u00f1os de cantautor las muestras de cari\u00f1o que recibo en mi pueblo valen todo el dinero del mundo. Me siento muy orgulloso de que se\u00e1is mis vecinos\u201d, resalt\u00f3 el artista.<\/p>\n<p class=\"ft-text\">El busto del artista est\u00e1 situado sobre un pedestal de m\u00e1rmol. En la piedra aparecen citadas todas las canciones que ha compuesto el cantante mallorqu\u00edn durante su larga trayectoria profesional.<\/p>\n<p class=\"ft-text\">A medianoche Tomeu Penya actu\u00f3 en Vilafranca, frente a sus vecinos, con motivo de la fira.<\/p>\n<p data-close=\"closedContent\" class=\"subscribeHideForDisplay\">Suscr\u00edbete para seguir leyendo<\/p>\n","protected":false},"excerpt":{"rendered":"Tomeu Penya, el m\u00e1s famoso cantautor mallorqu\u00edn, ya tiene el busto que se merece por su larga trayectoria&hellip;\n","protected":false},"author":2,"featured_media":750773,"comment_status":"","ping_status":"","sticky":false,"template":"","format":"standard","meta":{"footnotes":""},"categories":[173],"tags":[229,233,231,230,45652,232,234,10187,146,147,25,24,1527,15724,2436,23,86152],"class_list":["post-750772","post","type-post","status-publish","format-standard","has-post-thumbnail","category-arte-y-diseno","tag-arte","tag-arte-y-diseno","tag-arts","tag-arts-and-design","tag-busto","tag-design","tag-diseno","tag-emotiva","tag-entertainment","tag-entretenimiento","tag-es","tag-espana","tag-part-forana","tag-penya","tag-presentacion","tag-spain","tag-tomeu"],"share_on_mastodon":{"url":"https:\/\/pubeurope.com\/@es\/117223906819699784","error":""},"_links":{"self":[{"href":"https:\/\/www.europesays.com\/es\/wp-json\/wp\/v2\/posts\/750772","targetHints":{"allow":["GET"]}}],"collection":[{"href":"https:\/\/www.europesays.com\/es\/wp-json\/wp\/v2\/posts"}],"about":[{"href":"https:\/\/www.europesays.com\/es\/wp-json\/wp\/v2\/types\/post"}],"author":[{"embeddable":true,"href":"https:\/\/www.europesays.com\/es\/wp-json\/wp\/v2\/users\/2"}],"replies":[{"embeddable":true,"href":"https:\/\/www.europesays.com\/es\/wp-json\/wp\/v2\/comments?post=750772"}],"version-history":[{"count":0,"href":"https:\/\/www.europesays.com\/es\/wp-json\/wp\/v2\/posts\/750772\/revisions"}],"wp:featuredmedia":[{"embeddable":true,"href":"https:\/\/www.europesays.com\/es\/wp-json\/wp\/v2\/media\/750773"}],"wp:attachment":[{"href":"https:\/\/www.europesays.com\/es\/wp-json\/wp\/v2\/media?parent=750772"}],"wp:term":[{"taxonomy":"category","embeddable":true,"href":"https:\/\/www.europesays.com\/es\/wp-json\/wp\/v2\/categories?post=750772"},{"taxonomy":"post_tag","embeddable":true,"href":"https:\/\/www.europesays.com\/es\/wp-json\/wp\/v2\/tags?post=750772"}],"curies":[{"name":"wp","href":"https:\/\/api.w.org\/{rel}","templated":true}]}}