{"id":750784,"date":"2026-09-06T11:46:17","date_gmt":"2026-09-06T11:46:17","guid":{"rendered":"https:\/\/www.europesays.com\/es\/750784\/"},"modified":"2026-09-06T11:46:17","modified_gmt":"2026-09-06T11:46:17","slug":"paula-echevarria-vuelve-a-sonreir-junto-a-miguel-torres-en-la-boda-de-unos-amigos","status":"publish","type":"post","link":"https:\/\/www.europesays.com\/es\/750784\/","title":{"rendered":"Paula Echevarr\u00eda vuelve a sonre\u00edr junto a Miguel Torres en la boda de unos amigos"},"content":{"rendered":"<p><img decoding=\"async\" class=\"v-ath__i\" loading=\"lazy\" src=\"https:\/\/www.europesays.com\/es\/wp-content\/uploads\/2026\/09\/1788695177_601_autor-5497-foto-3.jpeg\" alt=\"Agencia Europa Press\"\/><\/p>\n<p>06\/09\/2026 a las 12:07h.<\/p>\n<p class=\"v-d-p\">Si alguien ha vivido un verano intenso y bastante triste esa ha sido Paula Echevarr\u00eda. La conocida actriz y creadora de contenido tuvo que hacer frente a\u00a0la terrible p\u00e9rdida de su padre, que falleci\u00f3 el pasado 30 de julio a los 76 a\u00f1os de  &#8230; edad, dejando a la artista y a los suyos totalmente desolados y hundidos. A pesar de la p\u00e9rdida, Paula ha conseguido sacar momentos para sonre\u00edr este verano, como en la boda de \u00c1ngel y Mar\u00eda, una pareja de amigos\u00a0a los que ha querido ver pasando por el altar y sellando su amor para siempre. (Fuente: Instagram\/Europa Press)<\/p>\n","protected":false},"excerpt":{"rendered":"06\/09\/2026 a las 12:07h. Si alguien ha vivido un verano intenso y bastante triste esa ha sido Paula&hellip;\n","protected":false},"author":2,"featured_media":750785,"comment_status":"","ping_status":"","sticky":false,"template":"","format":"standard","meta":{"footnotes":""},"categories":[91],"tags":[19156,3158,23388,146,147,25,24,2326,4098,8464,19358,23,4655,739],"class_list":["post-750784","post","type-post","status-publish","format-standard","has-post-thumbnail","category-entretenimiento","tag-amigos","tag-boda","tag-echevarria","tag-entertainment","tag-entretenimiento","tag-es","tag-espana","tag-junto","tag-miguel","tag-paula","tag-sonreir","tag-spain","tag-torres","tag-vuelve"],"share_on_mastodon":{"url":"https:\/\/pubeurope.com\/@es\/117223935344733440","error":""},"_links":{"self":[{"href":"https:\/\/www.europesays.com\/es\/wp-json\/wp\/v2\/posts\/750784","targetHints":{"allow":["GET"]}}],"collection":[{"href":"https:\/\/www.europesays.com\/es\/wp-json\/wp\/v2\/posts"}],"about":[{"href":"https:\/\/www.europesays.com\/es\/wp-json\/wp\/v2\/types\/post"}],"author":[{"embeddable":true,"href":"https:\/\/www.europesays.com\/es\/wp-json\/wp\/v2\/users\/2"}],"replies":[{"embeddable":true,"href":"https:\/\/www.europesays.com\/es\/wp-json\/wp\/v2\/comments?post=750784"}],"version-history":[{"count":0,"href":"https:\/\/www.europesays.com\/es\/wp-json\/wp\/v2\/posts\/750784\/revisions"}],"wp:featuredmedia":[{"embeddable":true,"href":"https:\/\/www.europesays.com\/es\/wp-json\/wp\/v2\/media\/750785"}],"wp:attachment":[{"href":"https:\/\/www.europesays.com\/es\/wp-json\/wp\/v2\/media?parent=750784"}],"wp:term":[{"taxonomy":"category","embeddable":true,"href":"https:\/\/www.europesays.com\/es\/wp-json\/wp\/v2\/categories?post=750784"},{"taxonomy":"post_tag","embeddable":true,"href":"https:\/\/www.europesays.com\/es\/wp-json\/wp\/v2\/tags?post=750784"}],"curies":[{"name":"wp","href":"https:\/\/api.w.org\/{rel}","templated":true}]}}