{"id":750804,"date":"2026-09-06T12:02:18","date_gmt":"2026-09-06T12:02:18","guid":{"rendered":"https:\/\/www.europesays.com\/es\/750804\/"},"modified":"2026-09-06T12:02:18","modified_gmt":"2026-09-06T12:02:18","slug":"las-naturalezas-vivas-de-mario-testino-de-la-moda-al-arte","status":"publish","type":"post","link":"https:\/\/www.europesays.com\/es\/750804\/","title":{"rendered":"Las naturalezas vivas de Mario Testino, de la moda al arte"},"content":{"rendered":"<p class=\"paragraph\">El gran fot\u00f3grafo de la edad de oro de las revistas se hace fuerte en las galer\u00edas de arte del mundo. Este oto\u00f1o Patricia Low Contemporary presenta en su sede de Venecia una de las mayores exposiciones del peruano Mario Testino, que re\u00fane sus ic\u00f3nicos retratos de Diana de Gales, Kate Moss o Naomi Camp\u00adbell con los estudios ecuestres recientes del artista, sus composiciones florales monumentales y sus bodegones. En la selecci\u00f3n, adem\u00e1s de la galerista Patricia Low, ha colaborado Simon de Pury, uno de los grandes nombres del mercado del arte.<\/p>\n<p class=\"paragraph\">No se puede imaginar un escenario tan perfecto como Venecia para ense\u00f1ar la obra de Testino, empe\u00f1ado en demostrar una y otra vez el poder de la fotograf\u00eda para dotar de un valor perdurable a la belleza.\u00a0<\/p>\n<p>No se puede imaginar un escenario tan perfecto como Venecia para ense\u00f1ar la obra de Testino<\/p>\n<p class=\"paragraph\">La galer\u00eda Patricia Low Contemporary se instal\u00f3 en Venecia, en el coraz\u00f3n de Dorsoduro, con la ambici\u00f3n de exponer la obra de los m\u00e1s aclamados artistas internacionales. Es justo que el nombre de Testino incie la temporada de oto\u00f1o. \u201cMario y yo escogimos las obras con Venecia en la mente. Quer\u00edamos que la exposici\u00f3n reflejara la belleza, la teatralidad y la extravagancia de la ciudad, pero tambi\u00e9n su singular relaci\u00f3n con la historia del arte\u201d, explica Low a Magazine. Adem\u00e1s, quer\u00edan contar c\u00f3mo ha evolucionado el trabajo de fot\u00f3grafo desde que su nombre alcanz\u00f3 la gloria con unas im\u00e1genes que ya son historia de la moda.\u00a0<\/p>\n<p class=\"paragraph\">\u201cTodos conocen sus ic\u00f3nicas fotos, pero su pr\u00e1ctica ha seguido evolucionando, y me interesa especialmente mostrar las series de sus obras m\u00e1s recientes. Los monumentales biombos florales y los bodegones de Meissen, por ejemplo, revelan una faceta muy diferente del arte de Mario, sin perder el sentido de la belleza que impregna todo lo que hace\u201d, explica la comisaria.<\/p>\n<p><img decoding=\"async\" class=\"w-full\"   alt=\"Retrato de Mario Testino\" data-full-src=\"https:\/\/www.lavanguardia.com\/uploads\/2026\/09\/03\/6a9966fed1f05.jpeg\" src=\"https:\/\/www.europesays.com\/es\/wp-content\/uploads\/2026\/09\/6a9966fed1f05.jpeg\" width=\"449\" height=\"674\" loading=\"lazy\"\/>Retrato de Mario TestinoPhilippe Kliot<\/p>\n<p class=\"paragraph\">El nombre de Simon de Pury (Basilea, 1951) a\u00f1ade a\u00fan m\u00e1s esplendor a la muestra por el peso espec\u00edfico de Pury como gran coleccionista y subastador de arte, adem\u00e1s de amigo personal de Testino. La antesala de esta exposici\u00f3n de Venecia es la muestra del fot\u00f3grafo presentada en Gstaad en enero pasado en colaboraci\u00f3n con Pury. \u201cEntonces mostraba un trabajo que hab\u00eda hecho espec\u00edficamente en Suiza para A beautiful world\u00a0(Testino ha fotografiado en 36 pa\u00edses para este trabajo). Y la exposici\u00f3n inclu\u00eda las vacas de la regi\u00f3n, los trajes tradicionales, las comunidades de\u00a0guilds y otros elementos propios del pa\u00eds\u201d, cuenta Testino.<\/p>\n<p class=\"paragraph\">Las vidas de Testino y De Pury se cruzaron hace m\u00e1s de 20 a\u00f1os. Cuenta el fot\u00f3grafo que se conocieron saliendo del homenaje p\u00f3stumo a Helmut Newton que organiz\u00f3 Anna Wintour en Par\u00eds. \u201cSe me acerc\u00f3, se present\u00f3 y me dijo: &#8216;He trabajado mucho con Helmut Newton y t\u00fa ser\u00e1s el pr\u00f3ximo&#8217;\u201d. Con su ojo privilegiado le regal\u00f3 una profec\u00eda: \u201cOcupar\u00e1s el lugar que \u00e9l tuvo durante muchos a\u00f1os\u201d.\u00a0<\/p>\n<p>Tiene un talento inmenso, una actitud positiva ante la vida y una creatividad incansable\u201d<\/p>\n<p class=\"paragraph\">Su primera colaboraci\u00f3n fue en la exposici\u00f3n Out of fashion\u00a0en Nueva York y luego siguieron a\u00f1os de amistad que, aclara el fot\u00f3grafo, no han restado un gramo de exigencia a la mirada de Pury sobre su obra: \u201cAlguien que llega al nivel de Simon nunca deja de ser riguroso. La amistad es perfecta para tener buenos momentos, pero no para dejar pasar nada. Siempre hay que ser muy exigente con uno mismo y tambi\u00e9n con quienes trabajan contigo\u201d.<\/p>\n<p class=\"paragraph\">Simon de Pury, que se define en su libro\u00a0El subastador. Aventuras en el mercado del arte\u00a0(Turner Publicaciones, 2016) como \u201cun optimista incurable\u201d, cuenta a\u00a0Magazine que durante mucho tiempo ha sido un gran admirador de la obra de Testino. \u201cEsta exposici\u00f3n es la sexta que le organizo, despu\u00e9s de haber llevado sus fotos a Nueva York, Londres, Dub\u00e1i y Gstaad. Testino es escorpi\u00f3n, como Newton y yo mismo. Tiene un talento inmenso, una actitud positiva ante la vida y una creatividad incansable\u201d. Lo cierto es que Pury conoce muy bien la obra del fot\u00f3grafo y opina que \u201ces tan fascinante en diversos aspectos que solo una gran retrospectiva institucional podr\u00eda destacar el caleidoscopio de su talento\u201d. Para Pury, ver una expo de Testino es tal \u201cafirmaci\u00f3n vital\u201d que las sensaciones son comparables a ver una muestra de Matisse.<\/p>\n<p class=\"paragraph\">Cuando Testino decidi\u00f3 ense\u00f1ar a De Pury su proyecto personal The beautiful world, ya estaba sumido en su pasi\u00f3n absoluta tras haber dejado la fotograf\u00eda de moda. \u201cViajo por el mundo documentando las tradiciones, la flora y la fauna que definen cada pa\u00eds. Tambi\u00e9n exploro los cruces que existen entre un sitio y otro y aquello que hace que cada uno sea \u00fanico\u201d, explica el fot\u00f3grafo. A De Pury le entusiasm\u00f3 la idea, le present\u00f3 a la galerista Patricia Low, hicieron la exposici\u00f3n de Gstaad, y luego surgi\u00f3 la idea de Venecia.<\/p>\n<p class=\"paragraph\">\u201cLa exposici\u00f3n en Venecia es diferente porque mezcla varias propuestas que he desarrollado en diferentes lugares. Hay unas fotograf\u00edas de flores en las que he estado trabajando en Tokio, delante de pantallas doradas, y otras flores fotografiadas en Londres. Tambi\u00e9n hay un caballo de Uzbekist\u00e1n, tres fotograf\u00edas de moda y unas im\u00e1genes de cer\u00e1micas de Meissen que representan elementos como el aire, la tierra, el agua y el fuego\u201d, describe Testino, que dice estar muy satisfecho de la transici\u00f3n que ha conseguido hacer desde la fotograf\u00eda de moda donde se controla cada detalle hasta su mirada sobre la naturaleza, sobre la que no puede interferir, quiz\u00e1s solo iluminar y decidir el encuadre. \u201cEs una mirada fotogr\u00e1fica que estudia la luz, la composici\u00f3n y el movimiento para recuperar una mirada sobre la belleza en t\u00e9rminos m\u00e1s cl\u00e1sicos\u201d, define.<\/p>\n<p><img decoding=\"async\" class=\"w-full\"   alt=\"Vittoria Ceretti, Jaipur, \u2018 Paris\u2019, 2017. Impresi\u00f3n digital\" data-full-src=\"https:\/\/www.lavanguardia.com\/uploads\/2026\/09\/03\/6a995a8a4475a.jpeg\" src=\"https:\/\/www.europesays.com\/es\/wp-content\/uploads\/2026\/09\/6a995a8a4475a.jpeg\" width=\"449\" height=\"582\" loading=\"lazy\"\/>Vittoria Ceretti, Jaipur, \u2018 Paris\u2019, 2017. Impresi\u00f3n digitalMario Testino<\/p>\n<p class=\"paragraph\">La naturaleza es uno de los hilos conductores de la exposici\u00f3n de Venecia: obras florales monumentales, como Londres\u00a0(2019) y\u00a0Tokyo\u00a0(II) (2018-2019), inspiradas en las tradiciones visuales japonesas, que transforman las flores en composiciones inmersivas y celebran tanto la abundancia como lo ef\u00edmero. Estas fotograf\u00edas se presentan junto a los recientes retratos equinos de Testino, un conjunto de obras fruto de su nueva fascinaci\u00f3n: fotografiar animales con la misma sensibilidad y profundidad psicol\u00f3gica que imprim\u00eda a sus retratos de personas.<\/p>\n<p class=\"paragraph\">\u201cLas im\u00e1genes de caballos de la exposici\u00f3n son impactantes y tan llamativas como algunas de las mejores obras de Stubbs. Las cuatro jarras de porcelana de Meissen evocan a Koons y a Warhol, y ofrecen una prueba m\u00e1s del exquisito ojo de Testino. Las dos impresionantes series de flores, as\u00ed como la exposici\u00f3n en su conjunto, demuestran la singular versatilidad del artista\u201d, opina De Pury. Otros puntos culminantes de la muestra, abierta hasta el 15 de noviembre, son los retratos de Stella Tennant, Daria Werbowy y Vittoria Ceretti.<\/p>\n<p><img decoding=\"async\" class=\"w-full\"   alt=\"\u2018Horses (II) Urtasaray\u2019, Uzbekist\u00e1n, 2023. Impresi\u00f3n digital\" data-full-src=\"https:\/\/www.lavanguardia.com\/uploads\/2026\/09\/03\/6a996ae96a5ab.jpeg\" src=\"https:\/\/www.europesays.com\/es\/wp-content\/uploads\/2026\/09\/6a996ae96a5ab.jpeg\" width=\"449\" height=\"359\" loading=\"lazy\"\/>\u2018Horses (II) Urtasaray\u2019, Uzbekist\u00e1n, 2023. Impresi\u00f3n digitalMario Testino<\/p>\n<p class=\"paragraph\">Testino asume con naturalidad y sin nostalgia los cambios en el mercado y en el mundo que han transformado el trabajo que lo hizo c\u00e9lebre en los a\u00f1os noventa. \u201cCuando comenc\u00e9 en la fotograf\u00eda de moda la atenci\u00f3n estaba puesta en la creatividad. Mucho de eso dej\u00f3 de existir debido a la creciente importancia de las ventas. Hacia el final de mi \u00e9poca como fot\u00f3grafo de moda era m\u00e1s importante mostrar un bolso en su totalidad y en detalle que crear en la lectora el deseo de ser la mujer que lo llevaba. El mundo va cambiando y uno tiene que aceptar que esos cambios son naturales. Me siento afortunado de poder mostrar ahora otra faceta de mis intereses\u201d.<\/p>\n<p class=\"paragraph\">Le pregunto si la crisis de la atenci\u00f3n que vivimos est\u00e1 cambiando el modo de apreciar su trabajo. \u201cCreo que hoy la fotograf\u00eda sirve para documentar lo que la gente vive d\u00eda a d\u00eda: qu\u00e9 come, d\u00f3nde est\u00e1, qu\u00e9 hace. Dej\u00f3 en gran medida de ser vista como un ejercicio para so\u00f1ar y se convirti\u00f3 m\u00e1s en una herramienta para mostrar la vida real. Por eso las revistas, que antes hac\u00edan so\u00f1ar a la gente, pasaron a tener menos importancia, e influencers y creadores, que ense\u00f1an su d\u00eda a d\u00eda, adquirieron mucha m\u00e1s relevancia\u201d. Lo dice sin dramas, como quien diagnostica una enfermedad cr\u00f3nica con tratamiento.<\/p>\n<p>El Mario Testino que podr\u00e1 verse en Venecia es un apasionado del arte que le dio fama<\/p>\n<p class=\"paragraph\">No hay mirada atr\u00e1s ni lamento por el pasado. El Mario Testino que podr\u00e1 verse en Venecia es un apasionado del arte que le dio fama y al que le augura, a pesar de todo, larga vida. \u201cHoy me siento m\u00e1s fot\u00f3grafo que cuando solo estaba en la moda. En aquella \u00e9poca, mi mirada sobre la belleza de la persona adquir\u00eda muchas veces m\u00e1s importancia que la luz o la composici\u00f3n. Entonces era mitad estilista y mitad fot\u00f3grafo\u201d, aventura<\/p>\n","protected":false},"excerpt":{"rendered":"El gran fot\u00f3grafo de la edad de oro de las revistas se hace fuerte en las galer\u00edas de&hellip;\n","protected":false},"author":2,"featured_media":750805,"comment_status":"","ping_status":"","sticky":false,"template":"","format":"standard","meta":{"footnotes":""},"categories":[173],"tags":[229,233,231,230,232,234,146,147,25,24,23],"class_list":["post-750804","post","type-post","status-publish","format-standard","has-post-thumbnail","category-arte-y-diseno","tag-arte","tag-arte-y-diseno","tag-arts","tag-arts-and-design","tag-design","tag-diseno","tag-entertainment","tag-entretenimiento","tag-es","tag-espana","tag-spain"],"share_on_mastodon":{"url":"https:\/\/pubeurope.com\/@es\/117223999303258825","error":""},"_links":{"self":[{"href":"https:\/\/www.europesays.com\/es\/wp-json\/wp\/v2\/posts\/750804","targetHints":{"allow":["GET"]}}],"collection":[{"href":"https:\/\/www.europesays.com\/es\/wp-json\/wp\/v2\/posts"}],"about":[{"href":"https:\/\/www.europesays.com\/es\/wp-json\/wp\/v2\/types\/post"}],"author":[{"embeddable":true,"href":"https:\/\/www.europesays.com\/es\/wp-json\/wp\/v2\/users\/2"}],"replies":[{"embeddable":true,"href":"https:\/\/www.europesays.com\/es\/wp-json\/wp\/v2\/comments?post=750804"}],"version-history":[{"count":0,"href":"https:\/\/www.europesays.com\/es\/wp-json\/wp\/v2\/posts\/750804\/revisions"}],"wp:featuredmedia":[{"embeddable":true,"href":"https:\/\/www.europesays.com\/es\/wp-json\/wp\/v2\/media\/750805"}],"wp:attachment":[{"href":"https:\/\/www.europesays.com\/es\/wp-json\/wp\/v2\/media?parent=750804"}],"wp:term":[{"taxonomy":"category","embeddable":true,"href":"https:\/\/www.europesays.com\/es\/wp-json\/wp\/v2\/categories?post=750804"},{"taxonomy":"post_tag","embeddable":true,"href":"https:\/\/www.europesays.com\/es\/wp-json\/wp\/v2\/tags?post=750804"}],"curies":[{"name":"wp","href":"https:\/\/api.w.org\/{rel}","templated":true}]}}