{"id":750812,"date":"2026-09-06T12:08:12","date_gmt":"2026-09-06T12:08:12","guid":{"rendered":"https:\/\/www.europesays.com\/es\/750812\/"},"modified":"2026-09-06T12:08:12","modified_gmt":"2026-09-06T12:08:12","slug":"el-brote-de-ebola-en-rdc-deja-ya-mas-de-6-500-casos-con-cerca-de-3-150-muertos","status":"publish","type":"post","link":"https:\/\/www.europesays.com\/es\/750812\/","title":{"rendered":"El brote de \u00e9bola en RDC deja ya m\u00e1s de 6.500 casos, con cerca de 3.150 muertos"},"content":{"rendered":"<p class=\"v-d-p\"><strong>Las autoridades de Rep\u00fablica Democr\u00e1tica del Congo<\/strong> (RDC) han confirmado que<strong> el brote de \u00e9bola<\/strong> declarado a mediados de mayo en el este del pa\u00eds <strong>ha dejado ya m\u00e1s de 6.500 casos, con cerca de 3.150 muertos<\/strong> y ante el temor por la expansi\u00f3n de la enfermedad en zonas del centro del pa\u00eds africano.<\/p>\n<p class=\"v-d-p\">El Instituto Nacional de Salud P\u00fablica (INSP) ha apuntado que hasta la fecha<strong> se han registrado 6.522 casos y 3.134 fallecidos, incluidos 86 contagios y 30 muertos<\/strong> durante las \u00faltimas 24 horas, en las que un total de 21 pacientes han recibido el alta, lo que eleva a 1.516 el n\u00famero de recuperados.<\/p>\n<p class=\"v-d-p\">Asimismo, ha resaltado que en estos momentos<strong> la tasa de letalidad del virus es del 48,1%<\/strong>, mientras que la tasa de seguimiento de los contactos asciende al 86%, con la provincia de Ituri (noreste) como epicentro del brote, con el 80,9% del total de los contagios detectados por las autoridades.<\/p>\n<p class=\"v-d-p\">El brote en RDC es ya el m\u00e1s mort\u00edfero en la historia del pa\u00eds, superando el registrado entre 2018 y 2020, con las proyecciones apuntando a que podr\u00eda llegar a superar al registrado entre 2014 y 2016 en \u00c1frica occidental, que dej\u00f3 28.616 casos y 11.325 fallecidos en Guinea, Liberia y Sierra Leona, seg\u00fan los datos de la Organizaci\u00f3n Mundial de la Salud (OMS).<\/p>\n<p class=\"v-d-p\"><strong>RDC<\/strong> &#8211;que en diciembre de 2025 decret\u00f3 el fin de otro brote, en este caso en Kasai&#8211; <strong>es considerado el pa\u00eds con m\u00e1s experiencia del mundo en el manejo del virus del \u00e9bola<\/strong>, habiendo enfrentado m\u00e1s de una docena de brotes desde que se identific\u00f3 el virus en 1976 en un doble brote que tuvo uno de sus epicentros en la localidad congole\u00f1a de Yambuku, a orillas del r\u00edo \u00c9bola, del que tom\u00f3 el nombre la enfermedad.<\/p>\n","protected":false},"excerpt":{"rendered":"Las autoridades de Rep\u00fablica Democr\u00e1tica del Congo (RDC) han confirmado que el brote de \u00e9bola declarado a mediados&hellip;\n","protected":false},"author":2,"featured_media":750813,"comment_status":"","ping_status":"","sticky":false,"template":"","format":"standard","meta":{"footnotes":""},"categories":[92],"tags":[133482,55646,11335,858,3570,51,34141,25,24,165,5161,21357,166,23],"class_list":["post-750812","post","type-post","status-publish","format-standard","has-post-thumbnail","category-salud","tag-133482","tag-55646","tag-brote","tag-casos","tag-cerca","tag-deja","tag-ebola","tag-es","tag-espana","tag-health","tag-muertos","tag-rdc","tag-salud","tag-spain"],"share_on_mastodon":{"url":"https:\/\/pubeurope.com\/@es\/117224020645786899","error":""},"_links":{"self":[{"href":"https:\/\/www.europesays.com\/es\/wp-json\/wp\/v2\/posts\/750812","targetHints":{"allow":["GET"]}}],"collection":[{"href":"https:\/\/www.europesays.com\/es\/wp-json\/wp\/v2\/posts"}],"about":[{"href":"https:\/\/www.europesays.com\/es\/wp-json\/wp\/v2\/types\/post"}],"author":[{"embeddable":true,"href":"https:\/\/www.europesays.com\/es\/wp-json\/wp\/v2\/users\/2"}],"replies":[{"embeddable":true,"href":"https:\/\/www.europesays.com\/es\/wp-json\/wp\/v2\/comments?post=750812"}],"version-history":[{"count":0,"href":"https:\/\/www.europesays.com\/es\/wp-json\/wp\/v2\/posts\/750812\/revisions"}],"wp:featuredmedia":[{"embeddable":true,"href":"https:\/\/www.europesays.com\/es\/wp-json\/wp\/v2\/media\/750813"}],"wp:attachment":[{"href":"https:\/\/www.europesays.com\/es\/wp-json\/wp\/v2\/media?parent=750812"}],"wp:term":[{"taxonomy":"category","embeddable":true,"href":"https:\/\/www.europesays.com\/es\/wp-json\/wp\/v2\/categories?post=750812"},{"taxonomy":"post_tag","embeddable":true,"href":"https:\/\/www.europesays.com\/es\/wp-json\/wp\/v2\/tags?post=750812"}],"curies":[{"name":"wp","href":"https:\/\/api.w.org\/{rel}","templated":true}]}}