{"id":750852,"date":"2026-09-06T12:37:14","date_gmt":"2026-09-06T12:37:14","guid":{"rendered":"https:\/\/www.europesays.com\/es\/750852\/"},"modified":"2026-09-06T12:37:14","modified_gmt":"2026-09-06T12:37:14","slug":"tres-triunfos-en-las-ultimas-cinco-visitas-del-sevilla-al-campo-del-espanyol","status":"publish","type":"post","link":"https:\/\/www.europesays.com\/es\/750852\/","title":{"rendered":"Tres triunfos en las \u00faltimas cinco visitas del Sevilla al campo del Espanyol"},"content":{"rendered":"<p>Segundo partido a domicilio del <strong>Sevilla FC<\/strong> en el campeonato 26-27. El equipo dirigido por Luis Garc\u00eda Plaza visita al <strong>RCD Espanyol<\/strong> en el encuentro que completar\u00e1 la jornada de este domingo en LaLiga. Justo 15 d\u00edas despu\u00e9s de ganar al Athletic  &#8230; por 1-3. El Sevilla, con seis puntos en su casillero despu\u00e9s de las tres primeras jornadas de campeonato, visita a un Espanyol que gan\u00f3 al Levante UD (3-0) en el arranque y que posteriormente perdi\u00f3 con el Real Madrid (1-2) y la Real Sociedad (2-1). <\/p>\n<p class=\"v-d-p\">Vuelve ahora el Sevilla al RCDE Stadium casi un a\u00f1o despu\u00e9s. A finales de noviembre de 2025, el Espanyol se hizo con el triunfo en la visita sevillista en un partido que termin\u00f3 con el resultado de 2-1. Es la \u00fanica derrota del Sevilla que se contabiliza en las<strong> \u00faltimas cinco visitas<\/strong> al campo del Espanyol en encuentros correspondientes al campeonato de Primera divisi\u00f3n. <\/p>\n<p class=\"v-d-p\">Las cuatro anteriores terminaron con tres triunfos del equipo sevillista y un empate. Hace dos temporadas, el equipo entonces dirigido por Garc\u00eda Pimienta gan\u00f3 por 0-2 en la und\u00e9cima jornada del campeonato. Cuatro a\u00f1os se cumplir\u00e1n la pr\u00f3xima semana de otro triunfo del Sevilla en partido a domicilio ante el Espanyol. En septiembre de 2022 el resultado fue de 2-3 a favor del equipo entrenado por Lopetegui. <\/p>\n<p class=\"v-d-p\">Meses antes, en la jornada 25 de LaLiga 21-22, Espanyol y Sevilla empataron (1-1) en el RCDE Stadium mientras que justo en el arranque del campeonato 19-20, el equipo sevillista se hizo con los tres primeros puntos del torneo al ganar por 1-2.<\/p>\n","protected":false},"excerpt":{"rendered":"Segundo partido a domicilio del Sevilla FC en el campeonato 26-27. El equipo dirigido por Luis Garc\u00eda Plaza&hellip;\n","protected":false},"author":2,"featured_media":750853,"comment_status":"","ping_status":"","sticky":false,"template":"","format":"standard","meta":{"footnotes":""},"categories":[5],"tags":[17,18,5716,5810,25,24,16789,13,14,11,19,20,9,10,15,16,1171,23,12,603,42038,4067,21,22,5015],"class_list":["post-750852","post","type-post","status-publish","format-standard","has-post-thumbnail","category-titulares","tag-breaking-news","tag-breakingnews","tag-campo","tag-cinco","tag-es","tag-espana","tag-espanyol","tag-featured-news","tag-featurednews","tag-headlines","tag-latest-news","tag-latestnews","tag-news","tag-noticias","tag-noticias-destacadas","tag-noticiasdestacadas","tag-sevilla","tag-spain","tag-titulares","tag-tres","tag-triunfos","tag-ultimas","tag-ultimas-noticias","tag-ultimasnoticias","tag-visitas"],"share_on_mastodon":{"url":"https:\/\/pubeurope.com\/@es\/117224134617465014","error":""},"_links":{"self":[{"href":"https:\/\/www.europesays.com\/es\/wp-json\/wp\/v2\/posts\/750852","targetHints":{"allow":["GET"]}}],"collection":[{"href":"https:\/\/www.europesays.com\/es\/wp-json\/wp\/v2\/posts"}],"about":[{"href":"https:\/\/www.europesays.com\/es\/wp-json\/wp\/v2\/types\/post"}],"author":[{"embeddable":true,"href":"https:\/\/www.europesays.com\/es\/wp-json\/wp\/v2\/users\/2"}],"replies":[{"embeddable":true,"href":"https:\/\/www.europesays.com\/es\/wp-json\/wp\/v2\/comments?post=750852"}],"version-history":[{"count":0,"href":"https:\/\/www.europesays.com\/es\/wp-json\/wp\/v2\/posts\/750852\/revisions"}],"wp:featuredmedia":[{"embeddable":true,"href":"https:\/\/www.europesays.com\/es\/wp-json\/wp\/v2\/media\/750853"}],"wp:attachment":[{"href":"https:\/\/www.europesays.com\/es\/wp-json\/wp\/v2\/media?parent=750852"}],"wp:term":[{"taxonomy":"category","embeddable":true,"href":"https:\/\/www.europesays.com\/es\/wp-json\/wp\/v2\/categories?post=750852"},{"taxonomy":"post_tag","embeddable":true,"href":"https:\/\/www.europesays.com\/es\/wp-json\/wp\/v2\/tags?post=750852"}],"curies":[{"name":"wp","href":"https:\/\/api.w.org\/{rel}","templated":true}]}}