{"id":750880,"date":"2026-09-06T13:05:18","date_gmt":"2026-09-06T13:05:18","guid":{"rendered":"https:\/\/www.europesays.com\/es\/750880\/"},"modified":"2026-09-06T13:05:18","modified_gmt":"2026-09-06T13:05:18","slug":"alcaraz-paul-octavos-del-us-open-un-duelo-de-grandes-batallas-y-una-dura-paliza","status":"publish","type":"post","link":"https:\/\/www.europesays.com\/es\/750880\/","title":{"rendered":"Alcaraz-Paul, octavos del US Open: un duelo de \u00abgrandes batallas y una dura paliza\u00bb"},"content":{"rendered":"<p data-gtm-element-container=\"modulo-texto-link\" class=\"paragraph\">Hay que dar un punto m\u00e1s que hasta ahora. Hay que poner toda la carne en el asador, mejorar todo. Tengo que estar al cien por cien si quiero pasar\u201d, dijo <strong>Carlos Alcaraz<\/strong> tras confirmarse su duelo de octavos de final con el estadounidense Tommy Paul, esta tarde no antes de las 20:00 horario peninsular espa\u00f1ol<\/p>\n<p data-gtm-element-container=\"modulo-texto-link\" class=\"paragraph\">Un an\u00e1lisis l\u00f3gico, atendiendo a la entidad del rival, 29 a\u00f1os y n\u00ba 21 mundial, que juega en casa y se ha plantado en esta cuarta ronda por tercera vez en las \u00faltimas cuatro ediciones. Alcaraz, con respeto, la humildad necesaria para no ponerse a s\u00ed mismo una trampa.<\/p>\n<p data-gtm-element-container=\"modulo-texto-link\" class=\"paragraph\">Su sonrisa despu\u00e9s de superar la tercera eliminatoria delataba su euf\u00f3rico estado de \u00e1nimo. El vigente campe\u00f3n ha comprobado que est\u00e1 \u201cmejor de lo que pensaba\u201d, se siente \u201clisto, sin duda\u201d para afrontar la parte decisiva de este US Open, una quimera semanas atr\u00e1s, una realidad actualmente.<\/p>\n<p data-gtm-element-container=\"modulo-texto-link\" class=\"paragraph\"><strong>Carlos Alcaraz<\/strong> reconoce que \u201cel nivel es alto\u201d, que ha recuperado su tenis m\u00e1s r\u00e1pido incluso de lo que imaginaba. Paul y la eliminatoria de octavos forman una combinaci\u00f3n adecuada para medir mejor las aspiraciones del espa\u00f1ol, que apunta a favorito principal si se coloca en cuartos.<\/p>\n<p>La pista central, hoy<\/p>\n<p class=\"c-block__txt\"><strong>17:30 horas )<\/strong><\/p>\n<p class=\"c-block__txt\">Aryna Sabalenka (Blr\/1)-T. Townsend (USA)<\/p>\n<p class=\"c-block__txt\"><strong>(no antes 20:00 horas)<\/strong><\/p>\n<p class=\"c-block__txt\">Tommy Paul (USA\/20)-Carlos Alcaraz (E\/2)<\/p>\n<p class=\"c-block__txt\"><strong>(no antes 01:00 horas lunes)<\/strong><\/p>\n<p class=\"c-block__txt\">Ben Shelton (USA\/8)-Stefanos Tsitsipas(Gre)<\/p>\n<p class=\"c-block__txt\">A. Kalinskaya (Rus\/21)-E. Navarro (USA\/26)<\/p>\n<p data-gtm-element-container=\"modulo-texto-link\" class=\"paragraph\">Alcaraz, 23 a\u00f1os y n\u00ba 3, ha ganado sus \u00faltimos diecisiete partidos en Grand Slam, puede aspirar a un octavo t\u00edtulo, tercero en un US Open en el que ha llegado como m\u00ednimo a cuartos en cinco de sus cuatro anteriores participaciones.<\/p>\n<p data-gtm-element-container=\"modulo-texto-link\" class=\"paragraph\">Pisa terreno conocido, milita en una clase superior a la de los buenos jugadores como Paul, a quien ha dominado en 6 de sus 8 enfrentamientos, en los \u00faltimos cinco. El m\u00e1s reciente, en octavos del<strong> Open de Australia<\/strong> que conquist\u00f3, en enero. El resultado fue 7-6 (6), 6-4 y 7-5, que indica disputa.<\/p>\n<p><img decoding=\"async\" loading=\"lazy\" alt=\"MELBOURNE, AUSTRALIA - JANUARY 25: Carlos Alcaraz (L) of Spain embraces Tommy Paul (R) of the United States after his victory in the men's Singles Fourth Round during day eight of the 2026 Australian Open at Melbourne Park on January 25, 2026 in Melbourne, Australia. (Photo by Clive Brunskill\/Getty Images)\" src=\"https:\/\/imagenes2.mundodeportivo.com\/files\/content_image_mobile_filter\/uploads\/2026\/01\/25\/6975c5d1e0b85.jpeg\" data-full-src=\"https:\/\/www.europesays.com\/es\/wp-content\/uploads\/2026\/09\/6975c5d1e0b85.jpeg\"\/>Carlos Alcaraz y Tommy Paul, tras su duelo en el Open de Australia 2026Clive Brunskill \/ Getty<\/p>\n<p data-gtm-element-container=\"modulo-texto-link\" class=\"paragraph\">Recuerda Alcaraz que el norteamericano \u201ces un jugador con mucho talento, muy dif\u00edcil de enfrentar. Creo que es muy peligroso para todos en el circuito. Su estilo de juego, la forma en que golpea la pelota, hace que sea muy complicado dominarla, dominar los puntos. Su pelota es resbaladiza y muy potente. Es bastante dif\u00edcil jugar contra \u00e9l\u201d.<\/p>\n<p data-gtm-element-container=\"modulo-texto-link\" class=\"paragraph\">Un reto que Alcaraz acepta encantado. \u201cHemos jugado grandes batallas. Es un tipo muy simp\u00e1tico, sentimos que nos divertimos. Hacemos grandes puntos. Va a ser divertido de ver y tambi\u00e9n jugarlo. Tengo muchas ganas\u201d.<\/p>\n<p data-gtm-element-container=\"modulo-texto-link\" class=\"paragraph\">No tantas<strong> Tommy Paul<\/strong>, porque \u201ccreo que he jugado contra \u00e9l m\u00e1s veces que contra nadie. Para m\u00ed es una locura, porque hemos tenido buenos partidos, s\u00ed, pero tambi\u00e9n me ha dado alguna paliza, como la de Roland Garros\u201d. <strong>En los cuartos de 2024, 6-0, 6-1 y 6-4<\/strong>.<\/p>\n<p><img decoding=\"async\" loading=\"lazy\" alt=\"FLUSHING MEADOWS (United States), 04\/09\/2026.- Carlos Alcaraz of Spain in action against Yibing Wu of China during the Men's Singles round 3 of the US Open Tennis Championships in Flushing Meadows, New York, USA, 04 September 2026. (Tenis, Espa\u00f1a, Nueva York) EFE\/EPA\/BRIAN HIRSCHFELD\" src=\"https:\/\/imagenes2.mundodeportivo.com\/files\/content_image_mobile_filter\/files\/fp\/uploads\/2026\/09\/05\/6a9c1d904a46f.r_d.1579-930-1493.jpeg\" data-full-src=\"https:\/\/www.europesays.com\/es\/wp-content\/uploads\/2026\/09\/6a9c1d904a46f.jpeg\"\/>Carlos Alcaraz vestir\u00e1 una camiseta blanca porque no le gustaba que se le saliese el pez\u00f3n derecho con la sin mangas de basket de esta edici\u00f3nBRIAN HIRSCHFELD \/ EFE<\/p>\n<p data-gtm-element-container=\"modulo-texto-link\" class=\"paragraph\">La lesi\u00f3n de Alcaraz no cambia la visi\u00f3n de Paul, consciente de que los cuatro meses y medio de ausencia del murciano no han debilitado su rendimiento. \u201cLe est\u00e1 yendo bien en su vuelta. \u00c9l y Sinner son siempre el test para los dem\u00e1s. Es decir, voy a tener que jugar un tenis muy bueno si quiero ganar. Voy a dar lo mejor de m\u00ed mismo, y ojal\u00e1 pueda\u201d.<\/p>\n<p data-gtm-element-container=\"modulo-texto-link\" class=\"paragraph\">Paul se tom\u00f3 la revancha contra el kazajo <strong>Alexander Bublik,<\/strong> a quien levant\u00f3 un marcador en contra para batirle en cinco sets. Hab\u00eda perdido en el mismo cruce en 2025. Alcaraz ha ido a m\u00e1s en un camino tranquilo que comenz\u00f3 con <strong>Roman Safiullin<\/strong>, sigui\u00f3 contra<strong> Jaime Faria<\/strong> levantando un set en contra y se consolid\u00f3 frente a <strong>Yibing Wu<\/strong>. \u201cEstamos muy contentos, mi equipo y yo\u201d, dice sonriente Carlos<\/p>\n","protected":false},"excerpt":{"rendered":"Hay que dar un punto m\u00e1s que hasta ahora. Hay que poner toda la carne en el asador,&hellip;\n","protected":false},"author":2,"featured_media":750881,"comment_status":"","ping_status":"","sticky":false,"template":"","format":"standard","meta":{"footnotes":""},"categories":[274],"tags":[168,25,24,23,167,327,326],"class_list":["post-750880","post","type-post","status-publish","format-standard","has-post-thumbnail","category-tenis","tag-deportes","tag-es","tag-espana","tag-spain","tag-sports","tag-tenis","tag-tennis"],"share_on_mastodon":{"url":"https:\/\/pubeurope.com\/@es\/117224246046772379","error":""},"_links":{"self":[{"href":"https:\/\/www.europesays.com\/es\/wp-json\/wp\/v2\/posts\/750880","targetHints":{"allow":["GET"]}}],"collection":[{"href":"https:\/\/www.europesays.com\/es\/wp-json\/wp\/v2\/posts"}],"about":[{"href":"https:\/\/www.europesays.com\/es\/wp-json\/wp\/v2\/types\/post"}],"author":[{"embeddable":true,"href":"https:\/\/www.europesays.com\/es\/wp-json\/wp\/v2\/users\/2"}],"replies":[{"embeddable":true,"href":"https:\/\/www.europesays.com\/es\/wp-json\/wp\/v2\/comments?post=750880"}],"version-history":[{"count":0,"href":"https:\/\/www.europesays.com\/es\/wp-json\/wp\/v2\/posts\/750880\/revisions"}],"wp:featuredmedia":[{"embeddable":true,"href":"https:\/\/www.europesays.com\/es\/wp-json\/wp\/v2\/media\/750881"}],"wp:attachment":[{"href":"https:\/\/www.europesays.com\/es\/wp-json\/wp\/v2\/media?parent=750880"}],"wp:term":[{"taxonomy":"category","embeddable":true,"href":"https:\/\/www.europesays.com\/es\/wp-json\/wp\/v2\/categories?post=750880"},{"taxonomy":"post_tag","embeddable":true,"href":"https:\/\/www.europesays.com\/es\/wp-json\/wp\/v2\/tags?post=750880"}],"curies":[{"name":"wp","href":"https:\/\/api.w.org\/{rel}","templated":true}]}}