{"id":75090,"date":"2025-08-27T06:45:08","date_gmt":"2025-08-27T06:45:08","guid":{"rendered":"https:\/\/www.europesays.com\/es\/75090\/"},"modified":"2025-08-27T06:45:08","modified_gmt":"2025-08-27T06:45:08","slug":"el-museo-abre-gratis-sus-exposiciones-los-sabados-por-la-noche","status":"publish","type":"post","link":"https:\/\/www.europesays.com\/es\/75090\/","title":{"rendered":"el museo abre gratis sus exposiciones los s\u00e1bados por la noche"},"content":{"rendered":"<p>El <a href=\"https:\/\/www.museothyssen.org\/\" rel=\"nofollow noopener\" target=\"_blank\"><strong>Museo Nacional Thyssen-Bornemisza<\/strong><\/a> vuelve a apostar por acercar el arte a todos los p\u00fablicos con una iniciativa que promete convertirse en uno de los grandes planes culturales de Madrid este verano. Bajo el t\u00edtulo <strong>Las Noches Thyssen<\/strong>, el museo ofrece la posibilidad de visitar de manera gratuita sus exposiciones temporales todos los s\u00e1bados del a\u00f1o en <strong>horario de 21:00 a 23:00 horas.<\/strong><\/p>\n<p>Con esta propuesta, la pinacoteca busca atraer tanto a madrile\u00f1os como a visitantes que deseen disfrutar del arte en un ambiente diferente: <strong>de noche y sin coste de entrada.<\/strong><\/p>\n<p>Acceso gratuito a las exposiciones temporales<\/p>\n<p>Durante dos horas cada s\u00e1bado, los asistentes podr\u00e1n recorrer las salas de las plantas baja y -1 del museo, donde se concentran las muestras temporales m\u00e1s relevantes de su programaci\u00f3n. Se permite vivir el arte de una forma completamente diferente. Dentro de una atm\u00f3sfera menos masificada donde la propia visita se transforma en una experiencia \u00fanica.<\/p>\n<p>Entre las propuestas que se incluyen dentro de <strong>Las Noches Thyssen<\/strong> destaca la <a href=\"https:\/\/okdiario.com\/okplanes\/terrafilia-museo-thyssen-reimagina-relacion-humanidad-naturaleza-15047559\" rel=\"nofollow noopener\" target=\"_blank\"><strong>exposici\u00f3n Terrafilia<\/strong><\/a>. M\u00e1s all\u00e1 de lo humano en las colecciones Thyssen-Bornemisza, disponible <strong>hasta el 28 de septiembre<\/strong>. La muestra re\u00fane a artistas de diferentes generaciones y tradiciones que reflexionan sobre la relaci\u00f3n del ser humano con su entorno, ofreciendo una mirada renovada sobre la colecci\u00f3n del museo.<\/p>\n<p>Warhol, Pollock y el arte americano del siglo XX<\/p>\n<p>La programaci\u00f3n nocturna tambi\u00e9n incorpora la gran <strong>exposici\u00f3n Warhol, Pollock<\/strong> y otros espacios americanos, que podr\u00e1 <strong>visitarse entre el 21 de octubre de 2025 y el 25 de enero de 2026<\/strong>. En ella se exhibir\u00e1n obras de dos de los artistas m\u00e1s influyentes del siglo pasado, junto a piezas de otros creadores que exploraron nuevas formas de entender el espacio en el arte contempor\u00e1neo.<\/p>\n<p>Adem\u00e1s, el museo presenta a <strong>John Akomfrah<\/strong> de manera inmersiva: \u00abEscuchando la lluvia toda la noche\u00bb (del 4 de noviembre al 8 de febrero de 2026). La propuesta firmada por uno de los artistas audiovisuales m\u00e1s reconocidos a nivel internacional invita al espectador a sumergirse en una experiencia sensorial y reflexiva.<\/p>\n<p>Las exposiciones con horario ampliado<\/p>\n<p>M\u00e1s all\u00e1 de las noches gratuitas de los s\u00e1bados, el Thyssen tambi\u00e9n ampl\u00eda horarios. <strong>Hasta el 7 de septiembre<\/strong>, la exposici\u00f3n <strong>Balenciaga<\/strong> y la pintura espa\u00f1ola podr\u00e1 visitarse de <strong>martes a s\u00e1bado hasta las 22:00 horas<\/strong>, ofreciendo m\u00e1s margen para quienes buscan disfrutar del arte al final de la jornada laboral.<\/p>\n<p>En esta exposici\u00f3n, el modisto guipuzcoano, establece un di\u00e1logo entre la moda y la pintura a trav\u00e9s de las creaciones y de su relaci\u00f3n con la tradici\u00f3n pict\u00f3rica espa\u00f1ola, haciendo que se convierta en una de las propuestas m\u00e1s visitadas de la temporada.<\/p>\n<p>Una experiencia gastron\u00f3mica y cultural<\/p>\n<p>La oferta de verano que est\u00e1 a punto de acabar, no se limita \u00fanicamente a las salas de exposiciones. El museo ha decidido ampliar tambi\u00e9n los horarios de sus espacios de restauraci\u00f3n y ocio, convirti\u00e9ndose en un lugar donde la gastronom\u00eda y el arte se dan la mano.<\/p>\n<p><strong>Las Terrazas<\/strong> del Thyssen permanecer\u00e1n abiertas hasta las 23:00 horas de martes a jueves, y hasta la 1:30 de la madrugada los viernes y s\u00e1bados. Se trata de un espacio dividido en diferentes niveles, con vistas al jard\u00edn y acceso directo desde la calle Zorrilla, que no requiere reserva previa y se ha consolidado como uno de los lugares m\u00e1s agradables para las noches estivales en Madrid.<\/p>\n<p>El <a href=\"https:\/\/www.museothyssen.org\/actividades\/noches-museo\" rel=\"nofollow noopener\" target=\"_blank\"><strong>restaurante El Mirador<\/strong><\/a>, que se sit\u00faa en la quinta planta del museo, abre solo en horario de cenas, de martes a s\u00e1bado hasta el 7 de septiembre. Con bellas vistas al Paseo del Prado, este espacio ofrece una experiencia gastron\u00f3mica que complementa la visita cultural en museo Thyssen.<\/p>\n<p>El museo Thyssen-Bornemisza, un referente de cultura en Madrid<br \/>Con estas iniciativas que el Museo Nacional Thyssen-Bornemisza ofrece, confirma su papel como motor de cultura en la capital. La combinaci\u00f3n de gastronom\u00eda, ocio nocturno y arte, refuerza el atractivo que tiene para quienes buscan planes culturales en Madrid durante el verano (y lo poco que queda de este) y el resto del a\u00f1o.<\/p>\n<p>Las Noches del museo Thyssen permiten democratizar el acceso al arte, as\u00ed de esta forma se rompen barreras econ\u00f3micas y ofrece a todos los p\u00fablicos la posibilidad de descubrir sus exposiciones m\u00e1s relevantes de la temporada. Una propuesta que une tradici\u00f3n y contemporaneidad y que convierte al museo en una cita imprescindible para residentes y turistas.<\/p>\n<p>Tambi\u00e9n tienes la <a href=\"https:\/\/okdiario.com\/okplanes\/anna-weyant-llega-museo-thyssen-primera-gran-muestra-europa-15111661\" rel=\"nofollow noopener\" target=\"_blank\">exposici\u00f3n de Anna Weyant<\/a> en el museo Thyssen.<\/p>\n","protected":false},"excerpt":{"rendered":"El Museo Nacional Thyssen-Bornemisza vuelve a apostar por acercar el arte a todos los p\u00fablicos con una iniciativa&hellip;\n","protected":false},"author":2,"featured_media":75091,"comment_status":"","ping_status":"","sticky":false,"template":"","format":"standard","meta":{"footnotes":""},"categories":[173],"tags":[229,233,231,230,232,234,146,147,25,24,23],"class_list":{"0":"post-75090","1":"post","2":"type-post","3":"status-publish","4":"format-standard","5":"has-post-thumbnail","7":"category-arte-y-diseno","8":"tag-arte","9":"tag-arte-y-diseno","10":"tag-arts","11":"tag-arts-and-design","12":"tag-design","13":"tag-diseno","14":"tag-entertainment","15":"tag-entretenimiento","16":"tag-es","17":"tag-espana","18":"tag-spain"},"share_on_mastodon":{"url":"","error":""},"_links":{"self":[{"href":"https:\/\/www.europesays.com\/es\/wp-json\/wp\/v2\/posts\/75090","targetHints":{"allow":["GET"]}}],"collection":[{"href":"https:\/\/www.europesays.com\/es\/wp-json\/wp\/v2\/posts"}],"about":[{"href":"https:\/\/www.europesays.com\/es\/wp-json\/wp\/v2\/types\/post"}],"author":[{"embeddable":true,"href":"https:\/\/www.europesays.com\/es\/wp-json\/wp\/v2\/users\/2"}],"replies":[{"embeddable":true,"href":"https:\/\/www.europesays.com\/es\/wp-json\/wp\/v2\/comments?post=75090"}],"version-history":[{"count":0,"href":"https:\/\/www.europesays.com\/es\/wp-json\/wp\/v2\/posts\/75090\/revisions"}],"wp:featuredmedia":[{"embeddable":true,"href":"https:\/\/www.europesays.com\/es\/wp-json\/wp\/v2\/media\/75091"}],"wp:attachment":[{"href":"https:\/\/www.europesays.com\/es\/wp-json\/wp\/v2\/media?parent=75090"}],"wp:term":[{"taxonomy":"category","embeddable":true,"href":"https:\/\/www.europesays.com\/es\/wp-json\/wp\/v2\/categories?post=75090"},{"taxonomy":"post_tag","embeddable":true,"href":"https:\/\/www.europesays.com\/es\/wp-json\/wp\/v2\/tags?post=75090"}],"curies":[{"name":"wp","href":"https:\/\/api.w.org\/{rel}","templated":true}]}}