{"id":750916,"date":"2026-09-06T13:40:21","date_gmt":"2026-09-06T13:40:21","guid":{"rendered":"https:\/\/www.europesays.com\/es\/750916\/"},"modified":"2026-09-06T13:40:21","modified_gmt":"2026-09-06T13:40:21","slug":"sobre-las-olas-lleva-el-realismo-magico-de-jalisco-al-cine","status":"publish","type":"post","link":"https:\/\/www.europesays.com\/es\/750916\/","title":{"rendered":"Sobre las olas lleva el realismo m\u00e1gico de Jalisco al cine"},"content":{"rendered":"<p class=\"capitular\">Guadalajara, Jalisco<\/p>\n<p>El cineasta alte\u00f1o <strong>Horacio Alcal\u00e1<\/strong> <strong>present\u00f3<\/strong> este viernes en la <strong>Cineteca FICG<\/strong> <strong>Sobre las olas<\/strong>, pel\u00edcula filmada entre Los Altos de <strong>Jalisco<\/strong> y el <strong>Lago de Chapala<\/strong> que llega este 4 de septiembre a cerca de 70 salas comerciales en M\u00e9xico, adem\u00e1s de cinetecas.<\/p>\n<p>La cinta sigue <strong>dos historias<\/strong> que convergen en <strong>Magdala<\/strong>, una comunidad agr\u00edcola ficticia donde Gloria Zamora busca financiar la carrera de su hijo y termina involucrada en una <strong>red de corrupci\u00f3n<\/strong>. En paralelo, en Espa\u00f1a, la actriz Roc\u00edo Almada intenta seguir los pasos de Sara Montiel, pero sus aspiraciones la llevan a relacionarse con un grupo de delincuentes.<\/p>\n<p><strong>Alcal\u00e1 explic\u00f3<\/strong> que la pel\u00edcula parte de un universo donde conviven el <strong>costumbrismo<\/strong>, el surrealismo y el <strong>realismo m\u00e1gico<\/strong>.<\/p>\n<blockquote>\n<p style=\"text-align: left;\">\u201cLa pel\u00edcula empieza como cine costumbrista, es una especie de Macondo y Comala. Ocurre en una isla llamada Magdala, inventada, pero filmada en el lago de Chapala. En ella convergen dos historias paralelas, dos mujeres que tienen algo en com\u00fan: hacer sus sue\u00f1os realidad, y eso conlleva un conflicto\u201d.<\/p>\n<\/blockquote>\n<p>La producci\u00f3n tiene como protagonistas a <strong>\u00c1ngeles Cruz<\/strong> y la <strong>cantante Roko<\/strong>, adem\u00e1s de la participaci\u00f3n de <strong>Said Garc\u00eda<\/strong>, Nacho Guerreros, Alejandra Herrera, Eugenio Rubio, Diego Landaluce, Joaqu\u00edn de Luz y Constanza Andrade.<\/p>\n<p>Para <strong>Garc\u00eda<\/strong>, quien ya hab\u00eda <strong>trabajado con Alcal\u00e1<\/strong> en Finlandia, el rodaje signific\u00f3 integrarse a una <strong>din\u00e1mica de trabajo<\/strong> cercana entre el elenco y el <strong>equipo<\/strong>.<\/p>\n<blockquote>\n<p style=\"text-align: left;\">\u201cTrabajar con Horacio es un laboratorio que llega sin tener entradas literalmente en su mundo, en todo lo que te ofrece en esta pel\u00edcula Sobre las olas. Fuimos un equipo que desayun\u00e1bamos, com\u00edamos, cen\u00e1bamos juntos, dorm\u00edamos y, la verdad, la pasamos incre\u00edble\u201d.<\/p>\n<\/blockquote>\n<p>El <strong>actor<\/strong> tambi\u00e9n destac\u00f3 la <strong>libertad<\/strong> que encontr\u00f3 durante el <strong>proceso de filmaci\u00f3n<\/strong>.<\/p>\n<blockquote>\n<p style=\"text-align: left;\">\u201cEs un director espectacular, que te deja ser, que te da una direcci\u00f3n y una gu\u00eda de exactamente lo que quiere y, adem\u00e1s, es una propuesta visual y auditiva y creativa impresionante\u201d.<\/p>\n<\/blockquote>\n<p>Uno de los elementos centrales de la pel\u00edcula es el <strong>sonido<\/strong>. La producci\u00f3n cuenta con la participaci\u00f3n del grupo noruego <strong>Trondheim Voices<\/strong>, que construy\u00f3 el <strong>paisaje sonoro<\/strong> mediante <strong>seis voces<\/strong> humanas, sin utilizar notas musicales ni instrumentos tradicionales.<\/p>\n<blockquote>\n<p style=\"text-align: left;\">\u201cM\u00e1s que nada van a escuchar una cosa que se llama paisajes sonoros porque no hay notas musicales y tampoco hay instrumentos. Est\u00e1 hecho con seis voces humanas\u201d.<\/p>\n<\/blockquote>\n<ul>\n<li><strong>Sobre las olas<\/strong> tuvo su paso por el <strong>Festival Internacional de Cine<\/strong> en <strong>Guadalajara<\/strong> dentro de las secciones <strong>Premio Maguey<\/strong> y Hecho en <strong>Jalisco<\/strong>. Con su <strong>estreno comercial<\/strong>, la pel\u00edcula inicia ahora su recorrido por las salas del pa\u00eds.\u00a0<\/li>\n<\/ul>\n","protected":false},"excerpt":{"rendered":"Guadalajara, Jalisco El cineasta alte\u00f1o Horacio Alcal\u00e1 present\u00f3 este viernes en la Cineteca FICG Sobre las olas, pel\u00edcula&hellip;\n","protected":false},"author":2,"featured_media":750917,"comment_status":"","ping_status":"","sticky":false,"template":"","format":"standard","meta":{"footnotes":""},"categories":[169],"tags":[177,146,147,25,24,176,175,23],"class_list":["post-750916","post","type-post","status-publish","format-standard","has-post-thumbnail","category-cine","tag-cine","tag-entertainment","tag-entretenimiento","tag-es","tag-espana","tag-film","tag-movies","tag-spain"],"share_on_mastodon":{"url":"","error":""},"_links":{"self":[{"href":"https:\/\/www.europesays.com\/es\/wp-json\/wp\/v2\/posts\/750916","targetHints":{"allow":["GET"]}}],"collection":[{"href":"https:\/\/www.europesays.com\/es\/wp-json\/wp\/v2\/posts"}],"about":[{"href":"https:\/\/www.europesays.com\/es\/wp-json\/wp\/v2\/types\/post"}],"author":[{"embeddable":true,"href":"https:\/\/www.europesays.com\/es\/wp-json\/wp\/v2\/users\/2"}],"replies":[{"embeddable":true,"href":"https:\/\/www.europesays.com\/es\/wp-json\/wp\/v2\/comments?post=750916"}],"version-history":[{"count":0,"href":"https:\/\/www.europesays.com\/es\/wp-json\/wp\/v2\/posts\/750916\/revisions"}],"wp:featuredmedia":[{"embeddable":true,"href":"https:\/\/www.europesays.com\/es\/wp-json\/wp\/v2\/media\/750917"}],"wp:attachment":[{"href":"https:\/\/www.europesays.com\/es\/wp-json\/wp\/v2\/media?parent=750916"}],"wp:term":[{"taxonomy":"category","embeddable":true,"href":"https:\/\/www.europesays.com\/es\/wp-json\/wp\/v2\/categories?post=750916"},{"taxonomy":"post_tag","embeddable":true,"href":"https:\/\/www.europesays.com\/es\/wp-json\/wp\/v2\/tags?post=750916"}],"curies":[{"name":"wp","href":"https:\/\/api.w.org\/{rel}","templated":true}]}}