{"id":75094,"date":"2025-08-27T06:47:08","date_gmt":"2025-08-27T06:47:08","guid":{"rendered":"https:\/\/www.europesays.com\/es\/75094\/"},"modified":"2025-08-27T06:47:08","modified_gmt":"2025-08-27T06:47:08","slug":"el-nuevo-no-somos-nadie-de-maria-patino-y-belen-esteban-confirma-su-horario","status":"publish","type":"post","link":"https:\/\/www.europesays.com\/es\/75094\/","title":{"rendered":"El nuevo &#8216;No somos nadie&#8217; de Mar\u00eda Pati\u00f1o y Bel\u00e9n Esteban confirma su horario"},"content":{"rendered":"<p data-journey-content=\"true\" data-node-id=\"2\" class=\"css-i9p093 emevuu60\">Despu\u00e9s del breve e irregular paso por La 1 con &#8216;La familia de la tele&#8217;, <a href=\"https:\/\/www.diezminutos.es\/famosos-corazon\/famosos-espanoles\/a65830701\/maria-patino-belen-esteban-nuevo-programa-ten\/\" target=\"_blank\" data-vars-ga-outbound-link=\"https:\/\/www.diezminutos.es\/famosos-corazon\/famosos-espanoles\/a65830701\/maria-patino-belen-esteban-nuevo-programa-ten\/\" data-vars-ga-ux-element=\"Hyperlink\" data-vars-ga-call-to-action=\"Mar\u00eda Pati\u00f1o y Bel\u00e9n Esteban regresan al canal TEN\" data-node-id=\"2.1\" class=\"body-link css-177bzfx emevuu60\" rel=\"nofollow noopener\"><strong data-node-id=\"2.1.0\">Mar\u00eda Pati\u00f1o<\/strong> y <strong data-node-id=\"2.1.2\">Bel\u00e9n Esteban<\/strong> regresan al canal TEN<\/a> con un nuevo formato que promete dar mucho que hablar. Se trata de &#8216;<strong data-node-id=\"2.3\">No somos nadie&#8217;<\/strong>, un programa de tarde que se estrenar\u00e1 el <strong data-node-id=\"2.5\">1 de septiembre<\/strong> y que pretende recuperar la esencia del universo &#8216;S\u00e1lvame&#8217;, con un tono fresco, provocador y sin filtros seg\u00fan avanzan desde el Canal Quickie. <\/p>\n<p data-journey-content=\"true\" data-node-id=\"4\" class=\"css-i9p093 emevuu60\">El espacio, producido por <strong data-node-id=\"4.1\">La Osa Producciones<\/strong>, se emitir\u00e1 en directo de lunes a viernes y ocupar\u00e1 nada menos que <strong data-node-id=\"4.3\">cuatro horas diarias de emisi\u00f3n<\/strong>, desde las 15,30, seg\u00fan ha confirmado la cadena, desvelando as\u00ed la gran duda que quedaba por saber. Por lo tanto, llegar\u00e1 a una franja muy competitiva, ya que deber\u00e1 enfrentarse a &#8216;<a href=\"https:\/\/www.diezminutos.es\/suenos-de-libertad\/\" target=\"_blank\" data-vars-ga-outbound-link=\"https:\/\/www.diezminutos.es\/suenos-de-libertad\/\" data-vars-ga-ux-element=\"Hyperlink\" data-vars-ga-call-to-action=\"Sue\u00f1os de libertad\" data-node-id=\"4.5\" class=\"body-link css-177bzfx emevuu60\" rel=\"nofollow noopener\">Sue\u00f1os de libertad<\/a>&#8216; e &#8216;<a href=\"https:\/\/www.diezminutos.es\/y-ahora-sonsoles\/\" target=\"_blank\" data-vars-ga-outbound-link=\"https:\/\/www.diezminutos.es\/y-ahora-sonsoles\/\" data-vars-ga-ux-element=\"Hyperlink\" data-vars-ga-call-to-action=\"Y ahora Sonsoles\" data-node-id=\"4.7\" class=\"body-link css-177bzfx emevuu60\" rel=\"nofollow noopener\">Y ahora Sonsoles<\/a>&#8216; en Antena 3, &#8216;<a href=\"https:\/\/www.diezminutos.es\/tardear\/\" target=\"_blank\" data-vars-ga-outbound-link=\"https:\/\/www.diezminutos.es\/tardear\/\" data-vars-ga-ux-element=\"Hyperlink\" data-vars-ga-call-to-action=\"Tardear\" data-node-id=\"4.9\" class=\"body-link css-177bzfx emevuu60\" rel=\"nofollow noopener\">Tardear<\/a>&#8216; en Telecinco, &#8216;Malas lenguas&#8217; y &#8216;<a href=\"https:\/\/www.diezminutos.es\/valle-salvaje\/\" target=\"_blank\" data-vars-ga-outbound-link=\"https:\/\/www.diezminutos.es\/valle-salvaje\/\" data-vars-ga-ux-element=\"Hyperlink\" data-vars-ga-call-to-action=\"Valle Salvaje\" data-node-id=\"4.11\" class=\"body-link css-177bzfx emevuu60\" rel=\"nofollow noopener\">Valle Salvaje<\/a>&#8216; en La 1 de RTVE, &#8216;Todo Es Mentira&#8217; en Cuatro y &#8216;Zapeando&#8217; y &#8216;M\u00e1s Vale Tarde&#8217; en laSexta. <a href=\"https:\/\/www.diezminutos.es\/maria-patino\/\" target=\"_blank\" data-vars-ga-outbound-link=\"https:\/\/www.diezminutos.es\/maria-patino\/\" data-vars-ga-ux-element=\"Hyperlink\" data-vars-ga-call-to-action=\"Mar\u00eda Pati\u00f1o\" data-node-id=\"4.13\" class=\"body-link css-177bzfx emevuu60\" rel=\"nofollow noopener\">Mar\u00eda Pati\u00f1o<\/a> ser\u00e1 la presentadora habitual de lunes a jueves, mientras que <strong data-node-id=\"4.15\"><a href=\"https:\/\/www.diezminutos.es\/carlota-corredera\/\" target=\"_blank\" data-vars-ga-outbound-link=\"https:\/\/www.diezminutos.es\/carlota-corredera\/\" data-vars-ga-ux-element=\"Hyperlink\" data-vars-ga-call-to-action=\"Carlota Corredera\" data-node-id=\"4.15.0\" class=\"body-link css-177bzfx emevuu60\" rel=\"nofollow noopener\">Carlota Corredera<\/a><\/strong> se encargar\u00e1 de liderar el formato los viernes. <\/p>\n<p>&#8216;No somos nadie&#8217; llega a Ten con Mar\u00eda Pati\u00f1o y Bel\u00e9n Esteban, pero con grandes ausencias<img draggable=\"true\" alt=\"maria patino y belen esteban en el desfile inaugural de la familia de la tele\" title=\"Maria Patino y Belen Esteban\" loading=\"lazy\" width=\"3000\" height=\"4763\" decoding=\"async\" data-nimg=\"1\" style=\"color:transparent;width:100%;height:auto;\"   src=\"https:\/\/www.europesays.com\/es\/wp-content\/uploads\/2025\/08\/maria-patino-belen-esteban-688b32f672613.jpg\" class=\"css-0 e1g79fud0\"\/><\/p>\n<p>Gtres<\/p>\n<p data-journey-content=\"true\" data-node-id=\"7\" class=\"css-i9p093 emevuu60\">En el plat\u00f3 no faltar\u00e1n rostros conocidos: <strong data-node-id=\"7.1\"><a href=\"https:\/\/www.diezminutos.es\/kiko-matamoros\/\" target=\"_blank\" data-vars-ga-outbound-link=\"https:\/\/www.diezminutos.es\/kiko-matamoros\/\" data-vars-ga-ux-element=\"Hyperlink\" data-vars-ga-call-to-action=\"Kiko Matamoros\" data-node-id=\"7.1.0\" class=\"body-link css-177bzfx emevuu60\" rel=\"nofollow noopener\">Kiko Matamoros<\/a><\/strong> y <strong data-node-id=\"7.3\"><a href=\"https:\/\/www.diezminutos.es\/belen-esteban\/\" target=\"_blank\" data-vars-ga-outbound-link=\"https:\/\/www.diezminutos.es\/belen-esteban\/\" data-vars-ga-ux-element=\"Hyperlink\" data-vars-ga-call-to-action=\"Bel\u00e9n Esteban\" data-node-id=\"7.3.0\" class=\"body-link css-177bzfx emevuu60\" rel=\"nofollow noopener\">Bel\u00e9n Esteban<\/a><\/strong> est\u00e1n confirmados como colaboradores principales. Adem\u00e1s, se suma la pol\u00e9mica <strong data-node-id=\"7.5\">Marta Riesco<\/strong>, que ya pas\u00f3 por TEN anteriormente y <a href=\"https:\/\/www.diezminutos.es\/teleprograma\/programas-tv\/a65868386\/marta-riesco-nuevo-trabajo-reportera-no-somos-nadie-cancelacion-la-familia-de-la-tele\/\" target=\"_blank\" data-vars-ga-outbound-link=\"https:\/\/www.diezminutos.es\/teleprograma\/programas-tv\/a65868386\/marta-riesco-nuevo-trabajo-reportera-no-somos-nadie-cancelacion-la-familia-de-la-tele\/\" data-vars-ga-ux-element=\"Hyperlink\" data-vars-ga-call-to-action=\"vuelve para dar un toque renovado al equipo\" data-node-id=\"7.7\" class=\"body-link css-177bzfx emevuu60\" rel=\"nofollow noopener\">vuelve para dar un toque renovado al equipo<\/a>. Por el contrario, nombres como <strong data-node-id=\"7.9\"><a href=\"https:\/\/www.diezminutos.es\/lydia-lozano\/\" target=\"_blank\" data-vars-ga-outbound-link=\"https:\/\/www.diezminutos.es\/lydia-lozano\/\" data-vars-ga-ux-element=\"Hyperlink\" data-vars-ga-call-to-action=\"Lydia Lozano\" data-node-id=\"7.9.0\" class=\"body-link css-177bzfx emevuu60\" rel=\"nofollow noopener\">Lydia Lozano<\/a><\/strong> y <strong data-node-id=\"7.11\">Chelo Garc\u00eda-Cort\u00e9s<\/strong>, habituales del formato anterior, no formar\u00e1n parte de esta etapa. <a href=\"https:\/\/www.diezminutos.es\/teleprograma\/programas-tv\/a65856647\/lydia-lozano-motivo-no-estara-programa-ten-no-somos-nadie\/\" target=\"_blank\" data-vars-ga-outbound-link=\"https:\/\/www.diezminutos.es\/teleprograma\/programas-tv\/a65856647\/lydia-lozano-motivo-no-estara-programa-ten-no-somos-nadie\/\" data-vars-ga-ux-element=\"Hyperlink\" data-vars-ga-call-to-action=\"Lozano ha declarado necesitar un &quot;cambio de aires&quot;\" data-node-id=\"7.13\" class=\"body-link css-177bzfx emevuu60\" rel=\"nofollow noopener\">Lozano ha declarado necesitar un \u00abcambio de aires\u00bb<\/a> y Chelo, por su parte, prefiere explorar nuevos caminos. <\/p>\n<p><img draggable=\"true\" alt=\"ni que fueramos shhh\" title=\"ni que fueramos shhh\" loading=\"lazy\" width=\"2200\" height=\"1232\" decoding=\"async\" data-nimg=\"1\" style=\"color:transparent;width:100%;height:auto;\"   src=\"https:\/\/www.europesays.com\/es\/wp-content\/uploads\/2025\/08\/ni-que-fueramos-shhh-2-6645d95ca7474.jpg\" class=\"css-0 e1g79fud0\"\/><\/p>\n<p>@canalquickie<\/p>\n<p data-journey-content=\"true\" data-node-id=\"10\" class=\"css-i9p093 emevuu60\">Uno de los elementos m\u00e1s llamativos es el regreso del famoso <strong data-node-id=\"10.1\">&#8216;pisito&#8217;<\/strong>, un plat\u00f3 ambientado en una casa que TEN ya utiliz\u00f3 en programas como &#8216;Ni que fu\u00e9ramos shhh&#8217; o &#8216;Tent\u00e1culos&#8217;. Este recurso escenogr\u00e1fico ofrece cercan\u00eda e intimidad, muy en la l\u00ednea del esp\u00edritu informal del programa. <\/p>\n<p><img src=\"https:\/\/www.europesays.com\/es\/wp-content\/uploads\/2025\/08\/1756277228_114_04c0b0af-4dfe-409a-8e0c-876f8f325877_1664867977.file\" alt=\"Headshot of Ignacio Herruzo Mart\u00ednez\" title=\"Headshot of Ignacio Herruzo Mart\u00ednez\" width=\"100%\" height=\"100%\" decoding=\"async\" loading=\"lazy\" class=\"css-o0wq4v ev8dhu53\"\/><\/p>\n<p>Ignacio es experto en cultura, pero desde hace m\u00e1s de 10 a\u00f1os se ha especializado en cine y series, tanto las que se estrenan en la gran pantalla como en las plataformas de streaming. Lo mismo te habla de los estrenos de Netflix, HBO Max o Amazon Prime Video, como que te cuenta la \u00faltima hora de \u2018Masterchef\u2019 o de cualquier otro programa de televisi\u00f3n. \u00a0\u00a0<\/p>\n<p>Con ya una larga experiencia como cr\u00edtico, conoce las mejores series y pel\u00edculas y le encanta verlas antes que t\u00fa para poder decirte si merecen la pena o no. Conoce todos los estrenos de la semana y le encanta recomendar series y pel\u00edculas a sus amigos, familiares y a los lectores, algo que ha ido haciendo en diferentes blogs personales y a trav\u00e9s de las redes sociales. Le gusta todo: sigue a grandes directores como Martin Scorsese, Quentin Tarantino o Steven Spielberg, y se sabe de memoria todo el universo de Marvel, Star Wars, El se\u00f1or de los anillos y el mundo Disney. \u00a0\u00a0\u00a0<\/p>\n<p>La cultura es su principal hobby y aunque se considera un cin\u00e9filo, tambi\u00e9n le encanta la m\u00fasica, sobre todo internacional, y los videojuegos, a los que dedica todo el tiempo que le deja el cine y las series, claro. El deporte es su otra pasi\u00f3n, que desarroll\u00f3 en sus inicios en el diario deportivo MARCA. \u00a0\u00a0Ignacio Herruzo es Graduado en Periodismo por la Universidad Rey Juan Carlos en 2012. Desde entonces no ha parado de escribir desde que comenz\u00f3 en 2013 en el grupo Hearst, donde ha ejercido de redactor en diferentes webs y revistas como Teleprograma, Supertele y Diez Minutos. \u00a0<\/p>\n","protected":false},"excerpt":{"rendered":"Despu\u00e9s del breve e irregular paso por La 1 con &#8216;La familia de la tele&#8217;, Mar\u00eda Pati\u00f1o y&hellip;\n","protected":false},"author":2,"featured_media":75095,"comment_status":"","ping_status":"","sticky":false,"template":"","format":"standard","meta":{"footnotes":""},"categories":[171],"tags":[253,146,147,25,24,23,214],"class_list":{"0":"post-75094","1":"post","2":"type-post","3":"status-publish","4":"format-standard","5":"has-post-thumbnail","7":"category-tv","8":"tag-discover","9":"tag-entertainment","10":"tag-entretenimiento","11":"tag-es","12":"tag-espana","13":"tag-spain","14":"tag-tv"},"share_on_mastodon":{"url":"","error":""},"_links":{"self":[{"href":"https:\/\/www.europesays.com\/es\/wp-json\/wp\/v2\/posts\/75094","targetHints":{"allow":["GET"]}}],"collection":[{"href":"https:\/\/www.europesays.com\/es\/wp-json\/wp\/v2\/posts"}],"about":[{"href":"https:\/\/www.europesays.com\/es\/wp-json\/wp\/v2\/types\/post"}],"author":[{"embeddable":true,"href":"https:\/\/www.europesays.com\/es\/wp-json\/wp\/v2\/users\/2"}],"replies":[{"embeddable":true,"href":"https:\/\/www.europesays.com\/es\/wp-json\/wp\/v2\/comments?post=75094"}],"version-history":[{"count":0,"href":"https:\/\/www.europesays.com\/es\/wp-json\/wp\/v2\/posts\/75094\/revisions"}],"wp:featuredmedia":[{"embeddable":true,"href":"https:\/\/www.europesays.com\/es\/wp-json\/wp\/v2\/media\/75095"}],"wp:attachment":[{"href":"https:\/\/www.europesays.com\/es\/wp-json\/wp\/v2\/media?parent=75094"}],"wp:term":[{"taxonomy":"category","embeddable":true,"href":"https:\/\/www.europesays.com\/es\/wp-json\/wp\/v2\/categories?post=75094"},{"taxonomy":"post_tag","embeddable":true,"href":"https:\/\/www.europesays.com\/es\/wp-json\/wp\/v2\/tags?post=75094"}],"curies":[{"name":"wp","href":"https:\/\/api.w.org\/{rel}","templated":true}]}}