{"id":750974,"date":"2026-09-06T14:30:23","date_gmt":"2026-09-06T14:30:23","guid":{"rendered":"https:\/\/www.europesays.com\/es\/750974\/"},"modified":"2026-09-06T14:30:23","modified_gmt":"2026-09-06T14:30:23","slug":"susan-sarandon-me-han-quitado-algunas-peliculas-pero-entre-la-gente-me-siento-bienvenida-cine-estrenos-y-criticas","status":"publish","type":"post","link":"https:\/\/www.europesays.com\/es\/750974\/","title":{"rendered":"Susan Sarandon: \u201cMe han quitado algunas pel\u00edculas, pero entre la gente me siento bienvenida\u201d | Cine: estrenos y cr\u00edticas"},"content":{"rendered":"<p class=\"\">La actriz estadounidense Susan Sarandon ha lamentado este domingo su exclusi\u00f3n de algunos proyectos por sus cr\u00edticas a Israel aunque aprecia \u201cun cambio en el relato\u201d, ha dicho en el Festival de Venecia donde presenta The Echo Chamber, pel\u00edcula que adapta \u00faltimo guion del cineasta Bernardo Bertoluci y que compite por el Le\u00f3n de Oro. \u201cCreo que el relato ha cambiado por completo en lo que respecta a la relevancia hist\u00f3rica de Palestina y a los v\u00ednculos del sionismo con Estados Unidos en nuestra pol\u00edtica\u201d, ha respondido a la int\u00e9rprete al ser preguntada por el precio que ha tenido que pagar en lo personal y laboral por su posicionamiento contra la guerra en Gaza. \u201cAun as\u00ed, recientemente me han quitado algunas pel\u00edculas porque hay agencias que siguen dici\u00e9ndole a la gente que no me contrate, pero esa es la estructura de poder. Creo que, entre la gente, y especialmente a nivel internacional, me siento bienvenida\u201d, ha afirmado.<\/p>\n<p>M\u00e1s informaci\u00f3n<\/p>\n<p class=\"\">Sarandon forma parte del reparto, junto al italiano Luca Marinelli y a la sueca Alicia Vikander, de la pel\u00edcula de la director italiano Andrea Pallaoro que narra una \u00edntima historia de amor en el apartamento de un m\u00fasico en la que se entrelazan temas como los cuidados, las dependencias, el deseo o el control de los sentimientos. Sarandon tambi\u00e9n ha recordado su amistad con Bertolucci y su admiraci\u00f3n hacia el maestro italiano desde que viera una de sus primeras obras, El conformista (1970). \u201cM\u00e1s tarde me hice muy amiga de \u00e9l debido a mi relaci\u00f3n con Louis Malle, y lo conoc\u00ed como un tipo divertido\u201d, ha dicho.<\/p>\n<p class=\"\">La actriz estadounidense, ganadora de un oscar en 1996 por Pena de muerte, ha agradecido al director del filme haber contado con ella para el proyecto. \u201cAgradezco a Andrea por no hacer caso de esas advertencias\u201d, ha dicho y ha avisado de que \u201caun existen posturas muy arraigadas dentro de la industria\u201d que le siguen siendo hostiles. <\/p>\n<p class=\"\">El pasado febrero, cuando recogi\u00f3 el Goya Internacional, agradeci\u00f3 a Espa\u00f1a y al presidente del Gobierno su posici\u00f3n respecto a Palestina e Israel: \u201cEstos d\u00edas en los que el mundo est\u00e1 dominado por la violencia y la crueldad, miro a mi alrededor y veo a vuestro presidente y a muchos de estos artistas, y siento que tienen la lucidez moral para ayudarme. Estoy en medio del caos y la represi\u00f3n. Miraros me ayuda a sentirme menos sola y os lo agradezco desde lo m\u00e1s profundo de mi coraz\u00f3n\u201d. Sarandon, nominada otras cuatro veces al premio Oscar por Atlantic City, Thelma y Louise, El aceite de la vida y El cliente\u2014, <a href=\"https:\/\/elpais.com\/cultura\/premios-goya\/2026-02-27\/susan-sarandon-afirma-que-pedro-sanchez-esta-en-el-lado-correcto-de-la-historia-en-su-posicion-sobre-gaza.html\" rel=\"nofollow noopener\" title=\"https:\/\/elpais.com\/cultura\/premios-goya\/2026-02-27\/susan-sarandon-afirma-que-pedro-sanchez-esta-en-el-lado-correcto-de-la-historia-en-su-posicion-sobre-gaza.html\" target=\"_blank\">elogi\u00f3 en la rueda de prensa en v\u00edspera de la gala<\/a> el papel de Pedro S\u00e1nchez en asuntos como Gaza (\u201cest\u00e1 en el lado correcto de la historia\u201d) y destac\u00f3 de Espa\u00f1a \u201cla fortaleza y lucidez moral\u201d al ser \u201cun pa\u00eds capaz de denunciar situaciones como las que se sufren en Gaza\u201d.<\/p>\n","protected":false},"excerpt":{"rendered":"La actriz estadounidense Susan Sarandon ha lamentado este domingo su exclusi\u00f3n de algunos proyectos por sus cr\u00edticas a&hellip;\n","protected":false},"author":2,"featured_media":750975,"comment_status":"","ping_status":"","sticky":false,"template":"","format":"standard","meta":{"footnotes":""},"categories":[91],"tags":[1014,177,209,9265,146,147,25,24,14652,5270,9560,753,23,37014],"class_list":["post-750974","post","type-post","status-publish","format-standard","has-post-thumbnail","category-entretenimiento","tag-actores","tag-cine","tag-cultura","tag-directores-cine","tag-entertainment","tag-entretenimiento","tag-es","tag-espana","tag-festival-venecia","tag-festivales","tag-festivales-cine","tag-peliculas","tag-spain","tag-susan-sarandon"],"share_on_mastodon":{"url":"https:\/\/pubeurope.com\/@es\/117224579277728637","error":""},"_links":{"self":[{"href":"https:\/\/www.europesays.com\/es\/wp-json\/wp\/v2\/posts\/750974","targetHints":{"allow":["GET"]}}],"collection":[{"href":"https:\/\/www.europesays.com\/es\/wp-json\/wp\/v2\/posts"}],"about":[{"href":"https:\/\/www.europesays.com\/es\/wp-json\/wp\/v2\/types\/post"}],"author":[{"embeddable":true,"href":"https:\/\/www.europesays.com\/es\/wp-json\/wp\/v2\/users\/2"}],"replies":[{"embeddable":true,"href":"https:\/\/www.europesays.com\/es\/wp-json\/wp\/v2\/comments?post=750974"}],"version-history":[{"count":0,"href":"https:\/\/www.europesays.com\/es\/wp-json\/wp\/v2\/posts\/750974\/revisions"}],"wp:featuredmedia":[{"embeddable":true,"href":"https:\/\/www.europesays.com\/es\/wp-json\/wp\/v2\/media\/750975"}],"wp:attachment":[{"href":"https:\/\/www.europesays.com\/es\/wp-json\/wp\/v2\/media?parent=750974"}],"wp:term":[{"taxonomy":"category","embeddable":true,"href":"https:\/\/www.europesays.com\/es\/wp-json\/wp\/v2\/categories?post=750974"},{"taxonomy":"post_tag","embeddable":true,"href":"https:\/\/www.europesays.com\/es\/wp-json\/wp\/v2\/tags?post=750974"}],"curies":[{"name":"wp","href":"https:\/\/api.w.org\/{rel}","templated":true}]}}