{"id":751000,"date":"2026-09-06T14:54:43","date_gmt":"2026-09-06T14:54:43","guid":{"rendered":"https:\/\/www.europesays.com\/es\/751000\/"},"modified":"2026-09-06T14:54:43","modified_gmt":"2026-09-06T14:54:43","slug":"apple-prepara-la-mayor-ola-de-lanzamientos-de-productos-de-su-historia-a-partir-de-2026","status":"publish","type":"post","link":"https:\/\/www.europesays.com\/es\/751000\/","title":{"rendered":"Apple prepara la mayor ola de lanzamientos de productos de su historia a partir de 2026"},"content":{"rendered":"<p><a href=\"https:\/\/profile.google.com\/cp\/CgsvZy8xMjJ5c21iMg\" target=\"_blank\" rel=\"nofollow noopener\">S\u00edganos y l\u00e9anos en Google Discover<\/a><\/p>\n<p>Apple ha dedicado buena parte de los \u00faltimos 15 a\u00f1os a perfeccionar sus l\u00edneas de productos existentes y a lanzar servicios que le permitan generar ingresos recurrentes. Si bien en ese periodo present\u00f3 algunas categor\u00edas novedosas, como el Apple Watch y los AirPods, no ha habido un flujo constante de nuevos conceptos.<\/p>\n<p>Todo esto est\u00e1 a punto de cambiar. El inicio ser\u00e1 el evento \u201cSurprise and Shine\u201d de la compa\u00f1\u00eda, programado para el 9 de septiembre. El nuevo director ejecutivo, <strong>John Ternus<\/strong>, subir\u00e1 al escenario para presentar los \u00faltimos iPhone y Apple Watch, pero este ser\u00e1 apenas el comienzo. Apple est\u00e1 a punto de iniciar la mayor serie de lanzamientos de dispositivos de su historia, con una oleada de nuevos formatos y l\u00edneas de productos completamente nuevas que llegar\u00e1n en 2026, 2027 y los a\u00f1os siguientes.<\/p>\n<p>Apple lleva cinco a\u00f1os trabajando en este proyecto y <strong>Ternus<\/strong> ha promocionado los planes para una nueva era de innovaci\u00f3n. \u201cEstoy muy entusiasmado con todo lo que tenemos preparado. La semana que viene tendremos un gran lanzamiento que ser\u00e1 fenomenal\u201d, escribi\u00f3 a los empleados el martes. \u201cMe entusiasma igualmente lo que vendr\u00e1 despu\u00e9s, incluyendo los incre\u00edbles productos en los que ya estamos trabajando y los que a\u00fan no hemos imaginado\u201d.<\/p>\n<p>Aunque <strong>Tim Cook<\/strong> era el director ejecutivo de Apple cuando se concibieron y desarrollaron todos estos productos, en gran medida son obra del equipo de <strong>Ternus<\/strong> dentro de la compa\u00f1\u00eda. Cuando <strong>Cook<\/strong> decidi\u00f3 que <strong>Ternus<\/strong> fuera quien los presentara, puso de manifiesto la siguiente fase de <strong>Apple<\/strong>. Por eso, la transici\u00f3n en la direcci\u00f3n ejecutiva se program\u00f3 para el 1 de septiembre, pocos d\u00edas antes del evento en el que <strong>Ternus<\/strong> presentar\u00e1 el trabajo que ha supervisado.<\/p>\n<p><img decoding=\"async\" loading=\"lazy\" alt=\"iPhone plegable, iPhone 18 y AirPods 5, los nuevos anuncios que prepara Apple\" width=\"1035\" height=\"1920\" src=\"https:\/\/www.europesays.com\/es\/wp-content\/uploads\/2026\/09\/web_globo_anunciosiphone_1200-scaled.jpg\" viewbox=\"0 0 1035 1920\" class=\"lazyload\"\/>Gr\u00e1fico LR<\/p>\n<p>Estos son los numerosos productos que Apple est\u00e1 desarrollando para los pr\u00f3ximos a\u00f1os. Por supuesto, los planes y los plazos de la compa\u00f1\u00eda seguir\u00e1n siendo flexibles en muchos casos, y algunos dispositivos podr\u00edan retrasarse o cancelarse por completo. Un portavoz de Apple, con sede en Cupertino, California, declin\u00f3 hacer comentarios.<\/p>\n<p>Qu\u00e9 cabe esperar el 9 de septiembre, as\u00ed como a finales de 2026 y principios de 2027:<\/p>\n<p><strong>iPhone plegable:<\/strong> La pieza central del lanzamiento de productos de este a\u00f1o ser\u00e1 un tel\u00e9fono inteligente plegable que muchos dentro de Apple denominan iPhone Ultra. Tendr\u00e1 una gran pantalla interior y una peque\u00f1a pantalla externa, y ser\u00e1 aproximadamente del tama\u00f1o de un pasaporte cuando est\u00e9 plegado. Entre sus principales caracter\u00edsticas se incluyen un chip A20 Pro, un m\u00f3dem C2 propio, opciones de color oscuro y claro, c\u00e1maras est\u00e1ndar y ultra gran angular, sin teleobjetivo, compatibilidad con Touch ID, multitarea con pantalla dividida, una bisagra avanzada y un pliegue mucho menos visible que en dispositivos plegables anteriores. Se espera que el precio supere los US$2.000.<\/p>\n<p><strong>iPhone 18 Pro y Pro Max:<\/strong> Los iPhone de gama Pro tendr\u00e1n un aspecto muy similar al de los modelos anteriores, salvo por las nuevas opciones de color azul claro y rojo oscuro. Las principales novedades ser\u00e1n internas: procesadores A20 Pro, m\u00f3dems C2 de fabricaci\u00f3n propia, mayor duraci\u00f3n de la bater\u00eda y c\u00e1maras de vapor mejoradas para evitar el sobrecalentamiento. Tambi\u00e9n incluir\u00e1n mejoras en la c\u00e1mara, como un diafragma mec\u00e1nico para ajustar con precisi\u00f3n la iluminaci\u00f3n y el control de profundidad, al menos en el Pro Max.<\/p>\n<p><strong>Apple Watch Series 12 y Ultra 4:<\/strong> La actualizaci\u00f3n de este a\u00f1o del Apple Watch incluir\u00e1 nuevos colores y cajas de cer\u00e1mica en el Series 12, adem\u00e1s de nuevas funciones de salud y bienestar. Los componentes internos actualizados potenciar\u00e1n la versi\u00f3n con IA del asistente Siri. Una de las novedades que se est\u00e1 probando es un sensor de frecuencia card\u00edaca continuo que puede funcionar durante todo el d\u00eda, independientemente de si la persona est\u00e1 haciendo ejercicio o no.<\/p>\n<p><strong>AirPods 5:<\/strong> Este modelo supondr\u00e1 una renovaci\u00f3n de los AirPods de gama baja, con versiones tanto de los auriculares normales como de aquellos con cancelaci\u00f3n de ruido. No se trata de los AirPods con c\u00e1maras integradas para IA, cuyo lanzamiento se retras\u00f3 y que llegar\u00edan el pr\u00f3ximo a\u00f1o.<\/p>\n<p><strong>Decodificador Apple TV:<\/strong> El nuevo Apple TV tendr\u00e1 un aspecto muy similar al del modelo actual, pero incluir\u00e1 un chip m\u00e1s r\u00e1pido que agilizar\u00e1 la navegaci\u00f3n por el sistema operativo y habilitar\u00e1 la IA de Siri por primera vez. Tambi\u00e9n contar\u00e1 con un mando a distancia mejorado.<\/p>\n<p><strong>HomePod mini:<\/strong> La historia del HomePod mini es similar a la del Apple TV: no habr\u00e1 grandes cambios est\u00e9ticos en el altavoz inteligente, pero un procesador m\u00e1s r\u00e1pido mejorar\u00e1 las capacidades de IA de Siri. La compa\u00f1\u00eda tambi\u00e9n ha estado probando un nuevo HomePod de tama\u00f1o completo con soporte para IA de Siri, aunque su lanzamiento no parece inminente.<\/p>\n<p><strong>iPad mini con pantalla Oled:<\/strong> El nuevo iPad mini representa una de las mayores novedades en la historia del producto, ya que incorporar\u00e1 por primera vez una pantalla Oled, lo que har\u00e1 que ver videos, jugar y realizar otras tareas sea una experiencia m\u00e1s placentera. La tecnolog\u00eda Oled, acr\u00f3nimo de diodo org\u00e1nico emisor de luz, ofrece colores m\u00e1s vibrantes, contrastes m\u00e1s n\u00edtidos y negros puros, al no necesitar retroiluminaci\u00f3n.<\/p>\n<p><strong>Actualizaci\u00f3n del iMac con chip M6:<\/strong> Apple est\u00e1 preparando una actualizaci\u00f3n del iMac con el chip M6 y, posiblemente, nuevos colores de carcasa. Esta ser\u00e1 la primera actualizaci\u00f3n del ordenador de sobremesa en dos a\u00f1os.<\/p>\n<p><strong>Actualizaci\u00f3n del MacBook Pro de 14 pulgadas con chip M6:<\/strong> El nuevo MacBook Pro de 14 pulgadas tendr\u00e1 el mismo aspecto que el modelo actual, pero sustituir\u00e1 el chip M5 de gama b\u00e1sica por el chip M6 de entrada.<\/p>\n<p><strong>Primeros MacBooks con pantalla t\u00e1ctil y Oled:<\/strong> Tras decidir finalmente, alrededor de 2022, su incursi\u00f3n en el mercado de los port\u00e1tiles con pantalla t\u00e1ctil, Apple prepara la mayor renovaci\u00f3n del MacBook Pro en cinco a\u00f1os. El modelo redise\u00f1ado incorporar\u00e1 una pantalla multit\u00e1ctil, tecnolog\u00eda Oled y el elemento Dynamic Island presente en el iPhone. Adem\u00e1s, contar\u00e1 con una interfaz de software m\u00e1s adaptada al tacto. Este equipo estar\u00e1 disponible en tama\u00f1os de 14 y 16 pulgadas e incluir\u00e1 los procesadores M5 Pro y M5 Max, lanzados en marzo.<\/p>\n<p><strong>Primer centro de control para el hogar inteligente con pantalla:<\/strong> La otra gran novedad de Apple, que llegar\u00e1 en los pr\u00f3ximos meses, ser\u00e1 un centro de control para el hogar con una pantalla cuadrada de aproximadamente 7 pulgadas. La IA de Siri y el reconocimiento facial ofrecer\u00e1n contenido personalizado al usuario. Estar\u00e1 disponible en versiones que se podr\u00e1n colocar en la mesita de noche o fijar a la pared, ejecutar widgets, esferas de reloj y aplicaciones, y permitir tanto FaceTime como el control del hogar inteligente. Este producto representar\u00e1 la mayor apuesta de Apple hasta la fecha en el mercado del hogar inteligente.<\/p>\n","protected":false},"excerpt":{"rendered":"S\u00edganos y l\u00e9anos en Google Discover Apple ha dedicado buena parte de los \u00faltimos 15 a\u00f1os a perfeccionar&hellip;\n","protected":false},"author":2,"featured_media":751001,"comment_status":"","ping_status":"","sticky":false,"template":"","format":"standard","meta":{"footnotes":""},"categories":[81],"tags":[7239,4952,10737,3288,10740,119,123,124,3903,10738,10734,209,634,10736,10735,10744,25,24,10743,10742,1671,2893,7531,9416,10745,1023,166,117,121,122,10741,23,118,10739,120,5535,4664],"class_list":["post-751000","post","type-post","status-publish","format-standard","has-post-thumbnail","category-ciencia-y-tecnologia","tag-agro","tag-ambiente","tag-automotor","tag-bancos","tag-bolsas","tag-ciencia","tag-ciencia-y-tecnologia","tag-cienciaytecnologia","tag-comercio","tag-comunicaciones","tag-construccin","tag-cultura","tag-deporte","tag-educacin","tag-energa-y-minas","tag-entretenimento","tag-es","tag-espana","tag-espectculos","tag-gastronoma","tag-hacienda","tag-industria","tag-judicial","tag-laboral","tag-legislacin-marcas","tag-moda","tag-salud","tag-science","tag-science-and-technology","tag-scienceandtechnology","tag-seguros","tag-spain","tag-technology","tag-tecnologa","tag-tecnologia","tag-transporte","tag-turismo"],"share_on_mastodon":{"url":"","error":"Validation failed: Text character limit of 500 exceeded"},"_links":{"self":[{"href":"https:\/\/www.europesays.com\/es\/wp-json\/wp\/v2\/posts\/751000","targetHints":{"allow":["GET"]}}],"collection":[{"href":"https:\/\/www.europesays.com\/es\/wp-json\/wp\/v2\/posts"}],"about":[{"href":"https:\/\/www.europesays.com\/es\/wp-json\/wp\/v2\/types\/post"}],"author":[{"embeddable":true,"href":"https:\/\/www.europesays.com\/es\/wp-json\/wp\/v2\/users\/2"}],"replies":[{"embeddable":true,"href":"https:\/\/www.europesays.com\/es\/wp-json\/wp\/v2\/comments?post=751000"}],"version-history":[{"count":0,"href":"https:\/\/www.europesays.com\/es\/wp-json\/wp\/v2\/posts\/751000\/revisions"}],"wp:featuredmedia":[{"embeddable":true,"href":"https:\/\/www.europesays.com\/es\/wp-json\/wp\/v2\/media\/751001"}],"wp:attachment":[{"href":"https:\/\/www.europesays.com\/es\/wp-json\/wp\/v2\/media?parent=751000"}],"wp:term":[{"taxonomy":"category","embeddable":true,"href":"https:\/\/www.europesays.com\/es\/wp-json\/wp\/v2\/categories?post=751000"},{"taxonomy":"post_tag","embeddable":true,"href":"https:\/\/www.europesays.com\/es\/wp-json\/wp\/v2\/tags?post=751000"}],"curies":[{"name":"wp","href":"https:\/\/api.w.org\/{rel}","templated":true}]}}