{"id":751014,"date":"2026-09-06T15:08:15","date_gmt":"2026-09-06T15:08:15","guid":{"rendered":"https:\/\/www.europesays.com\/es\/751014\/"},"modified":"2026-09-06T15:08:15","modified_gmt":"2026-09-06T15:08:15","slug":"veronica-sanz-abandona-lasexta-despues-de-siete-anos-y-ficha-por-la-septima","status":"publish","type":"post","link":"https:\/\/www.europesays.com\/es\/751014\/","title":{"rendered":"Ver\u00f3nica Sanz abandona laSexta despu\u00e9s de siete a\u00f1os y ficha por La S\u00e9ptima"},"content":{"rendered":"<p class=\"c-paragraph\">Nuevo movimiento en el mundo de la comunicaci\u00f3n.<b> Ver\u00f3nica Sanz<\/b>, rostro habitual de <a href=\"https:\/\/www.20minutos.es\/tags\/instituciones-empresas\/la-sexta.html\" title=\"La Sexta\" rel=\"nofollow noopener\" target=\"_blank\">laSexta<\/a> durante los \u00faltimos siete a\u00f1os, deja el canal de Atresmedia tras<b> fichar por <a href=\"https:\/\/www.20minutos.es\/tags\/temas\/la-septima.html\" title=\"La S\u00e9ptima\" rel=\"nofollow noopener\" target=\"_blank\">La S\u00e9ptima<\/a>.<\/b><\/p>\n<p class=\"c-paragraph\">Con este nuevo fichaje, la nueva cadena de Jos\u00e9 Miguel Contreras, que arrancar\u00e1 sus emisiones el 5 de noviembre, <b>cierra su plantel de presentadores<\/b>, tal y como\u00a0ha adelantado este domingo <a href=\"https:\/\/www.elplural.com\/extratele\/septima-cierra-mercado-fichajes-incorporacion-veronica-sanz_399448102?app\" rel=\"nofollow noreferrer noopener\" target=\"_blank\">El Plural<\/a> y ha confirmado el canal en sus redes.<\/p>\n<p class=\"c-paragraph\">En la cadena verde, Sanz ha estado ligada estos a\u00f1os a las marcas de laSexta Noche y laSexta Xplica, programa del que se despidi\u00f3 hace solo unas semanas con un enigm\u00e1tico mensaje que ahora cobra todo el sentido.<\/p>\n<p class=\"c-paragraph\">\u00abDespido un programa muy especial. Es muy especial para esta cadena porque es laSexta Xplica n\u00famero 200, y es muy especial para m\u00ed porque es mi \u00faltimo laSexta Xplica. Se acaba mi labor veraniega. La semana que viene tienen aqu\u00ed a Jos\u00e9 Y\u00e9lamo\u00bb, avanzaba en su despedida la periodista.<\/p>\n<p class=\"c-paragraph\">\u00abY respecto a m\u00ed, los sue\u00f1os no llegan esperando, as\u00ed que <b>les veo all\u00ed donde est\u00e9 la acci\u00f3n<\/b>. Pronto. Cu\u00eddense, concluia. Ese \u00aball\u00ed\u00bb ya tiene nombre, La S\u00e9ptima, que ya tiene en su n\u00f3mina a nombres como <b>Javier Ruiz,\u00a0Sarah Santaolalla,<\/b>\u00a0<b>Roc\u00edo Delgado, Alba Carrillo, Marta M\u00e1rquez, Quequ\u00e9, Luj\u00e1n Arg\u00fcelles y Noor Ben Yessef<\/b>.<\/p>\n","protected":false},"excerpt":{"rendered":"Nuevo movimiento en el mundo de la comunicaci\u00f3n. Ver\u00f3nica Sanz, rostro habitual de laSexta durante los \u00faltimos siete&hellip;\n","protected":false},"author":2,"featured_media":751015,"comment_status":"","ping_status":"","sticky":false,"template":"","format":"standard","meta":{"footnotes":""},"categories":[174],"tags":[255,51,146,147,25,24,256,5622,7457,23,575,27036],"class_list":["post-751014","post","type-post","status-publish","format-standard","has-post-thumbnail","category-famosos","tag-celebrities","tag-deja","tag-entertainment","tag-entretenimiento","tag-es","tag-espana","tag-famosos","tag-lasexta","tag-sanz","tag-spain","tag-tras","tag-veronica"],"share_on_mastodon":{"url":"https:\/\/pubeurope.com\/@es\/117224728377370320","error":""},"_links":{"self":[{"href":"https:\/\/www.europesays.com\/es\/wp-json\/wp\/v2\/posts\/751014","targetHints":{"allow":["GET"]}}],"collection":[{"href":"https:\/\/www.europesays.com\/es\/wp-json\/wp\/v2\/posts"}],"about":[{"href":"https:\/\/www.europesays.com\/es\/wp-json\/wp\/v2\/types\/post"}],"author":[{"embeddable":true,"href":"https:\/\/www.europesays.com\/es\/wp-json\/wp\/v2\/users\/2"}],"replies":[{"embeddable":true,"href":"https:\/\/www.europesays.com\/es\/wp-json\/wp\/v2\/comments?post=751014"}],"version-history":[{"count":0,"href":"https:\/\/www.europesays.com\/es\/wp-json\/wp\/v2\/posts\/751014\/revisions"}],"wp:featuredmedia":[{"embeddable":true,"href":"https:\/\/www.europesays.com\/es\/wp-json\/wp\/v2\/media\/751015"}],"wp:attachment":[{"href":"https:\/\/www.europesays.com\/es\/wp-json\/wp\/v2\/media?parent=751014"}],"wp:term":[{"taxonomy":"category","embeddable":true,"href":"https:\/\/www.europesays.com\/es\/wp-json\/wp\/v2\/categories?post=751014"},{"taxonomy":"post_tag","embeddable":true,"href":"https:\/\/www.europesays.com\/es\/wp-json\/wp\/v2\/tags?post=751014"}],"curies":[{"name":"wp","href":"https:\/\/api.w.org\/{rel}","templated":true}]}}