{"id":751016,"date":"2026-09-06T15:12:22","date_gmt":"2026-09-06T15:12:22","guid":{"rendered":"https:\/\/www.europesays.com\/es\/751016\/"},"modified":"2026-09-06T15:12:22","modified_gmt":"2026-09-06T15:12:22","slug":"soundgarden-shakra-metalite-www-rafabasa-com","status":"publish","type":"post","link":"https:\/\/www.europesays.com\/es\/751016\/","title":{"rendered":"SOUNDGARDEN &#8211; SHAKRA &#8211; METALITE. &#8211; WWW.RAFABASA.COM"},"content":{"rendered":"<p>\u00a0<\/p>\n<p style=\"text-align: center;\"><strong><a href=\"#SOUNDGARDEN\">Reuni\u00f3n de SOUNDGARDEN<\/a> \u2013 <a href=\"#SHAKRA\">V\u00eddeo de SHAKRA<\/a> \u2013 <a href=\"#METALITE\">Single de METALITE<\/a>.<\/strong><\/p>\n<p><strong><a href=\"https:\/\/www.soundgardenworld.com\/\" target=\"_blank\" rel=\"noopener nofollow\">SOUNDGARDEN<\/a><\/strong> se reunir\u00e1n el 9 de septiembre en el partido de los Seattle Seahwaks que se celebrar\u00e1 en el Lumen Field De Seattle.<\/p>\n<p>Los miembros originales Kim Thayil, Ben Sheppard y Matt Cameron estar\u00e1n acompa\u00f1ados por la cantante de THE PRETTY RECKLESS Taylor Momsen y el guitarrista de PEARL JAM Mike McCready.<\/p>\n<p>En principio la banda tocar\u00e1 un par de temas o un medley.<\/p>\n<p>En una nueva entrevista con Molly Shen de KOMO News, el guitarrista <strong>Kim Thayil<\/strong> habl\u00f3 sobre el \u00e1lbum en el que \u00e9l y los dem\u00e1s miembros supervivientes de <strong><a href=\"https:\/\/www.soundgardenworld.com\/\" target=\"_blank\" rel=\"noopener nofollow\">SOUNDGARDEN<\/a><\/strong> est\u00e1n trabajando, el cual incluye grabaciones in\u00e9ditas realizadas con el fallecido vocalista Chris Cornell antes de su muerte en 2017. <strong>Thayil<\/strong>, el baterista Matt Cameron y el bajista Ben Shepherd colaboran con el productor Terry Date, quien ya produjo los \u00e1lbumes de Soundgarden \u00abLouder Than Love\u00bb (1989) y \u00abBadmotorfinger\u00bb (1991).<\/p>\n<p><strong>Kim<\/strong> dijo (seg\u00fan la transcripci\u00f3n de BLABBERMOUTH.NET): \u00abFue muy diferente a otros discos. No empiezas en un punto con ideas de canciones y demos y grabas la bater\u00eda y lo vas construyendo. Tuvimos que trabajar en una direcci\u00f3n diferente. Tuvimos que construir nuestras interpretaciones. Es decir, las canciones estaban pr\u00e1cticamente terminadas, pero las grabaciones y las interpretaciones no, excepto por lo que ten\u00edamos con las voces y algo de bater\u00eda. As\u00ed que tuvimos que\u2026 Fue muy minucioso. Tuvimos que desarmarlo todo y volver a armarlo. Y, de nuevo, pasar mucho tiempo en el estudio escuchando el material es a la vez\u2026 Es un gran placer. Nos gener\u00f3 mucho entusiasmo, una oportunidad, pero tambi\u00e9n es un poco dif\u00edcil. Y constantemente est\u00e1s equilibrando la responsabilidad y el deber hacia el material y hacia el trabajo de un querido amigo y nuestro trabajo juntos. As\u00ed que fue muy inusual. Fue algo extra\u00f1o de hacer. Y s\u00e9 que no somos los \u00fanicos que\u2026 han tenido que explorar el trabajo y las relaciones con \u00e9l en una situaci\u00f3n similar.\u00bb<\/p>\n<p><img fetchpriority=\"high\" decoding=\"async\" src=\"https:\/\/www.europesays.com\/es\/wp-content\/uploads\/2026\/09\/soundgarden2026_1_500x267.jpg\" alt=\"RAMMSTEIN\" width=\"500\" height=\"267\"\/><\/p>\n<p>La banda sigue preparando su <a href=\"https:\/\/www.rafabasa.com\/2026\/07\/29\/niagara-soundgarden-la-locura-de-baco\/#SOUNDGARDEN\" rel=\"nofollow noopener\" target=\"_blank\">disco in\u00e9dito<\/a>.<\/p>\n<p>Las \u00faltimas novedades del grupo en este <a href=\"https:\/\/www.rafabasa.com\/2022\/03\/11\/anvil-soundgarden-retrofaith\/#SOUNDGARDEN\" rel=\"nofollow noopener\" target=\"_blank\">bloque<\/a>.<\/p>\n<p>\u00a0<\/p>\n<p><a href=\"https:\/\/www.facebook.com\/ShakraBand\/\" target=\"_blank\" rel=\"noopener nofollow\"><strong>SHAKRA<\/strong><\/a> han estrenado un nuevo v\u00eddeo para el tema \u201cLet The Show Begin\u201d.<\/p>\n<p><a href=\"https:\/\/www.facebook.com\/ShakraBand\/\" target=\"_blank\" rel=\"noopener nofollow\"><strong>SHAKRA<\/strong><\/a> editan el 4 de septiembre a trav\u00e9s de Frontiers Music titulado \u201cJust Live Loud\u201d.<\/p>\n<p>M\u00e1s detalles en esta <a href=\"https:\/\/www.rafabasa.com\/2026\/05\/22\/savatage-haken-shakra-sabbat\/\" rel=\"nofollow noopener\" target=\"_blank\">noticia<\/a> y los singles anteriores en <a href=\"https:\/\/www.rafabasa.com\/2026\/07\/30\/machine-head-shakra-iridium\/#SHAKRA\" rel=\"nofollow noopener\" target=\"_blank\">esta<\/a>.<\/p>\n<p>\u00a0<\/p>\n<p>\u00a0<\/p>\n<p>A continuaci\u00f3n ten\u00e9is el nuevo single de <a href=\"https:\/\/www.facebook.com\/metalitemetal\" target=\"_blank\" rel=\"noopener nofollow\"><strong>METALITE<\/strong><\/a> \u201cThe Metal Elite\u201d.<\/p>\n<p><a href=\"https:\/\/www.facebook.com\/metalitemetal\" target=\"_blank\" rel=\"noopener nofollow\"><strong>METALITE<\/strong><\/a> sacar\u00e1n el 25 de septiembre s trav\u00e9s de Reigning Phoenix Music un nuevo disco titulado \u201cDiscovery\u201d.<\/p>\n<p>Todos los detalles en esta <a href=\"https:\/\/www.rafabasa.com\/2026\/07\/27\/till-lindemann-queen-metalite-kraanium\/#METALITE\" rel=\"nofollow noopener\" target=\"_blank\">noticia<\/a>.<\/p>\n<p align=\"center\">Sigue el \u00a0<a href=\"https:\/\/whatsapp.com\/channel\/0029VaCprxVBA1f555USvT2O\" target=\"_blank\" rel=\"nofollow noopener\">Canal de RAFABASA.COM en WhatsApp<\/a>, donde encontrar\u00e1s todas nuestras novedades al instante<\/p>\n<p>\u00a0<\/p>\n<p>&#13;<\/p>\n<tr>&#13;<\/p>\n<td width=\"50%\"><a href=\"https:\/\/carontestudio.com\/agencia-marketing-musical\/?utm_source=referal&amp;utm_medium=banner1&amp;utm_capaign=rafabasa\" target=\"_blank\" rel=\"noopener nofollow\"><img loading=\"lazy\" decoding=\"async\" src=\"https:\/\/www.europesays.com\/es\/wp-content\/uploads\/2026\/09\/1788707541_444_banner_caronte_jon1_09_26.gif\" alt=\"CARONTE\" width=\"216\" height=\"305\"\/><\/a><\/td>\n<p>&#13;<\/p>\n<td width=\"50%\"><a href=\"https:\/\/www.ginetarockfest.es\/\" target=\"_blank\" rel=\"noopener nofollow\"><img loading=\"lazy\" decoding=\"async\" src=\"https:\/\/www.europesays.com\/es\/wp-content\/uploads\/2026\/09\/1788707542_10_banner_gineta_rock12_08_26.jpg\" alt=\"GINETA ROCK 2026\" width=\"216\" height=\"270\"\/><\/a><\/td>\n<p>&#13;<br \/>\n  <\/tr>\n<p>&#13;<\/p>\n","protected":false},"excerpt":{"rendered":"\u00a0 Reuni\u00f3n de SOUNDGARDEN \u2013 V\u00eddeo de SHAKRA \u2013 Single de METALITE. SOUNDGARDEN se reunir\u00e1n el 9 de&hellip;\n","protected":false},"author":2,"featured_media":751017,"comment_status":"","ping_status":"","sticky":false,"template":"","format":"standard","meta":{"footnotes":""},"categories":[170],"tags":[146,147,25,24,123417,184,185,90967,515,23],"class_list":["post-751016","post","type-post","status-publish","format-standard","has-post-thumbnail","category-musica","tag-entertainment","tag-entretenimiento","tag-es","tag-espana","tag-metalite","tag-music","tag-musica","tag-shakra","tag-soundgarden","tag-spain"],"share_on_mastodon":{"url":"https:\/\/pubeurope.com\/@es\/117224745534339124","error":""},"_links":{"self":[{"href":"https:\/\/www.europesays.com\/es\/wp-json\/wp\/v2\/posts\/751016","targetHints":{"allow":["GET"]}}],"collection":[{"href":"https:\/\/www.europesays.com\/es\/wp-json\/wp\/v2\/posts"}],"about":[{"href":"https:\/\/www.europesays.com\/es\/wp-json\/wp\/v2\/types\/post"}],"author":[{"embeddable":true,"href":"https:\/\/www.europesays.com\/es\/wp-json\/wp\/v2\/users\/2"}],"replies":[{"embeddable":true,"href":"https:\/\/www.europesays.com\/es\/wp-json\/wp\/v2\/comments?post=751016"}],"version-history":[{"count":0,"href":"https:\/\/www.europesays.com\/es\/wp-json\/wp\/v2\/posts\/751016\/revisions"}],"wp:featuredmedia":[{"embeddable":true,"href":"https:\/\/www.europesays.com\/es\/wp-json\/wp\/v2\/media\/751017"}],"wp:attachment":[{"href":"https:\/\/www.europesays.com\/es\/wp-json\/wp\/v2\/media?parent=751016"}],"wp:term":[{"taxonomy":"category","embeddable":true,"href":"https:\/\/www.europesays.com\/es\/wp-json\/wp\/v2\/categories?post=751016"},{"taxonomy":"post_tag","embeddable":true,"href":"https:\/\/www.europesays.com\/es\/wp-json\/wp\/v2\/tags?post=751016"}],"curies":[{"name":"wp","href":"https:\/\/api.w.org\/{rel}","templated":true}]}}