{"id":751060,"date":"2026-09-06T15:46:21","date_gmt":"2026-09-06T15:46:21","guid":{"rendered":"https:\/\/www.europesays.com\/es\/751060\/"},"modified":"2026-09-06T15:46:21","modified_gmt":"2026-09-06T15:46:21","slug":"donde-ver-el-valencia-barcelona-de-laliga-hoy-por-tv-en-directo-y-online","status":"publish","type":"post","link":"https:\/\/www.europesays.com\/es\/751060\/","title":{"rendered":"D\u00f3nde ver el Valencia &#8211; Barcelona de LaLiga hoy por TV, en directo y online"},"content":{"rendered":"<p class=\"ft-text\"><strong>El FC Barcelona se da cita con el Valencia hoy domingo 6 de agosto a las 16:15 horas (CEST) en Mestalla <\/strong>en el marco de la jornada 4 de LaLiga EA Sports. El conjunto azulgrana afronta este dif\u00edcil desplazamiento con el objetivo de dar continuidad a su gran inicio de temporada y aprovechar el &#8216;pinchazo&#8217; del Real Madrid para empezar a marcar terreno en la carrera por la clasificaci\u00f3n general.<\/p>\n<p class=\"ft-text\">La exhibici\u00f3n ante un combativo Rayo Vallecano (5-2), sumada a los anteriores triunfos contra el Elche y el Athletic Club, han llevado a los de Hansi Flick a experimentar un inicio de temporada so\u00f1ado. Ahora, en el siempre dif\u00edcil Mestalla, llega el momento de refrendarlas antes de afrontar el ansiado estreno en la presente edici\u00f3n de la Champions League.<\/p>\n<p class=\"ft-text\">En las ant\u00edpodas de lo an\u00edmico se encuentra el<strong> Valencia, que est\u00e1 teniendo un inicio de temporada para olvidar<\/strong>. El conjunto &#8216;che&#8217; cuenta con un \u00fanico punto en su casillero gracias al empate inaugural contra el Celta, pero las sensaciones han empeorado progresivamente tras las derrotas ante Betis y D\u00e9por.<\/p>\n<p><img decoding=\"async\" src=\"https:\/\/www.europesays.com\/es\/wp-content\/uploads\/2026\/09\/18ea6f83-ff3c-43e7-9ab1-b58ebfd3beac_alta-libre-aspect-ratio_default_0_x1000y444.jpg\" width=\"1200\" height=\"800\" alt=\"Deportivo - Valencia.\" class=\"ft-helper-img-rd\" loading=\"lazy\" fetchpriority=\"auto\"\/><\/p>\n<p class=\"ft-helper-fontColor-quaternary ft-helper-fontSize-body-S ft-helper-spacer-t-xxs\">Deportivo &#8211; Valencia.  \/ MONCHO FUENTES \/ EFE<\/p>\n<p>\u00bfD\u00f3nde ver el Valencia &#8211; Barcelona de LaLiga por TV y en directo?<\/p>\n<p class=\"ft-text\">En Espa\u00f1a, el partido de LaLiga EA Sports entre Bar\u00e7a y Valencia de la jornada 4 de LaLiga EA Sports, se podr\u00e1 ver por TV a trav\u00e9s de <strong>Movistar+<\/strong>, concretamente en el canal<strong> M+ LaLiga.<\/strong><\/p>\n<p class=\"ft-text\">Desde <strong>SPORT<\/strong>, te contamos todo lo que suceda en el partido entre Bar\u00e7a y Valencia a trav\u00e9s de nuestra narraci\u00f3n en directo, as\u00ed como la cr\u00f3nica, las mejores declaraciones y la \u00faltima hora del encuentro.<\/p>\n","protected":false},"excerpt":{"rendered":"El FC Barcelona se da cita con el Valencia hoy domingo 6 de agosto a las 16:15 horas&hellip;\n","protected":false},"author":2,"featured_media":751061,"comment_status":"","ping_status":"","sticky":false,"template":"","format":"standard","meta":{"footnotes":""},"categories":[5],"tags":[2627,210,17,18,3169,25,24,13,14,11,293,288,19,20,9,10,15,16,23,12,21,22,235,809],"class_list":["post-751060","post","type-post","status-publish","format-standard","has-post-thumbnail","category-titulares","tag-2627","tag-barcelona","tag-breaking-news","tag-breakingnews","tag-donde","tag-es","tag-espana","tag-featured-news","tag-featurednews","tag-headlines","tag-jornada","tag-laliga","tag-latest-news","tag-latestnews","tag-news","tag-noticias","tag-noticias-destacadas","tag-noticiasdestacadas","tag-spain","tag-titulares","tag-ultimas-noticias","tag-ultimasnoticias","tag-valencia","tag-ver"],"share_on_mastodon":{"url":"https:\/\/pubeurope.com\/@es\/117224879200709262","error":""},"_links":{"self":[{"href":"https:\/\/www.europesays.com\/es\/wp-json\/wp\/v2\/posts\/751060","targetHints":{"allow":["GET"]}}],"collection":[{"href":"https:\/\/www.europesays.com\/es\/wp-json\/wp\/v2\/posts"}],"about":[{"href":"https:\/\/www.europesays.com\/es\/wp-json\/wp\/v2\/types\/post"}],"author":[{"embeddable":true,"href":"https:\/\/www.europesays.com\/es\/wp-json\/wp\/v2\/users\/2"}],"replies":[{"embeddable":true,"href":"https:\/\/www.europesays.com\/es\/wp-json\/wp\/v2\/comments?post=751060"}],"version-history":[{"count":0,"href":"https:\/\/www.europesays.com\/es\/wp-json\/wp\/v2\/posts\/751060\/revisions"}],"wp:featuredmedia":[{"embeddable":true,"href":"https:\/\/www.europesays.com\/es\/wp-json\/wp\/v2\/media\/751061"}],"wp:attachment":[{"href":"https:\/\/www.europesays.com\/es\/wp-json\/wp\/v2\/media?parent=751060"}],"wp:term":[{"taxonomy":"category","embeddable":true,"href":"https:\/\/www.europesays.com\/es\/wp-json\/wp\/v2\/categories?post=751060"},{"taxonomy":"post_tag","embeddable":true,"href":"https:\/\/www.europesays.com\/es\/wp-json\/wp\/v2\/tags?post=751060"}],"curies":[{"name":"wp","href":"https:\/\/api.w.org\/{rel}","templated":true}]}}