{"id":751094,"date":"2026-09-06T16:16:15","date_gmt":"2026-09-06T16:16:15","guid":{"rendered":"https:\/\/www.europesays.com\/es\/751094\/"},"modified":"2026-09-06T16:16:15","modified_gmt":"2026-09-06T16:16:15","slug":"la-vuelta-ciclista-2026-en-el-puerto-entrada-gratis-a-la-plaza-de-toros-para-ver-la-salida-de-la-contrarreloj","status":"publish","type":"post","link":"https:\/\/www.europesays.com\/es\/751094\/","title":{"rendered":"La Vuelta Ciclista 2026 en El Puerto: entrada gratis a la Plaza de Toros para ver la salida de la contrarreloj"},"content":{"rendered":"<p>La <a href=\"https:\/\/www.lavozdigital.es\/provincia\/el-puerto\/vuelta-cambia-vuelta-cole-jerez-puerto-comenzaran-20260903152741-ntv.html\" target=\"_self\" data-voc-vtm-id=\"in-text-traffic\" data-mrf-link=\"www.lavozdigital.es\" rel=\"nofollow noopener\">Vuelta Ciclista a Espa\u00f1a 2026 llega a El Puerto de Santa Mar\u00eda<\/a> con una oportunidad para que los aficionados puedan vivir muy de cerca uno de los momentos m\u00e1s espectaculares de la carrera. La Plaza de Toros abrir\u00e1 sus puertas de forma gratuita  &#8230; el pr\u00f3ximo <strong>jueves 10 de septiembre<\/strong> para presenciar la salida de la contrarreloj individual que unir\u00e1 la localidad portuense con Jerez de la Frontera.<\/p>\n<p class=\"v-d-p\">La convocatoria difundida para la jornada anima a llenar las gradas del coso, donde estar\u00e1 instalada la rampa desde la que los ciclistas iniciar\u00e1n uno a uno su lucha contra el crono. La entrada ser\u00e1 libre y gratuita y habr\u00e1 adem\u00e1s DJ y animaci\u00f3n para acompa\u00f1ar las horas previas y el desarrollo de las salidas.<\/p>\n<p class=\"v-d-p\">La actividad en la Real Plaza de Toros est\u00e1 anunciada desde las 10.00 horas, mientras que la caravana de La Vuelta tiene previsto partir a las 13.06 horas. Exactamente una hora despu\u00e9s, a las 14.06 horas, tomar\u00e1 la salida el primer corredor.<\/p>\n<p>\n32 kil\u00f3metros de pura tensi\u00f3n\n<\/p>\n<p class=\"v-d-p\">La cita corresponde a la etapa 18 de La Vuelta 2026 y ser\u00e1 una contrarreloj individual de 32,1 kil\u00f3metros, seg\u00fan la distancia que recoge actualmente el recorrido oficial de la prueba. La salida estar\u00e1 situada en la Plaza de Toros de El Puerto y la meta, en Jerez de la Frontera.<\/p>\n<p class=\"v-d-p\">Los corredores abandonar\u00e1n la rampa de salida de manera individual. El primero lo har\u00e1 a las 14.06 horas y la \u00faltima salida est\u00e1 prevista a las 16.55 horas. La llegada del \u00faltimo participante a la meta jerezana se calcula para las 17.30 horas.<\/p>\n<p class=\"v-d-p\">El trazado llevar\u00e1 al pelot\u00f3n desde El Puerto hacia El Portal, Lomopardo y Estella del Marqu\u00e9s antes de afrontar los \u00faltimos kil\u00f3metros por Jerez. La organizaci\u00f3n ha establecido adem\u00e1s dos puntos intermedios de cronometraje, situados en los kil\u00f3metros 11,7 y 22,1.<\/p>\n<ul class=\"v-cmp-rld__u\">\n<li class=\"v-cmp-rld__l\">\n<p><a class=\"v-a-lnk\" href=\"http:\/\/www.lavozdigital.es\/provincia\/jerez\/ayuntamiento-jerez-vuelta-presentan-etapa-contrarreloj-20260729125609-ntv.html#vtm_modulosEngag=noticiasrelacionadas-cmp-uno:provincia:noticia:1\" data-voc-vtm-id=\"in-text-traffic\" rel=\"nofollow noopener\" target=\"_blank\"><br \/>\n<img decoding=\"async\" loading=\"lazy\" src=\"https:\/\/www.europesays.com\/es\/wp-content\/uploads\/2026\/09\/jerez-vuelta-etapa-U16214033410jTa-366x256@abc.JPG\" class=\"v-a-img\" width=\"258\" height=\"180\" alt=\"El Ayuntamiento de Jerez y la Vuelta presentan su etapa contrarreloj\"\/><br \/>\n<\/a><\/p>\n<p class=\"v-a-p-t\">\nLA VUELTA\n<\/p>\n<p>Jos\u00e9 Manuel Calvi\u00f1o Merino<\/p>\n<\/li>\n<\/ul>\n<p class=\"v-d-p\">La contrarreloj puede tener un peso importante en la clasificaci\u00f3n general al disputarse ya en la recta final de La Vuelta. Despu\u00e9s de la etapa gaditana s\u00f3lo quedar\u00e1n tres jornadas: V\u00e9lez-M\u00e1laga-Pe\u00f1as Blancas, La Calahorra-Collado del Alguacil y la etapa final con salida y llegada en Granada el domingo 13 de septiembre.<\/p>\n<p class=\"v-d-p\">La jornada tendr\u00e1 adem\u00e1s un componente especial para la ciudad. La organizaci\u00f3n presenta a El Puerto de Santa Mar\u00eda como \u00absede in\u00e9dita de La Vuelta\u00bb, por lo que ser\u00e1 la primera ocasi\u00f3n en la que la localidad ejerza como sede de una etapa de la ronda espa\u00f1ola.<\/p>\n<p class=\"v-d-p\">La carrera s\u00ed conoce ya El Puerto por ediciones anteriores. Su \u00faltimo paso por la localidad se produjo en 2014, pero entonces la ciudad no ejerci\u00f3 como punto de salida de una etapa.<\/p>\n<p class=\"v-d-p\">La Vuelta 2026 comenz\u00f3 el pasado 22 de agosto en M\u00f3naco y finalizar\u00e1 el 13 de septiembre en Granada, despu\u00e9s de 21 etapas y m\u00e1s de 3.200 kil\u00f3metros. La edici\u00f3n cuenta con dos contrarrelojes individuales: la inaugural de M\u00f3naco, de 9,4 kil\u00f3metros, y esta segunda cita contra el crono entre El Puerto y Jerez.<\/p>\n","protected":false},"excerpt":{"rendered":"La Vuelta Ciclista a Espa\u00f1a 2026 llega a El Puerto de Santa Mar\u00eda con una oportunidad para que&hellip;\n","protected":false},"author":2,"featured_media":751095,"comment_status":"","ping_status":"","sticky":false,"template":"","format":"standard","meta":{"footnotes":""},"categories":[273],"tags":[3076,313,1757,11218,312,168,5089,25,24,126,1386,4032,1965,23,167,444,809,1357],"class_list":["post-751094","post","type-post","status-publish","format-standard","has-post-thumbnail","category-ciclismo","tag-3076","tag-ciclismo","tag-ciclista","tag-contrarreloj","tag-cycling","tag-deportes","tag-entrada","tag-es","tag-espana","tag-gratis","tag-plaza","tag-puerto","tag-salida","tag-spain","tag-sports","tag-toros","tag-ver","tag-vuelta"],"share_on_mastodon":{"url":"https:\/\/pubeurope.com\/@es\/117224996971169990","error":""},"_links":{"self":[{"href":"https:\/\/www.europesays.com\/es\/wp-json\/wp\/v2\/posts\/751094","targetHints":{"allow":["GET"]}}],"collection":[{"href":"https:\/\/www.europesays.com\/es\/wp-json\/wp\/v2\/posts"}],"about":[{"href":"https:\/\/www.europesays.com\/es\/wp-json\/wp\/v2\/types\/post"}],"author":[{"embeddable":true,"href":"https:\/\/www.europesays.com\/es\/wp-json\/wp\/v2\/users\/2"}],"replies":[{"embeddable":true,"href":"https:\/\/www.europesays.com\/es\/wp-json\/wp\/v2\/comments?post=751094"}],"version-history":[{"count":0,"href":"https:\/\/www.europesays.com\/es\/wp-json\/wp\/v2\/posts\/751094\/revisions"}],"wp:featuredmedia":[{"embeddable":true,"href":"https:\/\/www.europesays.com\/es\/wp-json\/wp\/v2\/media\/751095"}],"wp:attachment":[{"href":"https:\/\/www.europesays.com\/es\/wp-json\/wp\/v2\/media?parent=751094"}],"wp:term":[{"taxonomy":"category","embeddable":true,"href":"https:\/\/www.europesays.com\/es\/wp-json\/wp\/v2\/categories?post=751094"},{"taxonomy":"post_tag","embeddable":true,"href":"https:\/\/www.europesays.com\/es\/wp-json\/wp\/v2\/tags?post=751094"}],"curies":[{"name":"wp","href":"https:\/\/api.w.org\/{rel}","templated":true}]}}