{"id":751116,"date":"2026-09-06T16:31:13","date_gmt":"2026-09-06T16:31:13","guid":{"rendered":"https:\/\/www.europesays.com\/es\/751116\/"},"modified":"2026-09-06T16:31:13","modified_gmt":"2026-09-06T16:31:13","slug":"afd-habria-logrado-el-44-de-los-votos-en-sajonia-segun-sondeos","status":"publish","type":"post","link":"https:\/\/www.europesays.com\/es\/751116\/","title":{"rendered":"AfD habr\u00eda logrado el 44% de los votos en Sajonia, seg\u00fan sondeos"},"content":{"rendered":"<p>El partido de ultraderecha <strong>Alternativa para Alemania<\/strong> (AfD) habr\u00eda logrado el 44% de los votos en las elecciones celebradas este domingo en el estado federado oriental de <strong>Sajonia-Anhalt<\/strong>, seg\u00fan los sondeos a pie de urna.<\/p>\n<p>La participaci\u00f3n va camino de registrar un r\u00e9cord al alcanzar el 65,3% a las 16.00 hora local, frente al 41% de hace cinco a\u00f1os, ha informado la autoridad electoral regional. En las <strong>pasadas elecciones, el porcentaje total de participaci\u00f3n fue del 60,3%<\/strong>.<\/p>\n<p>Hasta la fecha, la mayor participaci\u00f3n en unas elecciones en Sajonia-Anhalt tuvo lugar en 1998, ocho a\u00f1os despu\u00e9s de la reunificaci\u00f3n, cuando el 71,5% de los ciudadanos con derecho a voto acudi\u00f3 a las urnas.<\/p>\n<p>Los \u00faltimos sondeos de intenci\u00f3n de voto le dan un 43% a AfD<\/p>\n<p>Las elecciones de Sajonia-Anhalt tienen a AfD como favorito, un partido considerado <strong>\u00abcaso seguro\u00bb de extremismo de derechas<\/strong> por los responsables regionales de Interior.<\/p>\n<p>Los \u00faltimos sondeos de intenci\u00f3n de voto le atribuyen hasta un 43%, muy por delante de sus rivales. Ese porcentaje podr\u00eda suponer una mayor\u00eda absoluta para AfD, lo que le abrir\u00eda las puertas al gobierno regional al <strong>candidato a primer ministro, Ulrich Siegmund<\/strong>. Ser\u00eda la primera vez que el partido de ultraderecha gobierna en un estado federado de Alemania.<\/p>\n<p>Seg\u00fan las encuestas, la Uni\u00f3n Cristianodem\u00f3crata <strong>(CDU) del primer ministro Sven Schulze se quedar\u00eda con no m\u00e1s del 23%<\/strong>, mientras que sus socios de coalici\u00f3n, el Partido Socialdem\u00f3crata de Alemania (SPD) se quedar\u00eda en un 8,5% en el mejor de los casos, y los liberales del FDP ni siquiera superar\u00edan el 5% necesario para lograr representaci\u00f3n en el Parlamento regional.<\/p>\n<p>Tras AfD y CDU, el tercer partido m\u00e1s votado, seg\u00fan las ultimas encuestas de intenci\u00f3n de voto ser\u00eda La Izquierda (11,5%), mientras que a Los Verdes (6%) aparecen como cuarta fuerza.<\/p>\n","protected":false},"excerpt":{"rendered":"El partido de ultraderecha Alternativa para Alemania (AfD) habr\u00eda logrado el 44% de los votos en las elecciones&hellip;\n","protected":false},"author":2,"featured_media":751117,"comment_status":"","ping_status":"","sticky":false,"template":"","format":"standard","meta":{"footnotes":""},"categories":[42],"tags":[17,18,13,14,11,61,62,63,64,19,20,9,10,15,16,12,21,22,65,66,67],"class_list":["post-751116","post","type-post","status-publish","format-standard","has-post-thumbnail","category-internacional","tag-breaking-news","tag-breakingnews","tag-featured-news","tag-featurednews","tag-headlines","tag-internacional","tag-international","tag-international-news","tag-internationalnews","tag-latest-news","tag-latestnews","tag-news","tag-noticias","tag-noticias-destacadas","tag-noticiasdestacadas","tag-titulares","tag-ultimas-noticias","tag-ultimasnoticias","tag-world","tag-world-news","tag-worldnews"],"share_on_mastodon":{"url":"","error":""},"_links":{"self":[{"href":"https:\/\/www.europesays.com\/es\/wp-json\/wp\/v2\/posts\/751116","targetHints":{"allow":["GET"]}}],"collection":[{"href":"https:\/\/www.europesays.com\/es\/wp-json\/wp\/v2\/posts"}],"about":[{"href":"https:\/\/www.europesays.com\/es\/wp-json\/wp\/v2\/types\/post"}],"author":[{"embeddable":true,"href":"https:\/\/www.europesays.com\/es\/wp-json\/wp\/v2\/users\/2"}],"replies":[{"embeddable":true,"href":"https:\/\/www.europesays.com\/es\/wp-json\/wp\/v2\/comments?post=751116"}],"version-history":[{"count":0,"href":"https:\/\/www.europesays.com\/es\/wp-json\/wp\/v2\/posts\/751116\/revisions"}],"wp:featuredmedia":[{"embeddable":true,"href":"https:\/\/www.europesays.com\/es\/wp-json\/wp\/v2\/media\/751117"}],"wp:attachment":[{"href":"https:\/\/www.europesays.com\/es\/wp-json\/wp\/v2\/media?parent=751116"}],"wp:term":[{"taxonomy":"category","embeddable":true,"href":"https:\/\/www.europesays.com\/es\/wp-json\/wp\/v2\/categories?post=751116"},{"taxonomy":"post_tag","embeddable":true,"href":"https:\/\/www.europesays.com\/es\/wp-json\/wp\/v2\/tags?post=751116"}],"curies":[{"name":"wp","href":"https:\/\/api.w.org\/{rel}","templated":true}]}}