{"id":751158,"date":"2026-09-06T17:09:23","date_gmt":"2026-09-06T17:09:23","guid":{"rendered":"https:\/\/www.europesays.com\/es\/751158\/"},"modified":"2026-09-06T17:09:23","modified_gmt":"2026-09-06T17:09:23","slug":"como-gestionar-un-cambio-de-trabajo","status":"publish","type":"post","link":"https:\/\/www.europesays.com\/es\/751158\/","title":{"rendered":"\u00bfC\u00f3mo gestionar un cambio de trabajo?"},"content":{"rendered":"<p class=\"mce\">Septiembre es para muchos un mes de cambios profesionales. La vuelta a la rutina puede ser un buen momento para buscar nuevos retos y oportunidades.<\/p>\n<p class=\"mce\">Pero dar el paso no siempre es f\u00e1cil. Surgen dudas, miedos e incertidumbres. Tambi\u00e9n es importante saber cu\u00e1ndo y c\u00f3mo empezar a buscar.<\/p>\n<p class=\"mce\">Mantener la discreci\u00f3n en la empresa actual o recurrir a headhunters son algunas de las claves. Tambi\u00e9n hay que saber c\u00f3mo gestionar una entrevista durante la jornada laboral.<\/p>\n<p class=\"mce\">Hoy hablamos con Carolina Gonz\u00e1lez, responsable de Selecci\u00f3n de ManpowerGroup. Nos da las claves para afrontar un cambio de empleo con seguridad y confianza.<\/p>\n<p class=\"mce\">Desde la b\u00fasqueda de nuevas oportunidades hasta la comunicaci\u00f3n de la decisi\u00f3n a la empresa actual.<\/p>\n","protected":false},"excerpt":{"rendered":"Septiembre es para muchos un mes de cambios profesionales. La vuelta a la rutina puede ser un buen&hellip;\n","protected":false},"author":2,"featured_media":751159,"comment_status":"","ping_status":"","sticky":false,"template":"","format":"standard","meta":{"footnotes":""},"categories":[171],"tags":[7556,5509,146,147,25,24,205,23,2752,214],"class_list":["post-751158","post","type-post","status-publish","format-standard","has-post-thumbnail","category-tv","tag-cambio","tag-empleo","tag-entertainment","tag-entretenimiento","tag-es","tag-espana","tag-madrid","tag-spain","tag-trabajo","tag-tv"],"share_on_mastodon":{"url":"https:\/\/pubeurope.com\/@es\/117225204382234627","error":""},"_links":{"self":[{"href":"https:\/\/www.europesays.com\/es\/wp-json\/wp\/v2\/posts\/751158","targetHints":{"allow":["GET"]}}],"collection":[{"href":"https:\/\/www.europesays.com\/es\/wp-json\/wp\/v2\/posts"}],"about":[{"href":"https:\/\/www.europesays.com\/es\/wp-json\/wp\/v2\/types\/post"}],"author":[{"embeddable":true,"href":"https:\/\/www.europesays.com\/es\/wp-json\/wp\/v2\/users\/2"}],"replies":[{"embeddable":true,"href":"https:\/\/www.europesays.com\/es\/wp-json\/wp\/v2\/comments?post=751158"}],"version-history":[{"count":0,"href":"https:\/\/www.europesays.com\/es\/wp-json\/wp\/v2\/posts\/751158\/revisions"}],"wp:featuredmedia":[{"embeddable":true,"href":"https:\/\/www.europesays.com\/es\/wp-json\/wp\/v2\/media\/751159"}],"wp:attachment":[{"href":"https:\/\/www.europesays.com\/es\/wp-json\/wp\/v2\/media?parent=751158"}],"wp:term":[{"taxonomy":"category","embeddable":true,"href":"https:\/\/www.europesays.com\/es\/wp-json\/wp\/v2\/categories?post=751158"},{"taxonomy":"post_tag","embeddable":true,"href":"https:\/\/www.europesays.com\/es\/wp-json\/wp\/v2\/tags?post=751158"}],"curies":[{"name":"wp","href":"https:\/\/api.w.org\/{rel}","templated":true}]}}