{"id":75123,"date":"2025-08-27T07:08:08","date_gmt":"2025-08-27T07:08:08","guid":{"rendered":"https:\/\/www.europesays.com\/es\/75123\/"},"modified":"2025-08-27T07:08:08","modified_gmt":"2025-08-27T07:08:08","slug":"casas-pequenas-y-oscuras-dos-interioristas-demuestran-en-60-m2-como-acabar-con-todas-las-limitaciones-pocos-clientes-nos-acompanan-en-nuestro-delirio-colorista","status":"publish","type":"post","link":"https:\/\/www.europesays.com\/es\/75123\/","title":{"rendered":"\u00bfCasas peque\u00f1as y oscuras? Dos interioristas demuestran en 60 m2 c\u00f3mo acabar con todas las limitaciones: \u201cPocos clientes nos acompa\u00f1an en nuestro delirio colorista\u201d"},"content":{"rendered":"<p><strong>Casas peque\u00f1as: Atelier HA transforma un apartamento oscuro de 60 m2 en una explosi\u00f3n de diversi\u00f3n y color<\/strong><\/p>\n<p>\u00abEl encanto de este espacio es tambi\u00e9n su inconveniente\u00bb, dice Hugo Vince, cofundador del estudio de dise\u00f1o Atelier HA junto con Ad\u00e8le Nourry. En esta angosta calle de Montmartre (<a href=\"https:\/\/www.revistaad.es\/galerias\/la-mansion-de-lenny-kravitz-en-paris-es-una-clase-magistral-de-buena-decoracion\" rel=\"nofollow noopener\" target=\"_blank\">Par\u00eds)<\/a>, donde el sol tiene dificultades para penetrar, el mayor reto era insuflar luz y apertura a 60 metros cuadrados con una distribuci\u00f3n larga y estrecha. El edificio, construido en los a\u00f1os 40, es irregular y, adem\u00e1s, tiene techos bajos. <strong>La suerte de <a data-offer-url=\"https:\/\/www.instagram.com\/atelierha\/?hl=en\" class=\"external-link\" data-event-click=\"{&quot;element&quot;:&quot;ExternalLink&quot;,&quot;outgoingURL&quot;:&quot;https:\/\/www.instagram.com\/atelierha\/?hl=en&quot;}\" href=\"https:\/\/www.instagram.com\/atelierha\/?hl=en\" rel=\"nofollow noopener\" target=\"_blank\">Atelier HA<\/a> en este delicado contexto, bastante com\u00fan en casas peque\u00f1as y antiguas, fue el gusto de la propietaria por la decoraci\u00f3n extravagante, que el d\u00fao de interioristas aprovech\u00f3 como una oportunidad para empezar de cero y expresar al m\u00e1ximo su estilo l\u00fadico<\/strong>, (dicen que influenciado por el <a href=\"https:\/\/www.revistaad.es\/diseno\/iconos\/articulos\/grupo-memphis-rompio-reglas-diseno-y-convirtio-icono\/23189\" rel=\"nofollow noopener\" target=\"_blank\">Grupo Memphis,<\/a> el alegre movimiento italiano de los a\u00f1os 80 liderado por Ettore Sottsass). \u00abPocos clientes nos acompa\u00f1an en nuestro delirio gr\u00e1fico y colorista\u00bb, confiesa Hugo Vince. \u00abLa gran libertad que nos dieron nos permiti\u00f3 idear un proyecto apasionante\u00bb.<\/p>\n<p>Oscuro y estrecho por naturaleza, el apartamento se dej\u00f3 envolver por los colores resplandecientes de Atelier HA.<\/p>\n<p>\u00a9 Yannick Labrousse<strong>Un homenaje a la noche de Pigalle<\/strong><\/p>\n<p>\u00abOptamos por crear un espacio abierto, despejado y renovado, y luego integrar elementos de impacto\u00bb, explica el creativo. <strong>\u201cNuestra clienta quer\u00eda un interior alegre y festivo que tambi\u00e9n estuviera vivo para el ni\u00f1o que llevaba en brazos cuando la conocimos\u201d<\/strong>. La elecci\u00f3n no es casual: la propietaria y su pareja, cocinero, trabajan en Mistinguett, un restaurante-cabaret del barrio, donde Atelier HA ha creado una suntuosa decoraci\u00f3n de los locos a\u00f1os veinte. Para multiplicar por diez la superficie y jugar con los reflejos de la luz, Atelier HA revisti\u00f3 toda una pared con <a href=\"https:\/\/www.revistaad.es\/decoracion\/articulos\/decorar-con-espejos-reflejos\" rel=\"nofollow noopener\" target=\"_blank\">espejos<\/a>. <strong>\u00abNos inspiramos en el ambiente nocturno de Pigalle, sus fachadas y sus sex shops, en particular un antiguo club al que el propietario ten\u00eda mucho cari\u00f1o.<\/strong><\/p>\n<p>Para evitar un efecto recargado, los contrastes de tonos y texturas se realzan con el blanco mate de las paredes. Y para ampliar el espacio, se ha suprimido el falso techo en favor de vigas vistas. \u201cSon espejadas para resaltar la estructura del edificio y darle un aspecto gr\u00e1fico\u201d; de hecho, est\u00e1n hechas de dibond, un material reflectante con un acabado texturado que resulta agradable a la vista. <strong>\u00abNos gustaba este aspecto ligeramente ondulado y gomoso del dibond, que contrasta con esta gran pared de espejos y, al mismo tiempo, crea una relaci\u00f3n entre los dos materiales\u00bb.<\/strong><\/p>\n<p><script async src=\"\/\/www.instagram.com\/embed.js\"><\/script><\/p>\n","protected":false},"excerpt":{"rendered":"Casas peque\u00f1as: Atelier HA transforma un apartamento oscuro de 60 m2 en una explosi\u00f3n de diversi\u00f3n y color&hellip;\n","protected":false},"author":2,"featured_media":75124,"comment_status":"","ping_status":"","sticky":false,"template":"","format":"standard","meta":{"footnotes":""},"categories":[173],"tags":[229,233,231,230,1530,232,234,146,147,25,24,11663,23],"class_list":{"0":"post-75123","1":"post","2":"type-post","3":"status-publish","4":"format-standard","5":"has-post-thumbnail","7":"category-arte-y-diseno","8":"tag-arte","9":"tag-arte-y-diseno","10":"tag-arts","11":"tag-arts-and-design","12":"tag-casas-ad","13":"tag-design","14":"tag-diseno","15":"tag-entertainment","16":"tag-entretenimiento","17":"tag-es","18":"tag-espana","19":"tag-pisos-pequenos","20":"tag-spain"},"share_on_mastodon":{"url":"","error":""},"_links":{"self":[{"href":"https:\/\/www.europesays.com\/es\/wp-json\/wp\/v2\/posts\/75123","targetHints":{"allow":["GET"]}}],"collection":[{"href":"https:\/\/www.europesays.com\/es\/wp-json\/wp\/v2\/posts"}],"about":[{"href":"https:\/\/www.europesays.com\/es\/wp-json\/wp\/v2\/types\/post"}],"author":[{"embeddable":true,"href":"https:\/\/www.europesays.com\/es\/wp-json\/wp\/v2\/users\/2"}],"replies":[{"embeddable":true,"href":"https:\/\/www.europesays.com\/es\/wp-json\/wp\/v2\/comments?post=75123"}],"version-history":[{"count":0,"href":"https:\/\/www.europesays.com\/es\/wp-json\/wp\/v2\/posts\/75123\/revisions"}],"wp:featuredmedia":[{"embeddable":true,"href":"https:\/\/www.europesays.com\/es\/wp-json\/wp\/v2\/media\/75124"}],"wp:attachment":[{"href":"https:\/\/www.europesays.com\/es\/wp-json\/wp\/v2\/media?parent=75123"}],"wp:term":[{"taxonomy":"category","embeddable":true,"href":"https:\/\/www.europesays.com\/es\/wp-json\/wp\/v2\/categories?post=75123"},{"taxonomy":"post_tag","embeddable":true,"href":"https:\/\/www.europesays.com\/es\/wp-json\/wp\/v2\/tags?post=75123"}],"curies":[{"name":"wp","href":"https:\/\/api.w.org\/{rel}","templated":true}]}}