{"id":751282,"date":"2026-09-06T18:41:10","date_gmt":"2026-09-06T18:41:10","guid":{"rendered":"https:\/\/www.europesays.com\/es\/751282\/"},"modified":"2026-09-06T18:41:10","modified_gmt":"2026-09-06T18:41:10","slug":"como-nacieron-trancas-y-barrancas-las-estrellas-indiscutibles-de-el-hormiguero","status":"publish","type":"post","link":"https:\/\/www.europesays.com\/es\/751282\/","title":{"rendered":"C\u00f3mo nacieron Trancas y Barrancas, las estrellas indiscutibles de \u2018El Hormiguero\u2019"},"content":{"rendered":"<p>Hablar de <a title=\"&#039;El Hormiguero&#039;\" href=\"https:\/\/www.larazon.es\/television\/programas\/hormiguero-estrena-temporada-21-15-robots-regreso-carlos-latre-grandes-invitados_202609036a9954293bfe5d1eff41c14f.html\" target=\"_blank\" rel=\"nofollow noopener\"><b>&#8216;El Hormiguero&#8217;<\/b><\/a> significa hablar de un <b>programa consagrado en la televisi\u00f3n actual<\/b>, que este lunes 7 de septiembre arranca su temporada n\u00famero 21, que se dice pronto. Una de sus se\u00f1as de identidad son sin duda las hormigas <b>Trancas y Barrancas<\/b>, que despu\u00e9s de 20 a\u00f1os estrenar\u00e1n brazos y manos.<\/p>\n<p>Llegados a este punto, la idea de unas marionetas debajo de una mesa ya no pilla a nadie por sorpresa, pero detr\u00e1s de ello se esconde una <b>historia de atrevimiento,<\/b> a la vez que de <b>evitar la fama a toda costa<\/b>, seg\u00fan desvel\u00f3 hace unos meses <b>Dami\u00e1n Moll\u00e1, la voz de Barrancas<\/b>, en una entrevista en el programa Lovin You de Onda Cero.<\/p>\n<p>El colaborador y guionista de televisi\u00f3n, que en la \u00e9poca en la que estaba a punto de nacer el programa de entrevistas presentado por Pablo Motos se dedicaba a la radio, asegur\u00f3 que <b>las hormigas nacieron, en parte, por su timidez<\/b>: \u00abMe daba verg\u00fcenza salir en la tele, ya hab\u00eda visto lo que era la fama yendo con Piedrahita y tal y no me parec\u00eda lo m\u00e1s apetecible del mundo\u00bb.<\/p>\n<p>Por aquel entonces, se propuso la idea de ser unas marionetas con forma de hormigas, pero hab\u00eda cierto temor debido a una propuesta parecida de El Gran Wyoming en TVE que no hab\u00eda tenido \u00e9xito: \u00abTen\u00eda una marioneta que era una rata, la rata de Wyoming la llamaban. No funcion\u00f3, entonces ya <b>nadie quer\u00eda marionetas en ning\u00fan canal, en ning\u00fan programa<\/b>, pero Pablo lo consigui\u00f3 y nos consigui\u00f3 que fu\u00e9ramos marionetas y la verdad es que yo creo que fue un acierto\u00bb.<\/p>\n<p>As\u00ed, dos d\u00e9cadas y 21 temporadas despu\u00e9s, lo que comenz\u00f3 como un refugio contra la fama y una apuesta arriesgada en un formato en desuso se ha consolidado como un fen\u00f3meno televisivo intergeneracional. El estreno de sus nuevos brazos y manos este curso no solo representa un cambio est\u00e9tico, sino la prueba definitiva de que Trancas y Barrancas, y el propio espacio de Pablo Motos, <b>han sabido renovarse sin perder la esencia<\/b> que los convirti\u00f3 en historia viva de la televisi\u00f3n.<\/p>\n","protected":false},"excerpt":{"rendered":"Hablar de &#8216;El Hormiguero&#8217; significa hablar de un programa consagrado en la televisi\u00f3n actual, que este lunes 7&hellip;\n","protected":false},"author":2,"featured_media":751283,"comment_status":"","ping_status":"","sticky":false,"template":"","format":"standard","meta":{"footnotes":""},"categories":[171],"tags":[4040,151,5813,146,147,25,24,2662,23,807,214],"class_list":["post-751282","post","type-post","status-publish","format-standard","has-post-thumbnail","category-tv","tag-antena-3","tag-atresmedia","tag-el-hormiguero","tag-entertainment","tag-entretenimiento","tag-es","tag-espana","tag-programas-de-television","tag-spain","tag-television","tag-tv"],"share_on_mastodon":{"url":"https:\/\/pubeurope.com\/@es\/117225566186755509","error":""},"_links":{"self":[{"href":"https:\/\/www.europesays.com\/es\/wp-json\/wp\/v2\/posts\/751282","targetHints":{"allow":["GET"]}}],"collection":[{"href":"https:\/\/www.europesays.com\/es\/wp-json\/wp\/v2\/posts"}],"about":[{"href":"https:\/\/www.europesays.com\/es\/wp-json\/wp\/v2\/types\/post"}],"author":[{"embeddable":true,"href":"https:\/\/www.europesays.com\/es\/wp-json\/wp\/v2\/users\/2"}],"replies":[{"embeddable":true,"href":"https:\/\/www.europesays.com\/es\/wp-json\/wp\/v2\/comments?post=751282"}],"version-history":[{"count":0,"href":"https:\/\/www.europesays.com\/es\/wp-json\/wp\/v2\/posts\/751282\/revisions"}],"wp:featuredmedia":[{"embeddable":true,"href":"https:\/\/www.europesays.com\/es\/wp-json\/wp\/v2\/media\/751283"}],"wp:attachment":[{"href":"https:\/\/www.europesays.com\/es\/wp-json\/wp\/v2\/media?parent=751282"}],"wp:term":[{"taxonomy":"category","embeddable":true,"href":"https:\/\/www.europesays.com\/es\/wp-json\/wp\/v2\/categories?post=751282"},{"taxonomy":"post_tag","embeddable":true,"href":"https:\/\/www.europesays.com\/es\/wp-json\/wp\/v2\/tags?post=751282"}],"curies":[{"name":"wp","href":"https:\/\/api.w.org\/{rel}","templated":true}]}}