{"id":751332,"date":"2026-09-06T19:13:27","date_gmt":"2026-09-06T19:13:27","guid":{"rendered":"https:\/\/www.europesays.com\/es\/751332\/"},"modified":"2026-09-06T19:13:27","modified_gmt":"2026-09-06T19:13:27","slug":"witkoff-conversaciones-con-zelenski-fueron-significativas","status":"publish","type":"post","link":"https:\/\/www.europesays.com\/es\/751332\/","title":{"rendered":"Witkoff: conversaciones con Zelenski fueron \u00absignificativas\u00bb"},"content":{"rendered":"<p>La reuni\u00f3n entre el presidente de <a class=\"internal-link\" href=\"https:\/\/www.dw.com\/es\/ucrania\/t-36925922\" rel=\"nofollow noopener\" target=\"_blank\">Ucrania<\/a>, <a class=\"internal-link\" href=\"https:\/\/www.dw.com\/es\/volodimir-zelenski\/t-47318346\" rel=\"nofollow noopener\" target=\"_blank\">Volodimir Zelenski<\/a>, y su equipo con los emisarios de la Casa Blanca, Steve Witkoff y <a class=\"internal-link\" href=\"https:\/\/www.dw.com\/es\/jared-kushner\/t-42044037\" rel=\"nofollow noopener\" target=\"_blank\">Jared Kushner<\/a>, para tratar de reactivar el di\u00e1logo para poner fin a la guerra de Rusia concluy\u00f3 este domingo (06.09.2026) tras unas tres horas.<\/p>\n<p>Witkoff afirm\u00f3 que las conversaciones con el presidente ucraniano y su equipo fueron \u00absignificativas\u00bb y que continuar\u00e1n \u00abel tiempo que haga falta\u00bb. Witkoff inst\u00f3 a Rusia y a Ucrania a hacer \u00abconcesiones\u00bb para encontrar una soluci\u00f3n que termine con la guerra que comenz\u00f3 en 2022 con la invasi\u00f3n rusa. \u00abAmbas partes deber\u00e1n hacer concesiones y reducir sus diferencias, y creemos que contamos con los elementos necesarios para lograrlo\u00bb, afirm\u00f3 durante una conferencia de prensa tras sus primeras reuniones en Kiev. \u00abEs muy dif\u00edcil, pero estamos decididos, nos importa y esperamos que todo esto conduzca a una soluci\u00f3n diplom\u00e1tica\u00bb, agreg\u00f3.<\/p>\n<p>La guerra parece que va a continuar este invierno<\/p>\n<p>Por su parte Zelenski\u00a0coincidi\u00f3 en la valoraci\u00f3n positiva de las conversaciones, pero dijo que la cuesti\u00f3n de las hipot\u00e9ticas cesiones de territorio solo se pueden dirimir en negociaciones a nivel de presidentes. Seg\u00fan \u00e9l, la guerra parece que va a continuar de momento. \u00abEsperamos mucho poder llegar a acuerdos con nuestros socios estadounidenses, y contamos con el apoyo de nuestros socios europeos -si la guerra contin\u00faa en invierno, y as\u00ed es como se ve por el momento-, pero a\u00fan as\u00ed, los equipos hoy tienen una valoraci\u00f3n positiva de nuestras perspectivas futuras\u00bb, dijo Zelenski en la rueda de prensa.<\/p>\n<p><img data-format=\"MASTER_LANDSCAPE\" data-id=\"79079580\" data-url=\"https:\/\/static.dw.com\/image\/79079580_${formatId}.jpg\" data-aspect-ratio=\"16\/9\" alt=\"El presidente ucraniano (izquierda), frente a los emisarios de Donald Trump, Steve Witkoff y Jared Kushner.\" style=\"padding-bottom: 56.25%; height: 0; max-height: 0;\"\/>Volodimir Zelenski y la delegaci\u00f3n estadounidense en una gran mesa en la que est\u00e1n tambi\u00e9n las banderas de Reino Unido, Francia y Alemania.Imagen: Francisco Seco\/AP Photo\/dpa\/picture alliance<\/p>\n<p>\u00abNo queremos sufrimiento ni muerte. Queremos que esta guerra termine de forma justa y de una manera que impida que Rusia siga agrediendo a Ucrania\u00bb, dijo Zelenski ante Witkoff y Kushner, seg\u00fan recoge la agencia UNIAN. En su <a rel=\"noopener follow nofollow\" target=\"_blank\" class=\"external-link\" href=\"https:\/\/x.com\/ZelenskyyUa\/status\/2096620690816258114\" title=\"Enlace externo \u2014 cuenta de X\">cuenta de X<\/a> inform\u00f3 de que la siguiente ronda de reuniones incluir\u00e1n tambi\u00e9n al Reino Unido, Francia y Alemania, cuyos asesores de seguridad nacional se sumaron a otro encuentro con los equipos ucraniano y estadounidense.<\/p>\n<p>Estados Unidos retoma la diplomacia<\/p>\n<p>Los enviados estadounidenses Steve Witkoff y Jared Kushner<a class=\"internal-link\" href=\"https:\/\/www.dw.com\/es\/emisarios-de-la-casa-blanca-llegan-a-kiev-para-reunirse-con-zelenski\/a-79055654\" rel=\"nofollow noopener\" target=\"_blank\">llegaron este domingo a Kiev<\/a> tras haber estado el s\u00e1bado en Mosc\u00fa, <a class=\"internal-link\" href=\"https:\/\/www.dw.com\/es\/putin-se-re\u00fane-con-los-emisarios-de-la-casa-blanca-en-mosc\u00fa\/a-79050164\" rel=\"nofollow noopener\" target=\"_blank\">donde se reunieron con el presidente Vladimir Putin<\/a>, en el marco de los esfuerzos diplom\u00e1ticos para terminar el conflicto, desencadenado por la invasi\u00f3n rusa de Ucrania lanzada en febrero de 2022.<\/p>\n<p>Por su parte, Jared Kushner, yerno de Donald Trump, apunt\u00f3 que espera que \u00abeste viaje haya permitido despejar nuevas pistas para avanzar\u00bb. \u00abCreo que hemos aprendido mucho de este viaje\u00bb, enfatiz\u00f3 Kushner. El yerno de Trump dijo, citado por UNIAN, que los futuros acuerdos deber\u00edan hacer imposible una nueva guerra y dar a Ucrania la oportunidad de poner al servicio del desarrollo del pa\u00eds la fuerza y el ingenio demostrados durante los a\u00f1os de guerra. Kushner reiter\u00f3 que el presidente \u00abest\u00e1 muy decidido a poner fin a esta guerra y acabar con las muertes para hacer la vida m\u00e1s f\u00e1cil a las familias\u00bb.<\/p>\n<p>\u00a0<\/p>\n<p>No dejes que el algoritmo oculte las noticias. Si conf\u00edas en este sitio para obtener informaci\u00f3n confiable, por favor dedica un momento a seleccionarnos como tu fuente preferida en Google: haz clic\u00a0<a href=\"https:\/\/www.google.com\/preferences\/source?q=dw.com\" rel=\"nofollow noopener\" target=\"_blank\"><strong>aqu\u00ed<\/strong><\/a>\u00a0y marca el casillero o pulsa el bot\u00f3n de DW.com para ver siempre nuestras noticias verificadas en tus preferencias.<\/p>\n<p>lgc (afp, efe)<\/p>\n","protected":false},"excerpt":{"rendered":"La reuni\u00f3n entre el presidente de Ucrania, Volodimir Zelenski, y su equipo con los emisarios de la Casa&hellip;\n","protected":false},"author":2,"featured_media":751333,"comment_status":"","ping_status":"","sticky":false,"template":"","format":"standard","meta":{"footnotes":""},"categories":[42],"tags":[17,18,13,14,11,61,62,63,64,19,20,9,10,15,16,12,21,22,65,66,67],"class_list":["post-751332","post","type-post","status-publish","format-standard","has-post-thumbnail","category-internacional","tag-breaking-news","tag-breakingnews","tag-featured-news","tag-featurednews","tag-headlines","tag-internacional","tag-international","tag-international-news","tag-internationalnews","tag-latest-news","tag-latestnews","tag-news","tag-noticias","tag-noticias-destacadas","tag-noticiasdestacadas","tag-titulares","tag-ultimas-noticias","tag-ultimasnoticias","tag-world","tag-world-news","tag-worldnews"],"share_on_mastodon":{"url":"https:\/\/pubeurope.com\/@es\/117225692103892918","error":""},"_links":{"self":[{"href":"https:\/\/www.europesays.com\/es\/wp-json\/wp\/v2\/posts\/751332","targetHints":{"allow":["GET"]}}],"collection":[{"href":"https:\/\/www.europesays.com\/es\/wp-json\/wp\/v2\/posts"}],"about":[{"href":"https:\/\/www.europesays.com\/es\/wp-json\/wp\/v2\/types\/post"}],"author":[{"embeddable":true,"href":"https:\/\/www.europesays.com\/es\/wp-json\/wp\/v2\/users\/2"}],"replies":[{"embeddable":true,"href":"https:\/\/www.europesays.com\/es\/wp-json\/wp\/v2\/comments?post=751332"}],"version-history":[{"count":0,"href":"https:\/\/www.europesays.com\/es\/wp-json\/wp\/v2\/posts\/751332\/revisions"}],"wp:featuredmedia":[{"embeddable":true,"href":"https:\/\/www.europesays.com\/es\/wp-json\/wp\/v2\/media\/751333"}],"wp:attachment":[{"href":"https:\/\/www.europesays.com\/es\/wp-json\/wp\/v2\/media?parent=751332"}],"wp:term":[{"taxonomy":"category","embeddable":true,"href":"https:\/\/www.europesays.com\/es\/wp-json\/wp\/v2\/categories?post=751332"},{"taxonomy":"post_tag","embeddable":true,"href":"https:\/\/www.europesays.com\/es\/wp-json\/wp\/v2\/tags?post=751332"}],"curies":[{"name":"wp","href":"https:\/\/api.w.org\/{rel}","templated":true}]}}