{"id":751420,"date":"2026-09-06T20:24:16","date_gmt":"2026-09-06T20:24:16","guid":{"rendered":"https:\/\/www.europesays.com\/es\/751420\/"},"modified":"2026-09-06T20:24:16","modified_gmt":"2026-09-06T20:24:16","slug":"ayuso-jura-que-el-dinero-de-los-madrilenos-no-se-toca-en-plena-polemica-por-el-aticazo-de-chamberi","status":"publish","type":"post","link":"https:\/\/www.europesays.com\/es\/751420\/","title":{"rendered":"Ayuso jura que \u00abel dinero de los madrile\u00f1os no se toca\u00bb en plena pol\u00e9mica por el &#8216;aticazo&#8217; de Chamber\u00ed"},"content":{"rendered":"<p class=\"L6-news-detail__text\">La presidenta de la Comunidad de Madrid, Isabel D\u00edaz Ayuso, jur\u00f3 este s\u00e1bado que <b>\u00abel dinero de los madrile\u00f1os no se toca\u00bb <\/b>y advirti\u00f3 de que \u00abel que lo toque, lo va a pagar\u00bb, despu\u00e9s de que el Consejo de Pol\u00edtica Fiscal y Financiera (CPFF) aprobara este viernes la reforma del sistema de financiaci\u00f3n auton\u00f3mica, y coincidiendo con la <b><a title=\"pol\u00e9mica por el &#039;aticazo&#039; de Chamber\u00ed\" href=\"https:\/\/www.lasexta.com\/noticias\/nacional\/exclusiva-lasexta-xplica-grave-irregularidad-atico-ayuso-gano-100-metros-cuadrados-vivienda-obras-que-declararon_202609056a9c85823bfe5d1eff44dbc0.html\" target=\"_blank\" rel=\"nofollow noopener\">pol\u00e9mica por el &#8216;aticazo&#8217; de Chamber\u00ed<\/a><\/b>.<\/p>\n<p class=\"L6-news-detail__text\">En la localidad madrile\u00f1a de Getafe, en el acto de <b>inicio del nuevo curso pol\u00edtico<\/b> del PP de Madrid, junto al l\u00edder nacional del partido, <b>Alberto N\u00fa\u00f1ez Feij\u00f3o<\/b>, Ayuso se\u00f1al\u00f3 que esta regi\u00f3n es la m\u00e1s perjudicada \u00abde lejos\u00bb con la reforma de la financiaci\u00f3n, solo apoyada por Catalu\u00f1a y Canarias.<\/p>\n<p class=\"L6-news-detail__text\">\u00ab<b>Nos vamos a comer la deuda de los independentistas<\/b> durante todos estos a\u00f1os para que S\u00e1nchez compre las elecciones en Catalu\u00f1a\u00bb, declar\u00f3 la pol\u00edtica del PP, quien critic\u00f3 que los madrile\u00f1os tengan que pagar con sus impuestos \u00abla fiesta nacionalista a cuatro &#8216;mindudis\u00bb para que puedan mantenerse Salvador Illa y Pedro S\u00e1nchez, a la vez que expres\u00f3 su indignaci\u00f3n porque \u00abse juega con el dinero de la gente\u00bb.<\/p>\n<p class=\"L6-news-detail__text\">En este sentido, se mostr\u00f3 contraria a, seg\u00fan dijo, \u00abseguir pag\u00e1ndoles m\u00e1s y m\u00e1s\u00bb cuando <b>\u00abno hacen m\u00e1s que dilapidar el dinero\u00bb en sueldos vitalicios<\/b> o residencias oficiales. \u00abMiren c\u00f3mo viven en Catalu\u00f1a, con embajadas y todo tipo de chiringuitos que vamos a pagar desde Madrid. No. Y desde luego, si pretenden que lo hagamos con una sonrisa, menos todav\u00eda\u00bb, recalc\u00f3.<\/p>\n<p class=\"L6-news-detail__text\">En su intervenci\u00f3n, la presidenta madrile\u00f1a sostuvo que \u00abno se puede cambiar el sistema de financiaci\u00f3n de un pa\u00eds tap\u00e1ndolo un viernes con la s\u00e1bana de Ceuta\u00bb. Al respecto, declar\u00f3 que \u00abbasta ya de excusas y mentiras\u00bb, e inst\u00f3 al Gobierno a asumir \u00abresponsabilidades pol\u00edticas\u00bb por la entrada de miles de migrantes en Ceuta en una acci\u00f3n que, a su entender, \u00abestaba perfectamente coordinada, <b>organizada por los servicios secretos marroqu\u00edes<\/b>, que fueron los que dirigieron a estos inmigrantes hasta el punto exacto de entrada\u00bb.<\/p>\n<p class=\"L6-news-detail__text\">Adem\u00e1s, D\u00edaz Ayuso carg\u00f3 contra S\u00e1nchez, al que calific\u00f3 como <b>\u00abel jeta de La Mareta en chanclas\u00bb,<\/b> y critic\u00f3 que se fue de vacaciones a pesar de los informes que alertaban de que \u00ablas cosas estaban mal\u00bb. Por eso, <b>acus\u00f3 al presidente <\/b>del Gobierno <b>de \u00abescurrir el bulto\u00bb<\/b> e intentar \u00abculpar a los dem\u00e1s\u00bb, entre los que ha citado al rey, a la Polic\u00eda, a Rusia, a Israel, a los italianos, a los americanos o al Tribunal Supremo.<\/p>\n<p>\u00abSi yo fuera Bego\u00f1a, andar\u00eda mosqueada&#8230;\u00bb<\/p>\n<p class=\"L6-news-detail__text\">\u00abPedro S\u00e1nchez es un presidente obsesionado con la mentira y como se ve cada d\u00eda y cada minuto, <b>obsesionado conmigo. Yo si fuera Bego\u00f1a, andar\u00eda mosqueada<\/b>\u2026 yo me mosquear\u00eda. Y es tan mentiroso que estamos a dos d\u00edas de escuchar en la televisi\u00f3n del r\u00e9gimen que \u00e9l ha estado todos los d\u00edas trabajando en la Comunidad de Madrid y en Ceuta y yo y mi equipo y todo el equipo del Partido Popular hemos estado de vacaciones\u00bb, manifest\u00f3.<\/p>\n<p class=\"L6-news-detail__text\">Seg\u00fan la presidenta madrile\u00f1a, \u00absiempre que Espa\u00f1a sufre una tragedia, S\u00e1nchez aprovecha, como en esas rep\u00fablicas bananeras de las que se lucra, para <b>imponer de manera corrupta negocios a sus amigos <\/b>en empresas o su agenda totalitaria y sectaria\u00bb.<\/p>\n<p>Nueva irregularidad del \u00e1tico<\/p>\n<p class=\"L6-news-detail__text\">Pese a que Ayuso asegur\u00f3 que \u00abel dinero de los madrile\u00f1os no se toca\u00bb, lo cierto es que hay un dinero de los madrile\u00f1os que s\u00ed tocaron para comprar un \u00e1tico por m\u00e1s de seis millones de euros. Ahora, un documento oficial del Registro de la Propiedad al que tuvo acceso en exclusiva laSexta Xplica prueba una <b>nueva irregularidad <\/b>de ese inmueble.<\/p>\n<p class=\"L6-news-detail__text\">Y es que el \u00e1tico que compr\u00f3 la Comunidad de Madrid como supuesta oficina arrastra una <b>grave irregularidad urban\u00edstica <\/b>que se remite a la terraza. En la nota simple, se detallan 200 metros cuadrados de terraza, que <b>contrastan con los casi 100 de los planos de Planifica Madrid<\/b>.<\/p>\n<p class=\"L6-news-detail__text\">\u00bfQu\u00e9 ocurri\u00f3 con esos 100 metros cuadrados de diferencia? Todo apunta a una<b> ilegalidad en las obras de cerramiento<\/b> de la terraza. Fue en el a\u00f1o 2007 cuando se cerr\u00f3 la terraza del \u00e1tico en Chamber\u00ed &#8211;que tiempo despu\u00e9s comprar\u00eda la Comunidad de Madrid&#8211; y se ganaron 100 metros cuadrados en <b>unas obras que jam\u00e1s se declararon<\/b> al Ayuntamiento.<\/p>\n<p class=\"L6-news-detail__text\"><a title=\"*A\u00f1ade laSexta como tu medio de referencia en Google y no te pierdas toda la actualidad y el mejor contenido \" href=\"https:\/\/www.google.com\/preferences\/source?q=lasexta.com\" target=\"_blank\" rel=\"nofollow noopener\"><b>*A\u00f1ade laSexta como tu medio de referencia en Google y no te pierdas toda la actualidad y el mejor contenido<\/b><\/a><\/p>\n<p><a title=\"*A\u00f1ade laSexta como tu medio de referencia en Google y no te pierdas toda la actualidad y el mejor contenido \" href=\"https:\/\/www.google.com\/preferences\/source?q=lasexta.com\" target=\"_blank\" rel=\"nofollow noopener\"> <\/a>\t<\/p>\n<p class=\"L6-support-news-video__title\">Guerra en Ucrania<\/p>\n<p> <a href=\"https:\/\/www.lasexta.com\/noticias\/internacional\/mas-cerca-paz-ucrania-eeuu-califican-sustanciales-sus-conversaciones-kyiv_202609066a9db2582d7d30221780ff24.html\" class=\"L6-news__link\" rel=\"nofollow noopener\" target=\"_blank\">\u00bfM\u00e1s cerca de la paz? Ucrania y EEUU califican de \u00absustanciales\u00bb sus conversaciones en Kyiv<\/p>\n<p class=\"recirculation-video-desc\">Los detalles Ninguna de las partes ha anunciado acuerdo alguno, pero s\u00ed han asegurado que mantendr\u00e1n una reuni\u00f3n con Europa \u00abpr\u00f3ximamente\u00bb.<\/p>\n<p> <\/a><\/p>\n","protected":false},"excerpt":{"rendered":"La presidenta de la Comunidad de Madrid, Isabel D\u00edaz Ayuso, jur\u00f3 este s\u00e1bado que \u00abel dinero de los&hellip;\n","protected":false},"author":2,"featured_media":751421,"comment_status":"","ping_status":"","sticky":false,"template":"","format":"standard","meta":{"footnotes":""},"categories":[8],"tags":[17,18,2125,25,24,13,14,11,3515,19,20,205,9,10,15,110362,16,6066,23,12,21,22],"class_list":["post-751420","post","type-post","status-publish","format-standard","has-post-thumbnail","category-espana","tag-breaking-news","tag-breakingnews","tag-directo","tag-es","tag-espana","tag-featured-news","tag-featurednews","tag-headlines","tag-isabel-diaz-ayuso","tag-latest-news","tag-latestnews","tag-madrid","tag-news","tag-noticias","tag-noticias-destacadas","tag-noticias-ultima-hora","tag-noticiasdestacadas","tag-partido-popular-pp","tag-spain","tag-titulares","tag-ultimas-noticias","tag-ultimasnoticias"],"share_on_mastodon":{"url":"https:\/\/pubeurope.com\/@es\/117225971407344924","error":""},"_links":{"self":[{"href":"https:\/\/www.europesays.com\/es\/wp-json\/wp\/v2\/posts\/751420","targetHints":{"allow":["GET"]}}],"collection":[{"href":"https:\/\/www.europesays.com\/es\/wp-json\/wp\/v2\/posts"}],"about":[{"href":"https:\/\/www.europesays.com\/es\/wp-json\/wp\/v2\/types\/post"}],"author":[{"embeddable":true,"href":"https:\/\/www.europesays.com\/es\/wp-json\/wp\/v2\/users\/2"}],"replies":[{"embeddable":true,"href":"https:\/\/www.europesays.com\/es\/wp-json\/wp\/v2\/comments?post=751420"}],"version-history":[{"count":0,"href":"https:\/\/www.europesays.com\/es\/wp-json\/wp\/v2\/posts\/751420\/revisions"}],"wp:featuredmedia":[{"embeddable":true,"href":"https:\/\/www.europesays.com\/es\/wp-json\/wp\/v2\/media\/751421"}],"wp:attachment":[{"href":"https:\/\/www.europesays.com\/es\/wp-json\/wp\/v2\/media?parent=751420"}],"wp:term":[{"taxonomy":"category","embeddable":true,"href":"https:\/\/www.europesays.com\/es\/wp-json\/wp\/v2\/categories?post=751420"},{"taxonomy":"post_tag","embeddable":true,"href":"https:\/\/www.europesays.com\/es\/wp-json\/wp\/v2\/tags?post=751420"}],"curies":[{"name":"wp","href":"https:\/\/api.w.org\/{rel}","templated":true}]}}