{"id":75350,"date":"2025-08-27T09:21:10","date_gmt":"2025-08-27T09:21:10","guid":{"rendered":"https:\/\/www.europesays.com\/es\/75350\/"},"modified":"2025-08-27T09:21:10","modified_gmt":"2025-08-27T09:21:10","slug":"etapa-para-ben-turner-en-voiron-y-liderato-para-david-gaudu-en-la-previa-a-la-crono-por-equipos-ciclismo","status":"publish","type":"post","link":"https:\/\/www.europesays.com\/es\/75350\/","title":{"rendered":"Etapa para Ben Turner en Voiron y liderato para David Gaudu en la previa a la crono por equipos | Ciclismo"},"content":{"rendered":"<p>        <img decoding=\"async\" alt=\"Grito de alegr\u00eda y liberaci\u00f3n de Ben Turner en la meta de Voiron.\" height=\"709\" loading=\"lazy\"  src=\"https:\/\/www.europesays.com\/es\/wp-content\/uploads\/2025\/08\/Vuelta.jpg\"  width=\"1063\"\/>Grito de alegr\u00eda y liberaci\u00f3n de Ben Turner en la meta de Voiron. (Jeff PACHOUD | AFP PHOTO)<\/p>\n<p>La etapa m\u00e1s larga de la Vuelta 2025 ha sido extra\u00f1a y decepcionante, pero al menos tanto el ingl\u00e9s de Ineos Ben Turner como el franc\u00e9s de Groupama David Gaudu han podido sacar notas positivas. Turner se ha impuesto a Jasper Philipsen en el sprint de la localidad francesa de Voiron, una llegada con aires de gincana por las peligrosas curvas, cambios de sentido, estrechamientos y cuellos de botella que no ha vivido m\u00e1s ca\u00eddas de las pocas que han tenido lugar \u2013todas ellas sin consecuencias\u2013 gracias a la pericia de los corredores.<\/p>\n<p>El propio Philipsen, encerrado en los \u00faltimos metros entre su compa\u00f1ero Edward Planckaert y Ethan Vernon, de Israel, no ha podido disputarle el sprint a un Ben Turner que ha sabido colarse entre los huecos y esprintar con el camino expedito mientras el belga ha tenido que esperar a ver un sitio por donde pasar para desarrollar toda su velocidad, siendo demasiado tarde para cuando ha arrancado.<\/p>\n<p>En lo que se refiere a la clasificaci\u00f3n general, David Gaudu no ha conseguido meterle tiempo a Jonas Vingegaard, pese a que ha intentado hacerse con la bonificaci\u00f3n en el paso intermedio. No obstante, su posici\u00f3n en la meta le ha valido para adelantar al dan\u00e9s de Visma en la clasificaci\u00f3n general gracias al famoso puest\u00f3metro.<\/p>\n<p>Todo ello antes de la entrada de la ronda hispana en Catalunya, lugar en el que espera una crono por equipos de 24,1 kil\u00f3metros con salida y llegada en Figueres y que pondr\u00e1 sobre la mesa las primeras diferencias significativas entre los favoritos.<\/p>\n<p><strong>Poca l\u00f3gica<\/strong><\/p>\n<p>La etapa entre Susa y Voiron, de casi 207 kil\u00f3metros, ha resultado ser una oportunidad desaprovechada por los organizadores de la Vuelta. Obvio que hay que repartir los esfuerzos y que esta Vuelta tiene etapas de sobra con dureza en su orograf\u00eda, pero en un terreno conocido por la espectacularidad de su recorrido para idear una jornada para aquellos cazadores de etapas. Sin embargo, luego de concentrar tres puertos de segunda categor\u00eda en los 76 primeros kil\u00f3metros, la tendencia descendente de la etapa ha facilitado al pelot\u00f3n poder controlar la fuga del d\u00eda y presentarse en la meta de Voiron compacto y sin sorpresas para preparar el sprint.<\/p>\n<p>Louis Vervaeke (Soudal), Sean Quinn (Education First), Joel Nicolau (Caja Rural), Kamiel Bonneu (Intermarch\u00e9) y Mario Aparicio (Burgos) han protagonizado la fuga del d\u00eda, con la \u00fanica novedad de que Nicolau se ha enfundado el liderato de la clasificaci\u00f3n de la monta\u00f1a. En adelante, La persistencia del Lidl y del Alpecin ha terminado por arruinar las ilusiones del quinteto a 89 kil\u00f3metros de meta.<\/p>\n<p>El sprint final en Voiron ha tomado color, por encima de la intentona del franc\u00e9s Bruno Armirail a 20 kil\u00f3metros de meta. Poco ha durado su aventura aunque haya llegado a los 50 segundos<\/p>\n<p>La locura se ha presentado a medida que se ha ido acercando el sprint de Voiron. La cantidad de isletas, estrechamientos y otras trampas han puesto a prueba la pericia de los ciclistas, que han sabido salir del paso sin graves percances, mientras que en la recta de meta Ben Turner, seg\u00fan Egan Bernal, \u00abuna m\u00e1quina que se merece todo lo bueno que le pase\u00bb, ha mostrado mejores piernas y mejor colocaci\u00f3n de Philipsen para llevarse la etapa previa a la crono por equipos.<\/p>\n<p>David Gaudu ha entrado en la meta en el puesto 25 y eso le ha valido para enfundarse el maillot rojo de l\u00edder, desbancando por el momento a Vingegaard, aunque ser\u00eda perfectamente posible que el dan\u00e9s de Visma la recupere este mi\u00e9rcoles en Figueres.<\/p>\n<p>Se trata de un circuito favorable para los especialistas, que no dar\u00e1 respiro a los ciclistas que quieran luchar por la general. Los favoritos deben estar muy atentos porque se pueden producir diferencias importantes.<\/p>\n<p>\n      Todo sobre<br \/>\n      <a href=\"https:\/\/www.naiz.eus\/es\/info_sek\/vuelta-2025\" rel=\"nofollow noopener\" target=\"_blank\">Vuelta 2025<\/a>\n    <\/p>\n","protected":false},"excerpt":{"rendered":"Grito de alegr\u00eda y liberaci\u00f3n de Ben Turner en la meta de Voiron. (Jeff PACHOUD | AFP PHOTO)&hellip;\n","protected":false},"author":2,"featured_media":75351,"comment_status":"","ping_status":"","sticky":false,"template":"","format":"standard","meta":{"footnotes":""},"categories":[273],"tags":[15811,313,10099,312,2429,168,6440,25,24,314,28448,5564,5549,4192,23,167,15812,28554],"class_list":{"0":"post-75350","1":"post","2":"type-post","3":"status-publish","4":"format-standard","5":"has-post-thumbnail","7":"category-ciclismo","8":"tag-ben","9":"tag-ciclismo","10":"tag-crono","11":"tag-cycling","12":"tag-david","13":"tag-deportes","14":"tag-equipos","15":"tag-es","16":"tag-espana","17":"tag-etapa","18":"tag-gaudu","19":"tag-lider","20":"tag-maillot","21":"tag-previo","22":"tag-spain","23":"tag-sports","24":"tag-turner","25":"tag-voiron"},"share_on_mastodon":{"url":"","error":""},"_links":{"self":[{"href":"https:\/\/www.europesays.com\/es\/wp-json\/wp\/v2\/posts\/75350","targetHints":{"allow":["GET"]}}],"collection":[{"href":"https:\/\/www.europesays.com\/es\/wp-json\/wp\/v2\/posts"}],"about":[{"href":"https:\/\/www.europesays.com\/es\/wp-json\/wp\/v2\/types\/post"}],"author":[{"embeddable":true,"href":"https:\/\/www.europesays.com\/es\/wp-json\/wp\/v2\/users\/2"}],"replies":[{"embeddable":true,"href":"https:\/\/www.europesays.com\/es\/wp-json\/wp\/v2\/comments?post=75350"}],"version-history":[{"count":0,"href":"https:\/\/www.europesays.com\/es\/wp-json\/wp\/v2\/posts\/75350\/revisions"}],"wp:featuredmedia":[{"embeddable":true,"href":"https:\/\/www.europesays.com\/es\/wp-json\/wp\/v2\/media\/75351"}],"wp:attachment":[{"href":"https:\/\/www.europesays.com\/es\/wp-json\/wp\/v2\/media?parent=75350"}],"wp:term":[{"taxonomy":"category","embeddable":true,"href":"https:\/\/www.europesays.com\/es\/wp-json\/wp\/v2\/categories?post=75350"},{"taxonomy":"post_tag","embeddable":true,"href":"https:\/\/www.europesays.com\/es\/wp-json\/wp\/v2\/tags?post=75350"}],"curies":[{"name":"wp","href":"https:\/\/api.w.org\/{rel}","templated":true}]}}