{"id":75517,"date":"2025-08-27T11:05:12","date_gmt":"2025-08-27T11:05:12","guid":{"rendered":"https:\/\/www.europesays.com\/es\/75517\/"},"modified":"2025-08-27T11:05:12","modified_gmt":"2025-08-27T11:05:12","slug":"rompen-con-sus-parejas-y-toman-caminos-separados","status":"publish","type":"post","link":"https:\/\/www.europesays.com\/es\/75517\/","title":{"rendered":"rompen con sus parejas y toman caminos separados"},"content":{"rendered":"<p class=\"HOLA-TEMAS_5--TEXTO-1er-PARRAFO\" id=\"exQsm62JQgK1\" data-wc=\"56\">N ueva\u00a0 vida para las <strong>hijas de las infantas Elena y Cristina<\/strong> . <a class=\"hm-link\" href=\"https:\/\/www.hola.com\/actualidad\/20230621347057\/irene-urdangarin-victoria-marichalar-primas-hermanas-complicidad\/\" data-mrf-recirculation=\"article-body-link\" rel=\"nofollow noopener\" target=\"_blank\">Las primas Borb\u00f3n, que tanto se quieren, cierran el verano abriendo nueva etapa, tras romper son sus parejas.\u00a0<\/a> Llevan semanas haciendo planes por separado con sus familias y amigos, y <strong>la conclusi\u00f3n es que las dos sobrinas del Rey arrancan el curso solas.<\/strong><\/p>\n<p>  <img src=\"https:\/\/www.europesays.com\/es\/wp-content\/uploads\/2025\/08\/c4babae07202-dcb89a7dd11d-c25bf3871285397e0e01cc5c950817e1u580976021.jpg\"   width=\"1080\" height=\"1800\" loading=\"lazy\" decoding=\"async\" alt=\"Victoria, ahijada del Rey, con Borja Moreno\" fetchpriority=\"auto\" class=\"image ho-image\"\/>\u00a9 AGENCIASVictoria, ahijada del Rey, con Borja Moreno<\/p>\n<p class=\"HOLA-TEMAS_5a--TEXTO-NORMAL\" id=\"e0s398NfuHzj\" data-wc=\"80\">Sorprende que <a class=\"hm-link\" href=\"https:\/\/www.hola.com\/actualidad\/20250418827236\/irene-urdangarin-juan-urquijo-relacion-consolida\/\" data-mrf-recirculation=\"article-body-link\" rel=\"nofollow noopener\" target=\"_blank\">Irene Urdangarin y Juan Urquijo hayan decidido poner punto final a su historia de amor,<\/a> pero, en cambio, <strong>estaba claro desde hace algunas semanas que Victoria y Borja Moreno hab\u00edan tomado caminos separados.\u00a0<\/strong> Se dieron un tiempo a principios de julio y no se les ha vuelto a ver juntos desde entonces. <strong>\u00a0Los dos han vivido un verano de solteros<\/strong> , haciendo planos cada uno por su lado, aunque <strong>\u00a0sin que haya habido terceras personas de por medio.<\/strong><\/p>\n<blockquote class=\"ho-bl-1081603 -no-figcaption\" cite=\"\">\n<p id=\"ehZ44Y8aTQm\">Vic y Borja Moreno no han superado su crisis, despu\u00e9s de darse cuenta un tiempo este verano; e Irene empieza \u00absoltera\u00bb el segundo a\u00f1o de carrera en Oxford, tras casi dos a\u00f1os de relaci\u00f3n con Juan Urquijo<\/p>\n<\/blockquote>\n<p class=\"HOLA-TEMAS_5a--TEXTO-NORMAL\" id=\"eFBprybyVeIc\" data-wc=\"71\">Victoria y Borch (as\u00ed le llaman sus amigos) <strong>llevaban casi un a\u00f1o juntos.<\/strong> Se conocieron <strong>el verano de 2024 en Sotogrande<\/strong> , donde la joven Marichalar ha pasado muchos veranos con su padre, don Jaime, y donde Borja trabaja en Trocadero, el famoso grupo de restauraci\u00f3n. No se supo que estaban saliendo hasta diciembre. <a class=\"hm-link\" href=\"https:\/\/www.hola.com\/realeza\/20250423827996\/victoria-federica-sorprendente-parentesco-pareja-prima-irene-urdangin-juan-urquijo\/\" data-mrf-recirculation=\"article-body-link\" rel=\"nofollow noopener\" target=\"_blank\">Para entonces, el nombre de Borja Moreno Oriol ya hab\u00eda saltado a t\u00edtulos junto con su historia.\u00a0<\/a><\/p>\n<blockquote class=\"ho-bl-1081603 -no-figcaption\" cite=\"\">\n<p id=\"es67c09kiBB\">El 5 de enero, Juan e Irene asistieron al 87\u00ba cumplea\u00f1os del Rey don Juan Carlos en Abu Dabi; y el 10 de julio, al de Piru Urquijo, pero la sobrina del Rey ya no acudi\u00f3 d\u00edas despu\u00e9s al bautizo de Lucas, ahijado de su entonces novio<\/p>\n<\/blockquote>\n<p>  <img src=\"https:\/\/www.europesays.com\/es\/wp-content\/uploads\/2025\/08\/5aa92ff68299-2db55577f0d2aa7af47c734de08b9e80img-20250106-wa0001.jpg\"   width=\"1080\" height=\"1080\" loading=\"lazy\" decoding=\"async\" alt=\"EXCLUSIVA NUEVA ETAPA EN LAS VIDAS DE IRENE URDANGARIN Y VICTORIA DE MARICHALAR ROMPEN CON SUS PAREJAS Y TOMAN CAMINOS SEPARADOS\" fetchpriority=\"auto\" class=\"image ho-image\"\/>\u00a9 Laurence DebrayFotograf\u00eda de familia tomada durante el cumplea\u00f1os del Rey Juan Carlos<\/p>\n<p class=\"HOLA-TEMAS_5a--TEXTO-NORMAL\" id=\"e3NkgFSqJP\" data-wc=\"109\">Graduado en Humanidades por la Universidad CEU San Pablo y en Marketing y Empresa en ESERP Business School;\u00a0 director de relaciones p\u00fablicas y director comercial del Grupo Sounds\u2026 Y descendiente de una dinast\u00eda con mucha historia, destacando entre sus antepasados a su bisabuelo Jos\u00e9 Luis Oriol y Urquijo, marqu\u00e9s de Casa Oriol, alcalde de Bilbao, fundador de la empresa ferroviaria Talgo y presidente de Hidroel\u00e9ctrica Espa\u00f1ola. Y <strong>tambi\u00e9n a su tatarabuelo, Lucas Urquijo Urrutia, importante banquero vasco que cofund\u00f3 Hidroel\u00e9ctrica Espa\u00f1ola\u00a0<\/strong> (hoy Iberdrola) y era, adem\u00e1s, hermano de Juan Manuel Urquijo y Urrutia (Fundador del Banco de Urquijo junto a Jos\u00e9 de Ortueta en 1870), tatarabuelo de Juan Urquijo.<\/p>\n<p>El primer beso<\/p>\n<p class=\"HOLA-TEMAS_5a--TEXTO-NORMAL\" id=\"eE9p7MaAwsJw\" data-wc=\"111\">En <strong>\u00a0enero empezaron a dejarse ver compartir aviones<\/strong> , aunque fue con la llegada de la primavera cuando <strong>dieron indicios de que su historia de amor iba en serio, para adelante<\/strong> . Seg\u00fan public\u00f3 \u00a1HOLA!, en Semana Santa acudieron a las procesiones de M\u00e1laga \u2014Vic fue la encargada de tocar la campana de la salida del Cristo del Amor\u2014 y pasaron unos d\u00edas en Sotogrande. <a class=\"hm-link\" href=\"https:\/\/www.hola.com\/actualidad\/20250503829926\/victoria-federica-borja-moreno-mutua-madrid-open-tini-stoessel-miguel-bernardeau-greta-fernandez\/\" data-mrf-recirculation=\"article-body-link\" rel=\"nofollow noopener\" target=\"_blank\">Despu\u00e9s estuvieron en el Madrid Mutua Open de Tenis y, en mayo, acudieron a la Plaza de Toros de Las Ventas.<\/a> All\u00ed se dio <strong>\u00a0su primer beso (en la mejilla) en p\u00fablico y all\u00ed se vio a Victoria buscando su mirada<\/strong> y recostada en su hombro.<\/p>\n<p>  <img src=\"https:\/\/www.europesays.com\/es\/wp-content\/uploads\/2025\/08\/e53224044c2e-b9157324706c-09eeee4f433682a2c33a71a2f277c2b6lap08342001cut-2.jpg\"   width=\"1080\" height=\"1080\" loading=\"lazy\" decoding=\"async\" alt=\"Las primeras im\u00e1genes de Irene y Juan Urquijo juntos, publicadas por \u00a1HOLA! en abril de 2024. Juan, de 27 a\u00f1os, es hijo del empresario Lucas Urquijo Fern\u00e1ndez de Araoz y Beatriz Moreno de Borb\u00f3n-Dos Sicilias, y hermano de Teresa Urquijo, mujer del alcalde de Madrid, Jos\u00e9 Luis Mart\u00ednez-Almeida.\" fetchpriority=\"auto\" class=\"image ho-image\"\/>\u00a9 AGENCIASLas primeras im\u00e1genes de Irene y Juan Urquijo juntos, publicadas por \u00a1HOLA! en abril de 2024. Juan, de 27 a\u00f1os, es hijo del empresario Lucas Urquijo Fern\u00e1ndez de Araoz y Beatriz Moreno de Borb\u00f3n-Dos Sicilias, y hermano de Teresa Urquijo, mujer del alcalde de Madrid, Jos\u00e9 Luis Mart\u00ednez-Almeida.<\/p>\n<p class=\"HOLA-TEMAS_5a--TEXTO-NORMAL\" id=\"eaN-rwus88_s\" data-wc=\"130\">Y tras esta sucesi\u00f3n de im\u00e1genes, que apuntaban a un afianzamiento de la relaci\u00f3n, <strong>lleg\u00f3 el distanciamiento.<\/strong> Se tomaban un tiempo, sin dar m\u00e1s explicaciones a su c\u00edrculo de amigos. As\u00ed nos lo confirman desde sus entornos. \u00bb <strong>Tienen personalidades y vidas muy diferentes.\u00a0<\/strong> Victoria vive delante de una c\u00e1mara. Es su trabajo. Y Borja huye de la fama\u00bb. <strong>Se dio el verano para pensarlo y, finalmente, no ha podido ser. <a class=\"hm-link\" href=\"https:\/\/www.hola.com\/fashion\/20250717844814\/victoria-federica-truco-bronceado-camisa-fucsia\/\" data-mrf-recirculation=\"article-body-link\" rel=\"nofollow noopener\" target=\"_blank\">\u00a0Victoria ha estado en las Islas Baleares con amigos y con su hermano Felipe; en Tarifa<\/a><\/strong> , acompa\u00f1ado de la <strong>familia de Tom\u00e1s P\u00e1ramo y Mar\u00eda G. de Jaime, y en Marbella.<\/strong> Lleg\u00f3 a finales de julio a la Costa del Sol y se la vio disfrutando del festival Starlite Occident,\u00a0 del mar, las playas y de los espect\u00e1culos.<\/p>\n<p class=\"HOLA-TEMAS_5a--TEXTO-NORMAL\" id=\"eFzU9U7S8ZkL\" data-wc=\"62\">La hija de la infanta Elena y Jaime de Marichalar <strong>hace su vida y va por libre sin respiro, con una agenda llena de aviones y viajes.<\/strong> Est\u00e1 en ese momento en el que lo quiere descubrir todo. <a class=\"hm-link\" href=\"https:\/\/www.hola.com\/fashion\/20250804848099\/victoria-federica-look-panuelo-cadera-vaqueros-concierto-marbella\/\" data-mrf-recirculation=\"article-body-link\" rel=\"nofollow noopener\" target=\"_blank\">\u00a0Es una estrella y sus padres, para los que tambi\u00e9n se ha reservado unos d\u00edas este verano, solo pueden velar porque todo vaya bien.<\/a><\/p>\n<p class=\"HOLA-TEMAS_5a--TEXTO-NORMAL\" id=\"e8yg7kPguzhM\" data-wc=\"71\">Su estilo ha traspasado fronteras y, aunque no sepa hasta d\u00f3nde puede llegar, <strong>\u00a0va en busca de encontrar su lugar en el mundo.\u00a0\u00a0\u00a0\u00a0\u00a0\u00a0<\/strong><a class=\"hm-link\" href=\"https:\/\/www.hola.com\/fashion\/20250811849417\/mejores-looks-paula-echevarria-victoria-federica-starlite\/\" data-mrf-recirculation=\"article-body-link\" rel=\"nofollow noopener\" target=\"_blank\">\u00a0Es una referencia de estilo y una de las \u00abinfluencers\u00bb m\u00e1s solicitadas del momento. Su armario lo abarca todo y todo le queda bien.\u00a0\u00a0\u00a0\u00a0\u00a0\u00a0<\/a> <strong>Mide 1,80 metros y est\u00e1 delgad\u00edsima.<\/strong> Su tez es la de <strong>su abuela paterna, la condesa de Ripalda,\u00a0<\/strong> que era una <strong>mujer muy elegante.<\/strong><\/p>\n<p>Un buen final para los dos<\/p>\n<p class=\"HOLA-TEMAS_5a--TEXTO-NORMAL\" id=\"e3GsBwu9aH3C\" data-wc=\"31\">Victoria de Marichalar e Irene Urdangarin, <a class=\"hm-link\" href=\"https:\/\/www.hola.com\/realeza\/casa_espanola\/20240605255115\/irene-urdangarin-cumple-19-felicitacion-victoria-marichalar\/\" data-mrf-recirculation=\"article-body-link\" rel=\"nofollow noopener\" target=\"_blank\">que se llevan cinco a\u00f1os e hijo como dos hermanas que se lo cuentan todo,\u00a0<\/a> llegan al final de estas vacaciones <strong>\u00a0compartiendo \u00absolter\u00eda\u00bb y secretos.<\/strong><\/p>\n<blockquote class=\"ho-bl-1081603 -no-figcaption\" cite=\"\">\n<p id=\"ePS3sBb1ncj\">Victoria, que ha pasado casi todo agosto en Marbella, y Borja se conocieron en Sotogrande, C\u00e1diz, y llevaban casi un a\u00f1o juntos<\/p>\n<\/blockquote>\n<p class=\"HOLA-TEMAS_5a--TEXTO-NORMAL\" id=\"eLr1kns8cuie\" data-wc=\"106\">La hija de do\u00f1a Elena nos da una peque\u00f1a pista, al subir a su Instagram una imagen con su mascota, a la que adora y considera \u00abel amor de su vida\u00bb. Pero nada sabemos de las emociones de Irene, que <strong>vive a espaldas de las c\u00e1maras y mantiene su vida privada bajo llave.\u00a0\u00a0\u00a0\u00a0\u00a0<\/strong> <a class=\"hm-link\" href=\"https:\/\/www.hola.com\/fashion\/20250728845988\/irene-urdangarin-novio-juan-urquijo-looks-cita-madrid\/\" data-mrf-recirculation=\"article-body-link\" rel=\"nofollow noopener\" target=\"_blank\">Es su c\u00edrculo el que desvela a \u00a1HOLA! que est\u00e1 bien, que ha sido dif\u00edcil para los dos tomar esta decisi\u00f3n, pero que dieron el paso pensando en que era un buen final para ambos.\u00a0<\/a> Las <strong>puertas quedan abiertas al futuro<\/strong> , pero <strong>en este momento son libres para seguir con sus vidas.<\/strong><\/p>\n<p>  <img src=\"https:\/\/www.europesays.com\/es\/wp-content\/uploads\/2025\/08\/e5d8b31f2874-deff71c310e3-49b98d708623e65d1d60007e1a21410amarinapressreyesfuneraljuangomezace.jpg\"   width=\"1080\" height=\"1080\" loading=\"lazy\" decoding=\"async\" alt=\"Vic y la joven Urdangarin se llevan cinco a\u00f1os y son las primas m\u00e1s unidas, aunque muy diferentes. A la hija de do\u00f1a Elena y don Jaime le gusta la c\u00e1mara y es una apasionada de la moda\u2026 Irene huye del foco y mantiene su vida privada bajo llave\" fetchpriority=\"auto\" class=\"image ho-image\"\/>\u00a9 AGENCIASVic y la joven Urdangarin se llevan cinco a\u00f1os y son las primas m\u00e1s unidas, aunque muy diferentes. A la hija de do\u00f1a Elena y don Jaime le gusta la c\u00e1mara y es una apasionada de la moda\u2026 Irene huye del foco y mantiene su vida privada bajo llave<\/p>\n<p class=\"HOLA-TEMAS_5a--TEXTO-NORMAL\" id=\"eLlFdLNH0j-c\" data-wc=\"62\">Este \u00faltimo a\u00f1o <strong>no fue f\u00e1cil para ninguno de los dos<\/strong> . <a class=\"hm-link\" href=\"https:\/\/www.hola.com\/actualidad\/20250725845446\/irene-urdangarin-reencuentro-juan-urquijo-madrid-tras-nueve-meses-oxford\/\" data-mrf-recirculation=\"article-body-link\" rel=\"nofollow noopener\" target=\"_blank\">Por los siete a\u00f1os de diferencia que marcan momentos vitales muy distintos y por la distancia.<\/a> Irene est\u00e1 estudiando, desde el pasado oto\u00f1o, la carrera de Gesti\u00f3n de Hosteler\u00eda, Turismo y Eventos en Oxford, Reino Unido, y Juan Urquijo, ingeniero agr\u00f3nomo, reside en Madrid y trabaja cerca de la capital.<\/p>\n<p>Los mejores amigos<\/p>\n<p class=\"HOLA-TEMAS_5a--TEXTO-NORMAL\" id=\"eLncWu7J0KkH\" data-wc=\"109\">Rompen su relaci\u00f3n, pero <strong>\u00a0siguen siendo los mejores amigos.\u00a0<\/strong> No pod\u00eda ser de otra forma. Comparten lazos de sangre, se conocen desde ni\u00f1os y, <strong>a lo largo de sus vidas, han disfrutado juntos de muchos momentos en familia;<\/strong> Bien es cierto que cuando se reencontraron en Madrid, a principios del oto\u00f1o de 2023, hac\u00eda a\u00f1os que no se ve\u00edan. Inicialmente, se pens\u00f3 que hab\u00eda sido Victoria Federica quien los hab\u00eda vuelto a unir, porque comparti\u00f3 colegio con Juan en La Moraleja y porque acompa\u00f1aba con frecuencia a la infanta Elena a la finca familiar, el Canto de la Cruz (Colmenar Viejo), donde montaban a caballo, pero no ocurri\u00f3 as\u00ed.<\/p>\n<p>  <img src=\"https:\/\/www.europesays.com\/es\/wp-content\/uploads\/2025\/08\/a23b1df49ea2-0a7da48064f5e6287d1b88af5346775ceuropapress6693699borjamorenoyvictoriafed.jpg\"   width=\"1080\" height=\"1080\" loading=\"lazy\" decoding=\"async\" alt=\"EXCLUSIVA NUEVA ETAPA EN LAS VIDAS DE IRENE URDANGARIN Y VICTORIA DE MARICHALAR ROMPEN CON SUS PAREJAS Y TOMAN CAMINOS SEPARADOS\" fetchpriority=\"auto\" class=\"image ho-image\"\/>\u00a9 AGENCIASVictoria con Borja Moreno Oriol, disfrutando de una tarde de tenis, en Madrid<\/p>\n<p class=\"HOLA-TEMAS_5a--TEXTO-NORMAL\" id=\"eESv6d-huata\" data-wc=\"92\">Fueron <strong>los hermanos de Irene, Juan y Miguel, amigos de Juan Urquijo, los que propiciaron el encuentro sin saber que su hermana se unir\u00eda a la cita.<\/strong> Y despu\u00e9s lleg\u00f3 otro momento muy importante (31 de octubre) en el que fueron a encontrarse: la recepci\u00f3n privada que los Reyes ofrecieron en El Pardo, con <strong>\u00a0motivo de la mayor\u00eda de edad de la princesa Leonor.<\/strong> Juan e Irene quedaron al d\u00eda siguiente y as\u00ed, una semana tras otra, fueron afianzando su amistad, hasta que tuvieron que separarse a principios de enero de 2024.\u00a0<\/p>\n<p class=\"HOLA-TEMAS_5a--TEXTO-NORMAL\" id=\"eDnajBdJeIJ\" data-wc=\"72\">Juan se qued\u00f3 en Madrid, <a class=\"hm-link\" href=\"https:\/\/www.hola.com\/actualidad\/20240220356183\/irene-urdangarin-voluntaria-trabajo-campo-mas-duro\/\" data-mrf-recirculation=\"article-body-link\" rel=\"nofollow noopener\" target=\"_blank\">mientras que la joven Urdangarin pon\u00eda rumbo a Asia para trabajar como voluntaria en Camboya, en la ONG Sauce del jesuita espa\u00f1ol Enrique Figaredo<\/a> . Cinco meses despu\u00e9s, volvieron a reencontrarse y sonaban las primeras campanas de noviazgo, aunque <strong>\u00a0su entorno en conversaciones con \u00a1HOLA! afirmaba rotundo que \u00abno son novios<\/strong> . Tienen una relaci\u00f3n muy especial, pero <strong>quieren tomarse todo con calma porque son muy j\u00f3venes\u00bb.<\/strong><\/p>\n<p>Todo ha cambiado en las \u00faltimas semanas.<\/p>\n<p class=\"HOLA-TEMAS_5a--TEXTO-NORMAL\" id=\"e4WPyncTTGjK\" data-wc=\"61\">Si bien es cierto que <strong>los pasos que han ido dando apuntaban a que su historia de amor se iba afianzando<\/strong> , tras asistir juntos a la boda de Victoria L\u00f3pez-Quesada; al 87\u00ba cumplea\u00f1os de don Juan Carlos en Abu Dabi, <a class=\"hm-link\" href=\"https:\/\/www.hola.com\/actualidad\/20250719844714\/piru-urquijo-cumple-90-anyos-celebracion-detalles\/\" data-mrf-recirculation=\"article-body-link\" rel=\"nofollow noopener\" target=\"_blank\">y m\u00e1s recientemente al 90\u00ba cumplea\u00f1os de Piru Urquijo, la abuela de Juan, todo ha cambiado en las \u00faltimas semanas.<\/a><\/p>\n<blockquote class=\"ho-bl-1081603 -no-figcaption\" cite=\"\">\n<p id=\"eCSN0ykpNRK\">Irene, que estuvo haciendo pr\u00e1cticas entre Londres e Italia, ha pasado las vacaciones en familia entre Grecia y Bidart (Francia)<\/p>\n<\/blockquote>\n<p>  <img src=\"https:\/\/www.europesays.com\/es\/wp-content\/uploads\/2025\/08\/11160e8efff8-3f35847b4b78-ad8de9e201d3d5c75b7b5cc4cfa202f0epireneurdangarinyvictoriafedericac.jpg\"   width=\"1080\" height=\"1800\" loading=\"lazy\" decoding=\"async\" alt=\"La hija de la infanta Cristina e I\u00f1aki Urdangarin\" fetchpriority=\"auto\" class=\"image ho-image\"\/>\u00a9 AGENCIASLa hija de la infanta Cristina e I\u00f1aki Urdangarin<\/p>\n<p class=\"HOLA-TEMAS_5a--TEXTO-NORMAL\" id=\"e0Wz8JgYxApj\" data-wc=\"109\"><strong>Irene ya no asist\u00eda al bautizo de Lucas, hijo de Teresa Urquijo y el alcalde de Madrid, y ahijado de Juan<\/strong> \u2014estaba de vacaciones con su padre, I\u00f1aki Urdangarin\u2014, y los dos iban espaciando sus encuentros. Las \u00faltimas informaciones que nos llegan apuntan a que <strong>Juan se fue al sur de Espa\u00f1a con su familia,<\/strong> y que Irene, tras disfrutar de unos d\u00edas con amigas, se un\u00eda a su madre y algunos de sus hermanos para viajar primero a Grecia, donde los esperaban la Reina Ana Mar\u00eda y su familia, y finalmente a Bidart (Pa\u00eds Vasco franc\u00e9s) <strong>\u00a0donde compartieron tiempo con su padre, I\u00f1aki, y su abuela, Claire Liebaert.<\/strong><\/p>\n<p>  <img src=\"https:\/\/www.europesays.com\/es\/wp-content\/uploads\/2025\/08\/8e26d2b580fb-3890f4fd0e84-f30ccebd4810092d548832ad15d95141250madphotopressmm5cut.jpg\"   width=\"1080\" height=\"1080\" loading=\"lazy\" decoding=\"async\" alt=\"Irene con Juan en la preboda de su prima Victoria L\u00f3pez-Quesada, en septiembre de 2024\" fetchpriority=\"auto\" class=\"image ho-image\"\/>\u00a9 AGENCIASIrene con Juan en la preboda de su prima Victoria L\u00f3pez-Quesada, en septiembre de 2024<\/p>\n<p class=\"HOLA-TEMAS_5a--TEXTO-NORMAL\" id=\"eAwKcO3-JM_b\" data-wc=\"76\">El <a class=\"hm-link\" href=\"https:\/\/www.hola.com\/actualidad\/20240928720868\/irene-urdangarin-nueva-vida-oxford\/\" data-mrf-recirculation=\"article-body-link\" rel=\"nofollow noopener\" target=\"_blank\">verano terminar\u00e1 en Ginebra y en septiembre la vida continuar\u00e1 en Oxford, donde Irene est\u00e1 realmente feliz.<\/a> Estudia lo que m\u00e1s te gusta: \u00a0International Hospitality Management en Oxford Brookes, una de las mejores universidades de Inglaterra. <strong>\u00a0Vive en el campus de Headington, donde comparte apartamento con otros estudiantes.<\/strong> Cocina, limpia y lleva la vida de cualquier otro alumno. Quiere independencia y el perfil bajo, y <strong>\u00a0en Espa\u00f1a no es f\u00e1cil estar lejos del foco medi\u00e1tico.<\/strong><\/p>\n","protected":false},"excerpt":{"rendered":"N ueva\u00a0 vida para las hijas de las infantas Elena y Cristina . Las primas Borb\u00f3n, que tanto&hellip;\n","protected":false},"author":2,"featured_media":75518,"comment_status":"","ping_status":"","sticky":false,"template":"","format":"standard","meta":{"footnotes":""},"categories":[91],"tags":[3900,517,146,147,25,24,14971,23,29371],"class_list":{"0":"post-75517","1":"post","2":"type-post","3":"status-publish","4":"format-standard","5":"has-post-thumbnail","7":"category-entretenimiento","8":"tag-hola","9":"tag-actualidad","10":"tag-entertainment","11":"tag-entretenimiento","12":"tag-es","13":"tag-espana","14":"tag-irene-urdangarin","15":"tag-spain","16":"tag-victoria-de-marichalar"},"share_on_mastodon":{"url":"","error":""},"_links":{"self":[{"href":"https:\/\/www.europesays.com\/es\/wp-json\/wp\/v2\/posts\/75517","targetHints":{"allow":["GET"]}}],"collection":[{"href":"https:\/\/www.europesays.com\/es\/wp-json\/wp\/v2\/posts"}],"about":[{"href":"https:\/\/www.europesays.com\/es\/wp-json\/wp\/v2\/types\/post"}],"author":[{"embeddable":true,"href":"https:\/\/www.europesays.com\/es\/wp-json\/wp\/v2\/users\/2"}],"replies":[{"embeddable":true,"href":"https:\/\/www.europesays.com\/es\/wp-json\/wp\/v2\/comments?post=75517"}],"version-history":[{"count":0,"href":"https:\/\/www.europesays.com\/es\/wp-json\/wp\/v2\/posts\/75517\/revisions"}],"wp:featuredmedia":[{"embeddable":true,"href":"https:\/\/www.europesays.com\/es\/wp-json\/wp\/v2\/media\/75518"}],"wp:attachment":[{"href":"https:\/\/www.europesays.com\/es\/wp-json\/wp\/v2\/media?parent=75517"}],"wp:term":[{"taxonomy":"category","embeddable":true,"href":"https:\/\/www.europesays.com\/es\/wp-json\/wp\/v2\/categories?post=75517"},{"taxonomy":"post_tag","embeddable":true,"href":"https:\/\/www.europesays.com\/es\/wp-json\/wp\/v2\/tags?post=75517"}],"curies":[{"name":"wp","href":"https:\/\/api.w.org\/{rel}","templated":true}]}}