{"id":75782,"date":"2025-08-27T13:57:08","date_gmt":"2025-08-27T13:57:08","guid":{"rendered":"https:\/\/www.europesays.com\/es\/75782\/"},"modified":"2025-08-27T13:57:08","modified_gmt":"2025-08-27T13:57:08","slug":"la-guardia-civil-rendira-homenaje-a-tres-agentes-muertos-en-acto-de-servicio-en-la-etapa-de-la-vuelta-en-monzon","status":"publish","type":"post","link":"https:\/\/www.europesays.com\/es\/75782\/","title":{"rendered":"La Guardia Civil rendir\u00e1 homenaje a tres agentes muertos en acto de servicio en la etapa de la Vuelta en Monz\u00f3n"},"content":{"rendered":"<p>            La Guardia Civil rendir\u00e1 homenaje a tres agentes muertos en acto de servicio en la etapa de la Vuelta en Monz\u00f3n                <\/p>\n<p>La Guardia Civil rendir\u00e1 homenaje a tres agentes muertos en acto de servicio en la etapa de la Vuelta en Monz\u00f3n<\/p>\n<p class=\"epigraph\">El despliegue de la Benem\u00e9rita reunir\u00e1 a unos 200 guardias para dar seguridad a la carrera y adem\u00e1s mostrar\u00e1 su labor en un expositor divulgativo en Benasque.<\/p>\n<p class=\"paragraph\">La <b>provincia de Huesca ser\u00e1 protagonista en la 80\u00aa edici\u00f3n de la Vuelta Ciclista a Espa\u00f1a<\/b> con el paso de las etapas <b>7\u00aa y 8\u00aa<\/b> el pr\u00f3ximo fin de semana, los d\u00edas 29 y 30 de agosto. Con motivo de este acontecimiento deportivo, la <b>Guardia Civil desplegar\u00e1 un amplio dispositivo de seguridad<\/b> a trav\u00e9s de la Unidad de Movilidad y Seguridad Vial (UMSV) &#8216;D\u00e1maso Guill\u00e9n&#8217;, formada por <b>132 agentes<\/b>.<\/p>\n<p>            Conforme a los criterios de<br \/>\n            <a class=\"trustproject_img\" id=\"trustproject_img\" href=\"https:\/\/thetrustproject.org\/\" target=\"_blank\" rel=\"nofollow noopener\" aria-label=\"Trust Project\"><img decoding=\"async\" loading=\"lazy\" src=\"https:\/\/www.heraldo.es\/images\/Trust-Logo-Horizontal.svg\" alt=\"Logo Trust Project\" width=\"200\" height=\"34\"\/><\/a><\/p>\n<p>        <a href=\"https:\/\/www.henneo.com\/\" title=\"Grupo Henneo\" class=\"logo\" rel=\"nofollow noopener\" target=\"_blank\"><br \/>\n            <img decoding=\"async\" src=\"https:\/\/www.heraldo.es\/images\/logo_henneo_gris.svg\" alt=\"Logo Henneo\" width=\"559\" height=\"389\" loading=\"lazy\"\/><br \/>\n        <\/a><\/p>\n<p>\u00a9 HERALDO DE ARAGON EDITORA, S.L.U.<br \/>Tel\u00e9fono 976 765 000 \/ &#8211; P\u00ba. Independencia, 29, 50001 Zaragoza &#8211; CIF: B99288763 &#8211; Inscrita en el Registro Mercantil de Zaragoza al Tomo 3796, Libro 0, Folio 177, Secci\u00f3n 8, Hoja Z-50564<br \/>Queda prohibida toda reproducci\u00f3n sin permiso escrito de la empresa a los efectos del art\u00edculo 32.1, p\u00e1rrafo segundo, de la Ley de Propiedad Intelectual<\/p>\n<p>\n                P\u00ba Independencia, 29, 50001 Zaragoza<br \/> Tel\u00e9fono 976 765 000\n            <\/p>\n<p>                    Actualmente tu navegador no permite ejecutar JavaScript. Para poder disfrutar de nuestro contenido es necesario que lo permita.<br \/>\n                                        <img decoding=\"async\" loading=\"lazy\" alt=\"Heraldo logo\" src=\"https:\/\/dkumiip2e9ary.cloudfront.net\/xalok\/heraldo\/especiales\/hola-de-nuevo\/logo-heraldo.svg\" width=\"215\" height=\"43\"\/><\/p>\n","protected":false},"excerpt":{"rendered":"La Guardia Civil rendir\u00e1 homenaje a tres agentes muertos en acto de servicio en la etapa de la&hellip;\n","protected":false},"author":2,"featured_media":75783,"comment_status":"","ping_status":"","sticky":false,"template":"","format":"standard","meta":{"footnotes":""},"categories":[273],"tags":[20523,313,312,168,25,24,2803,6552,29426,29425,23,167],"class_list":{"0":"post-75782","1":"post","2":"type-post","3":"status-publish","4":"format-standard","5":"has-post-thumbnail","7":"category-ciclismo","8":"tag-agentes","9":"tag-ciclismo","10":"tag-cycling","11":"tag-deportes","12":"tag-es","13":"tag-espana","14":"tag-guardia","15":"tag-homenaje","16":"tag-monzon","17":"tag-rendira","18":"tag-spain","19":"tag-sports"},"share_on_mastodon":{"url":"","error":""},"_links":{"self":[{"href":"https:\/\/www.europesays.com\/es\/wp-json\/wp\/v2\/posts\/75782","targetHints":{"allow":["GET"]}}],"collection":[{"href":"https:\/\/www.europesays.com\/es\/wp-json\/wp\/v2\/posts"}],"about":[{"href":"https:\/\/www.europesays.com\/es\/wp-json\/wp\/v2\/types\/post"}],"author":[{"embeddable":true,"href":"https:\/\/www.europesays.com\/es\/wp-json\/wp\/v2\/users\/2"}],"replies":[{"embeddable":true,"href":"https:\/\/www.europesays.com\/es\/wp-json\/wp\/v2\/comments?post=75782"}],"version-history":[{"count":0,"href":"https:\/\/www.europesays.com\/es\/wp-json\/wp\/v2\/posts\/75782\/revisions"}],"wp:featuredmedia":[{"embeddable":true,"href":"https:\/\/www.europesays.com\/es\/wp-json\/wp\/v2\/media\/75783"}],"wp:attachment":[{"href":"https:\/\/www.europesays.com\/es\/wp-json\/wp\/v2\/media?parent=75782"}],"wp:term":[{"taxonomy":"category","embeddable":true,"href":"https:\/\/www.europesays.com\/es\/wp-json\/wp\/v2\/categories?post=75782"},{"taxonomy":"post_tag","embeddable":true,"href":"https:\/\/www.europesays.com\/es\/wp-json\/wp\/v2\/tags?post=75782"}],"curies":[{"name":"wp","href":"https:\/\/api.w.org\/{rel}","templated":true}]}}