{"id":75806,"date":"2025-08-27T14:11:08","date_gmt":"2025-08-27T14:11:08","guid":{"rendered":"https:\/\/www.europesays.com\/es\/75806\/"},"modified":"2025-08-27T14:11:08","modified_gmt":"2025-08-27T14:11:08","slug":"un-acertante-en-tarifa-gana-el-millon-del-sorteo-del-martes-de-euromillones","status":"publish","type":"post","link":"https:\/\/www.europesays.com\/es\/75806\/","title":{"rendered":"Un acertante en Tarifa gana &#8216;El Mill\u00f3n&#8217; del sorteo del martes de EuroMillones"},"content":{"rendered":"<p>El boleto ha sido sellado en la administraci\u00f3n ubicada en la calle Batalla del Salado<\/p>\n<p>El sorteo de EuroMillones del pasado martes 26 de agosto ha dejado un acertante de &#8216;El Mill\u00f3n&#8217; con un boleto validado en la localidad gaditana de Tarifa. Adem\u00e1s, otro acertante en Armilla (Granada) ha sido premiado con m\u00e1s de 255.000 euros.<\/p>\n<p>Seg\u00fan datos de Loter\u00edas y Apuestas del Estado recogidos por Europa Press, en boleto agraciado con &#8216;El Mill\u00f3n&#8217; ha sido sellado en la administraci\u00f3n ubicada en la calle Batalla del Salado, en Tarifa.<\/p>\n<p>Sobre el acertante de Granada, Loter\u00edas ha se\u00f1alado que ha habido un boleto acertante de segunda categor\u00eda (5+1) en este sorteo, que ha sido validado en el despacho receptor situado en la calle Real de Motril, en Armilla. Con esta combinaci\u00f3n, el agraciado ha obtenido un premio total de 255.796 euros.<\/p>\n<p>En el sorteo de EuroMillones del martes no ha habido boletos acertantes de primera categor\u00eda (5+2), por lo que se ha acumulado un bote de 40 millones de euros para el pr\u00f3ximo sorteo.<\/p>\n","protected":false},"excerpt":{"rendered":"El boleto ha sido sellado en la administraci\u00f3n ubicada en la calle Batalla del Salado El sorteo de&hellip;\n","protected":false},"author":2,"featured_media":75807,"comment_status":"","ping_status":"","sticky":false,"template":"","format":"standard","meta":{"footnotes":""},"categories":[80],"tags":[4378,82,95,94,25,24,4376,23,4377],"class_list":{"0":"post-75806","1":"post","2":"type-post","3":"status-publish","4":"format-standard","5":"has-post-thumbnail","7":"category-economia","8":"tag-actualidad-cadiz","9":"tag-business","10":"tag-economia","11":"tag-economy","12":"tag-es","13":"tag-espana","14":"tag-informacion-cadiz","15":"tag-spain","16":"tag-television-cadiz"},"share_on_mastodon":{"url":"","error":""},"_links":{"self":[{"href":"https:\/\/www.europesays.com\/es\/wp-json\/wp\/v2\/posts\/75806","targetHints":{"allow":["GET"]}}],"collection":[{"href":"https:\/\/www.europesays.com\/es\/wp-json\/wp\/v2\/posts"}],"about":[{"href":"https:\/\/www.europesays.com\/es\/wp-json\/wp\/v2\/types\/post"}],"author":[{"embeddable":true,"href":"https:\/\/www.europesays.com\/es\/wp-json\/wp\/v2\/users\/2"}],"replies":[{"embeddable":true,"href":"https:\/\/www.europesays.com\/es\/wp-json\/wp\/v2\/comments?post=75806"}],"version-history":[{"count":0,"href":"https:\/\/www.europesays.com\/es\/wp-json\/wp\/v2\/posts\/75806\/revisions"}],"wp:featuredmedia":[{"embeddable":true,"href":"https:\/\/www.europesays.com\/es\/wp-json\/wp\/v2\/media\/75807"}],"wp:attachment":[{"href":"https:\/\/www.europesays.com\/es\/wp-json\/wp\/v2\/media?parent=75806"}],"wp:term":[{"taxonomy":"category","embeddable":true,"href":"https:\/\/www.europesays.com\/es\/wp-json\/wp\/v2\/categories?post=75806"},{"taxonomy":"post_tag","embeddable":true,"href":"https:\/\/www.europesays.com\/es\/wp-json\/wp\/v2\/tags?post=75806"}],"curies":[{"name":"wp","href":"https:\/\/api.w.org\/{rel}","templated":true}]}}