{"id":75961,"date":"2025-08-27T15:44:08","date_gmt":"2025-08-27T15:44:08","guid":{"rendered":"https:\/\/www.europesays.com\/es\/75961\/"},"modified":"2025-08-27T15:44:08","modified_gmt":"2025-08-27T15:44:08","slug":"al-menos-dos-muertos-en-un-tiroteo-en-la-iglesia-de-una-escuela-catolica-en-minneapolis-internacional","status":"publish","type":"post","link":"https:\/\/www.europesays.com\/es\/75961\/","title":{"rendered":"Al menos dos muertos en un tiroteo en la iglesia de una escuela cat\u00f3lica en Minneapolis | Internacional"},"content":{"rendered":"<p class=\"\">Al menos dos personas han muerto y en torno a 20 han resultado heridas despu\u00e9s de que un hombre disparara en la iglesia de la escuela cat\u00f3lica Annunciation, en Minneapolis (EE UU). Las autoridades de la ciudad han informado a trav\u00e9s de X que ya \u201cno existe una amenaza activa\u201d. La polic\u00eda de Richfield, un suburbio cercano, ha informado de que se ha visto a un hombre vestido de negro con un rifle en el lugar. Un oficial ha contado a Reuters bajo condici\u00f3n de anonimato que el atacante ha sido abatido. <\/p>\n<p class=\"\">El gobernador de Minnesota, Tim Walz, ha lamentado este incidente que se ha producido la primera semana de clases. \u201cMe han informado sobre un tiroteo en la Escuela Cat\u00f3lica Annunciation y seguir\u00e9 informando a medida que tengamos m\u00e1s datos. La BCA y la Patrulla Estatal est\u00e1n en el lugar. Estoy orando por nuestros ni\u00f1os y maestros cuya primera semana de clases se vio empa\u00f1ada por este horrible acto de violencia\u201d, ha escrito.<\/p>\n<blockquote class=\"twitter-tweet\">\n<p lang=\"en\" dir=\"ltr\">I\u2019ve been briefed on a shooting at Annunciation Catholic School and will continue to provide updates as we get more information. The BCA and State Patrol are on scene.<\/p>\n<p>I\u2019m praying for our kids and teachers whose first week of school was marred by this horrific act of violence.<\/p>\n<p>\u2014 Governor Tim Walz (@GovTimWalz) <a href=\"https:\/\/twitter.com\/GovTimWalz\/status\/1960706436284985707?ref_src=twsrc%5Etfw\" rel=\"nofollow noopener\" target=\"_blank\">August 27, 2025<\/a><\/p><\/blockquote>\n<p class=\"\">El tiroteo ha ocurrido dos d\u00edas despu\u00e9s del inicio de clases en esta escuela primaria privada con aproximadamente 395 estudiantes. La escuela est\u00e1 conectada con la Iglesia Cat\u00f3lica Annunciation, y ambas est\u00e1n ubicadas en una zona residencial al sureste de la ciudad m\u00e1s grande de Minnesota. Los ni\u00f1os estaban en la misa matutina cuando comenz\u00f3 el tiroteo, seg\u00fan detallan los medios locales.<\/p>\n<p class=\"\">El presidente Donald Trump ha asegurado a trav\u00e9s de su red social Truth Social que ha sido \u201ccompletamente informado\u201d sobre la tragedia. \u201cHe recibido informaci\u00f3n completa sobre el tr\u00e1gico tiroteo en Minneapolis, Minnesota. El FBI ha respondido r\u00e1pidamente y se encontraba en el lugar. La Casa Blanca seguir\u00e1 monitoreando esta terrible situaci\u00f3n\u201d, ha escrito.<\/p>\n<p class=\"\">[Noticia de \u00faltima hora. Habr\u00e1 actualizaci\u00f3n en breve]<\/p>\n<p><script async src=\"https:\/\/platform.twitter.com\/widgets.js\" charset=\"utf-8\"><\/script><\/p>\n","protected":false},"excerpt":{"rendered":"Al menos dos personas han muerto y en torno a 20 han resultado heridas despu\u00e9s de que un&hellip;\n","protected":false},"author":2,"featured_media":75962,"comment_status":"","ping_status":"","sticky":false,"template":"","format":"standard","meta":{"footnotes":""},"categories":[42],"tags":[17,18,629,13,14,11,61,62,63,64,19,20,7285,9,10,15,16,8180,5223,12,21,22,65,66,67],"class_list":{"0":"post-75961","1":"post","2":"type-post","3":"status-publish","4":"format-standard","5":"has-post-thumbnail","7":"category-internacional","8":"tag-breaking-news","9":"tag-breakingnews","10":"tag-estados-unidos","11":"tag-featured-news","12":"tag-featurednews","13":"tag-headlines","14":"tag-internacional","15":"tag-international","16":"tag-international-news","17":"tag-internationalnews","18":"tag-latest-news","19":"tag-latestnews","20":"tag-minneapolis","21":"tag-news","22":"tag-noticias","23":"tag-noticias-destacadas","24":"tag-noticiasdestacadas","25":"tag-tiroteos","26":"tag-tiroteos-en-estados-unidos","27":"tag-titulares","28":"tag-ultimas-noticias","29":"tag-ultimasnoticias","30":"tag-world","31":"tag-world-news","32":"tag-worldnews"},"share_on_mastodon":{"url":"","error":""},"_links":{"self":[{"href":"https:\/\/www.europesays.com\/es\/wp-json\/wp\/v2\/posts\/75961","targetHints":{"allow":["GET"]}}],"collection":[{"href":"https:\/\/www.europesays.com\/es\/wp-json\/wp\/v2\/posts"}],"about":[{"href":"https:\/\/www.europesays.com\/es\/wp-json\/wp\/v2\/types\/post"}],"author":[{"embeddable":true,"href":"https:\/\/www.europesays.com\/es\/wp-json\/wp\/v2\/users\/2"}],"replies":[{"embeddable":true,"href":"https:\/\/www.europesays.com\/es\/wp-json\/wp\/v2\/comments?post=75961"}],"version-history":[{"count":0,"href":"https:\/\/www.europesays.com\/es\/wp-json\/wp\/v2\/posts\/75961\/revisions"}],"wp:featuredmedia":[{"embeddable":true,"href":"https:\/\/www.europesays.com\/es\/wp-json\/wp\/v2\/media\/75962"}],"wp:attachment":[{"href":"https:\/\/www.europesays.com\/es\/wp-json\/wp\/v2\/media?parent=75961"}],"wp:term":[{"taxonomy":"category","embeddable":true,"href":"https:\/\/www.europesays.com\/es\/wp-json\/wp\/v2\/categories?post=75961"},{"taxonomy":"post_tag","embeddable":true,"href":"https:\/\/www.europesays.com\/es\/wp-json\/wp\/v2\/tags?post=75961"}],"curies":[{"name":"wp","href":"https:\/\/api.w.org\/{rel}","templated":true}]}}