{"id":76154,"date":"2025-08-27T17:43:08","date_gmt":"2025-08-27T17:43:08","guid":{"rendered":"https:\/\/www.europesays.com\/es\/76154\/"},"modified":"2025-08-27T17:43:08","modified_gmt":"2025-08-27T17:43:08","slug":"morante-de-la-puebla-no-llega-a-san-antolin-si-estara-roca-rey","status":"publish","type":"post","link":"https:\/\/www.europesays.com\/es\/76154\/","title":{"rendered":"Morante de la Puebla no llega a San Antol\u00edn, s\u00ed estar\u00e1 Roca Rey"},"content":{"rendered":"<p>Los nombres de Morante de la Puebla y Roca Rey son los dos pilares sobre los que se edificaba la condensada y potente feria taurina  &#8230; de San Antol\u00edn 2025. Y sobre ambos sobrevolaba la incertidumbre sobre su presencia en el ruedo palentino. Finalmente, el empresario Carlos Z\u00fa\u00f1iga, gerente de Circuitos Taurinos, la mercantil que junto con Pueblos del Toreo organizan el abono de San Antol\u00edn, ha confirmado a este peri\u00f3dico que Morante de la Puebla causa baja en la corrida del d\u00eda 1, tras probarse en el campo y no encontrarse en condiciones suficientes para regresar a los ruedos tras la cornada que sufri\u00f3 el 10 de agosto en la plaza de toros de Pontevedra. En cuanto al peruano Roca Rey, Z\u00fa\u00f1iga indica que \u00abten\u00eda para una semana y ya se cumple, as\u00ed que va a estar en la feria de Palencia, no tenemos dudas\u00bb.<\/p>\n<p class=\"v-p\">Dicho lo anterior, y pese al golpe de la ausencia del diestro cigarrero, la afici\u00f3n palentina se muestra ilusionada con unas combinaciones que conjugan lo mejor de los toreros y de las ganader\u00edas, en la proporci\u00f3n posible, dado que se trata de un ciclo medido, con cuatro festejos: tres corridas de lidia a pie y una de rejones. Nueve toreros, tres rejoneadores y cuatro hierros ganaderos.<\/p>\n<p class=\"v-p\">Si esta informaci\u00f3n ha comenzado citando los nombres de Morante de la Puebla, que no podr\u00e1 acudir a <a href=\"https:\/\/www.elnortedecastilla.es\/palencia\/\" data-voc-vtm-id=\"in-text-traffic\" title=\"Palencia\" data-mrf-link=\"www.elnortedecastilla.es\" rel=\"nofollow noopener\" target=\"_blank\">Palencia<\/a>, y Roca Rey, ello no debe eclipsar otras dos presencias estelares. La del torero a caballo Diego Ventura, n\u00famero uno indiscutible del rejoneo, y la de la ganader\u00eda de La Quinta, vacada de estirpe santacolome\u00f1a que lleva un pu\u00f1ado de temporadas en lo m\u00e1s alto, brindado tardes de embestidas encastadas en ferias de toda la geograf\u00eda espa\u00f1ola. Apenas hace unos d\u00edas, en la feria de Bilbao el toro de esta divisa Tapaboca, lidiado por Borja Jim\u00e9nez, fue indultado. El primer indulto en la exigente plaza bilba\u00edna. As\u00ed, la presencia de esta vacada en la primera de las corridas del abono de San Antol\u00edn, lejos de ser una mera an\u00e9cdota, es un asunto nuclear para valorar la categor\u00eda del ciclo.<\/p>\n<p><a href=\"http:\/\/www.elnortedecastilla.es\/palencia\/morante-roca-rey-perera-talavante-protagonizan-carteles-20250701224720-nt.html#vtm_modulosEngag=mod-rel:palencia:noticia:1:cmp:1-not\" class=\"v-a-link\" aria-label=\"Imagen\" rel=\"nofollow noopener\" target=\"_blank\"><\/p>\n<p><img decoding=\"async\" loading=\"lazy\" src=\"https:\/\/www.europesays.com\/es\/wp-content\/uploads\/2025\/08\/4W9A3647-k60G--366x256@El Norte.jpg\" class=\"v-a-img\" width=\"258\" height=\"180\" alt=\"\" data-voc-vtm-id=\"in-text-traffic\"\/><\/p>\n<p><\/a><\/p>\n<p class=\"v-p\">La columna vertebral del ciclo, una vez confirmada la ausencia de Morante de la Puebla, la forman Roca Rey, Diego Ventura y la ganader\u00eda de La Quinta, lo que no significa, en modo alguno, que los dem\u00e1s protagonistas sean actores secundarios. Eso s\u00ed, se trata de un abono cuya intensidad se ha establecido de menos a m\u00e1s, dados los nombres, y las fechas, que dan contenido al cartel de cada tarde.<\/p>\n<p class=\"v-p\">Que sean Miguel \u00c1ngel Perera, Emilio de Justo y Clemente quienes formen la terna que abre el ciclo, el s\u00e1bado 30 de agosto, ante los ya referidos toros de La Quinta, permiten prever una tarde de intensidad y entrega. No se trata de una terna juvenil, pero s\u00ed de tres espadas que creen, y no les falta raz\u00f3n, que su puesto en el escalaf\u00f3n y su consideraci\u00f3n por p\u00fablico y empresas merece un mayor reconocimiento. No est\u00e1n para pasar un tr\u00e1mite, y menos ante los santacoloma (v\u00eda Buend\u00eda) de la familia Mart\u00ednez Conradi.<\/p>\n<p class=\"v-p\">Al d\u00eda siguiente, el domingo 31 de agosto, se anuncia una corrida de rejones en la que sobresale el lusitano afincado en Sevilla Diego Ventura. Un torero a la jineta de m\u00e1ximas prestaciones, en una etapa de madurez y serenidad en su conquista cumbre de la tauromaquia ecuestre. Doma, monta y mando desde la montura en el m\u00e1ximo nivel. Junto con \u00e9l se anuncian el veterano Rui Fern\u00e1ndez y su compatriota Duarte Fern\u00e1ndez. Si a ello unimos que los toros son de la divisa de Guiomar Cort\u00e9s de Moura, de estirpe murube\u00f1a, no cabe sino denominar a la tarde de rejoneo en Palencia como de corrida portuguesa.<\/p>\n<p class=\"v-p\">La tarde del d\u00eda 1, lunes, queda hu\u00e9rfana de Morante de la Puebla, y se espera que a lo largo de este jueves se comunique por la empresa su sustituto, ya que parece improbable que quede en un mano a mano entre los otros dos espadas que permanecen activos, Jos\u00e9 Mar\u00eda Manzanares y Pablo Aguado. Dos diestros diferentes en car\u00e1cter y concepto, aunque no opuestos, y en ambos con el toreo aplomado y cadencioso como nota com\u00fan. Las reses de N\u00fa\u00f1ez del Cuvillo ser\u00e1n sus adversarios, hierro que se lidi\u00f3 en este coso en una corrida triunfalista en la pasada temporada.<\/p>\n<p class=\"v-p\">Finalmente, el ciclo culmina con la corrida del d\u00eda 2 se septiembre, festividad de San Antol\u00edn, en la que se anuncian Alejandro Talavante, el ya citado Roca Rey y el joven Tom\u00e1s Rufo, diestro de nuevo cu\u00f1o, emergente y con una trayectoria de consolidaci\u00f3n en la zona noble del escalaf\u00f3n, Los astados del hierro de Juan Manuel Criado protagonizan el apartado ganadero del cartel de una tarde que se anuncia con car\u00e1cter goyesco y como homenaje al 50 aniversario de la pe\u00f1a taurina palentina.<\/p>\n","protected":false},"excerpt":{"rendered":"Los nombres de Morante de la Puebla y Roca Rey son los dos pilares sobre los que se&hellip;\n","protected":false},"author":2,"featured_media":76155,"comment_status":"","ping_status":"","sticky":false,"template":"","format":"standard","meta":{"footnotes":""},"categories":[277],"tags":[21867,373,168,25,24,5012,780,781,5330,1048,2228,23,167,374],"class_list":["post-76154","post","type-post","status-publish","format-standard","has-post-thumbnail","category-toreo","tag-antolin","tag-bullfighting","tag-deportes","tag-es","tag-espana","tag-llega","tag-morante","tag-puebla","tag-rey","tag-roca","tag-san","tag-spain","tag-sports","tag-toreo"],"share_on_mastodon":{"url":"","error":""},"_links":{"self":[{"href":"https:\/\/www.europesays.com\/es\/wp-json\/wp\/v2\/posts\/76154","targetHints":{"allow":["GET"]}}],"collection":[{"href":"https:\/\/www.europesays.com\/es\/wp-json\/wp\/v2\/posts"}],"about":[{"href":"https:\/\/www.europesays.com\/es\/wp-json\/wp\/v2\/types\/post"}],"author":[{"embeddable":true,"href":"https:\/\/www.europesays.com\/es\/wp-json\/wp\/v2\/users\/2"}],"replies":[{"embeddable":true,"href":"https:\/\/www.europesays.com\/es\/wp-json\/wp\/v2\/comments?post=76154"}],"version-history":[{"count":0,"href":"https:\/\/www.europesays.com\/es\/wp-json\/wp\/v2\/posts\/76154\/revisions"}],"wp:featuredmedia":[{"embeddable":true,"href":"https:\/\/www.europesays.com\/es\/wp-json\/wp\/v2\/media\/76155"}],"wp:attachment":[{"href":"https:\/\/www.europesays.com\/es\/wp-json\/wp\/v2\/media?parent=76154"}],"wp:term":[{"taxonomy":"category","embeddable":true,"href":"https:\/\/www.europesays.com\/es\/wp-json\/wp\/v2\/categories?post=76154"},{"taxonomy":"post_tag","embeddable":true,"href":"https:\/\/www.europesays.com\/es\/wp-json\/wp\/v2\/tags?post=76154"}],"curies":[{"name":"wp","href":"https:\/\/api.w.org\/{rel}","templated":true}]}}