{"id":76234,"date":"2025-08-27T18:28:10","date_gmt":"2025-08-27T18:28:10","guid":{"rendered":"https:\/\/www.europesays.com\/es\/76234\/"},"modified":"2025-08-27T18:28:10","modified_gmt":"2025-08-27T18:28:10","slug":"una-promesa-de-ghana-se-entrena-con-el-equipo-filial-de-anaitasuna","status":"publish","type":"post","link":"https:\/\/www.europesays.com\/es\/76234\/","title":{"rendered":"Una promesa de Ghana se entrena con el equipo filial de Anaitasuna"},"content":{"rendered":"<p>                            <img loading=\"lazy\" decoding=\"async\" src=\"https:\/\/www.europesays.com\/es\/wp-content\/uploads\/2025\/08\/0b82cbeb-281c-44be-b602-828ab0ba9cb9_16-9-aspect-ratio_default_0.jpg\" alt=\"Piur Komasi entrenando con Anaitasuna B.  | FOTO: ANAITASUNA\" width=\"880\" height=\"495\" title=\"Piur Komasi entrenando con Anaitasuna B.  | FOTO: ANAITASUNA\" style=\"height:auto;\"\/><\/p>\n<p class=\"article-photo__footer\">\n        Piur Komasi entrenando con Anaitasuna B.  | FOTO: ANAITASUNA\n            <\/p>\n<p class=\"article-body__text article-body__text--entry article-body__text-middle\">\n        <strong>Anaitasuna <\/strong>recibi\u00f3 el lunes al ghan\u00e9s <strong>Pius Komasi<\/strong> para que se forme bajo su metodolog\u00eda, contin\u00fae su desarrollo y conozca la riqueza cultural de <strong>Navarra<\/strong>. Esta iniciativa se enmarca en el programa de desarrollo de talento en Ghana que Anaitasuna impulsa desde octubre de 2023 de la mano del entrenador <strong>\u00c1lvaro Garde<\/strong>. A trav\u00e9s de este proyecto se donaron m\u00e1s de 80 kilos de material deportivo de Anaitasuna y se est\u00e1n compartiendo metodolog\u00edas de entrenamiento con jugadores de categor\u00edas inferiores de las selecciones ghanesas, para fomentar el balonmano en el pa\u00eds africano.\n<\/p>\n<p class=\"article-photo__footer\">\n            Piur Komasi entrenando con Anaitasuna B.  | FOTO: ANAITASUNA                    <\/p>\n<p class=\"article-body__text \">\n        Komasi, <strong>Jugador Joven Revelaci\u00f3n de la liga de Ghana<\/strong> en la temporada 2002-2023, forma parte de la selecci\u00f3n ghanesa sub-18 y estar\u00e1 en la din\u00e1mica del filial de Anaitasuna a lo largo del pr\u00f3ximo mes. \u201cEstoy muy feliz de estar aqu\u00ed. Entrenar en Anaitasuna, con jugadores y t\u00e9cnicos de tan alto nivel es una experiencia incre\u00edble para m\u00ed. Estoy muy agradecido al club por la oportunidad\u201d, valor\u00f3 Pius Komasi, quien sue\u00f1a con ser profesional en el futuro.<\/p>\n","protected":false},"excerpt":{"rendered":"Piur Komasi entrenando con Anaitasuna B. | FOTO: ANAITASUNA Anaitasuna recibi\u00f3 el lunes al ghan\u00e9s Pius Komasi para&hellip;\n","protected":false},"author":2,"featured_media":76235,"comment_status":"","ping_status":"","sticky":false,"template":"","format":"standard","meta":{"footnotes":""},"categories":[278],"tags":[376,168,16534,622,25,24,6077,16550,375,7376,23,167],"class_list":{"0":"post-76234","1":"post","2":"type-post","3":"status-publish","4":"format-standard","5":"has-post-thumbnail","7":"category-balonmano","8":"tag-balonmano","9":"tag-deportes","10":"tag-entrena","11":"tag-equipo","12":"tag-es","13":"tag-espana","14":"tag-filial","15":"tag-ghana","16":"tag-handball","17":"tag-promesa","18":"tag-spain","19":"tag-sports"},"share_on_mastodon":{"url":"","error":""},"_links":{"self":[{"href":"https:\/\/www.europesays.com\/es\/wp-json\/wp\/v2\/posts\/76234","targetHints":{"allow":["GET"]}}],"collection":[{"href":"https:\/\/www.europesays.com\/es\/wp-json\/wp\/v2\/posts"}],"about":[{"href":"https:\/\/www.europesays.com\/es\/wp-json\/wp\/v2\/types\/post"}],"author":[{"embeddable":true,"href":"https:\/\/www.europesays.com\/es\/wp-json\/wp\/v2\/users\/2"}],"replies":[{"embeddable":true,"href":"https:\/\/www.europesays.com\/es\/wp-json\/wp\/v2\/comments?post=76234"}],"version-history":[{"count":0,"href":"https:\/\/www.europesays.com\/es\/wp-json\/wp\/v2\/posts\/76234\/revisions"}],"wp:featuredmedia":[{"embeddable":true,"href":"https:\/\/www.europesays.com\/es\/wp-json\/wp\/v2\/media\/76235"}],"wp:attachment":[{"href":"https:\/\/www.europesays.com\/es\/wp-json\/wp\/v2\/media?parent=76234"}],"wp:term":[{"taxonomy":"category","embeddable":true,"href":"https:\/\/www.europesays.com\/es\/wp-json\/wp\/v2\/categories?post=76234"},{"taxonomy":"post_tag","embeddable":true,"href":"https:\/\/www.europesays.com\/es\/wp-json\/wp\/v2\/tags?post=76234"}],"curies":[{"name":"wp","href":"https:\/\/api.w.org\/{rel}","templated":true}]}}