{"id":76318,"date":"2025-08-27T19:16:07","date_gmt":"2025-08-27T19:16:07","guid":{"rendered":"https:\/\/www.europesays.com\/es\/76318\/"},"modified":"2025-08-27T19:16:07","modified_gmt":"2025-08-27T19:16:07","slug":"magomed-ankalaev-un-campeon-con-aspiraciones-al-peso-pesado","status":"publish","type":"post","link":"https:\/\/www.europesays.com\/es\/76318\/","title":{"rendered":"Magomed Ankalaev, un campe\u00f3n con aspiraciones al peso pesado"},"content":{"rendered":"<p class=\"\">Un monarca de la <a href=\"https:\/\/as.com\/noticias\/ufc-ultimate-fighting-championship\/\" rel=\"nofollow noopener\" target=\"_blank\">UFC <\/a>se une al sue\u00f1o del doble cintur\u00f3n. <b>Magomed Ankalaev<\/b>, campe\u00f3n del peso semipesado de la promotora estadounidense, ans\u00eda su segunda corona, y <b>conquistar el peso pesado parece ser el siguiente reto<\/b> por parte del ruso.<\/p>\n<p class=\"\">Con su <a href=\"https:\/\/as.com\/masdeporte\/polideportivo\/ankalaev-y-pereira-revancha-confirmada-para-ufc-320-n\/\" rel=\"nofollow noopener\" target=\"_blank\">primera defensa del cintur\u00f3n del peso semipesado como el siguiente evento estelar de la UFC<\/a> (UFC 320), Magomed Ankalaev conf\u00eda en que volver\u00e1 a superar a Alex Pereira, para posteriormente poner rumbo a la divisi\u00f3n del peso pesado, la m\u00e1xima categor\u00eda en cuanto al tama\u00f1o de los peleadores (205 libras). \u201cHe pensado en ascender de divisi\u00f3n. <b>Creo que tal vez con dos peleas m\u00e1s, subir\u00e9 al peso pesado<\/b>\u201c, asegur\u00f3 el ruso.<\/p>\n<p>Noticias relacionadas<\/p>\n<p class=\"\">Pese a que en la divisi\u00f3n del peso pesado los peleadores deben llegar a la b\u00e1scula con un <b>peso m\u00ednimo de 205 libras (93 kg) e inferior a 265 libras (120 kg)<\/b>, esta no ser\u00eda la primera vez que un luchador de la UFC busca la doble corona en estas categor\u00edas, siendo <b>Jon Jones y Daniel Cormier algunos de los privilegiados que han logrado este hito<\/b>. Sin embargo, y en caso de ganar, para Ankalaev, que acumula 12 victorias en la mayor liga de artes marciales del mundo, podr\u00eda conocer a su siguiente oponente en la misma noche que se celebrar\u00e1 UFC 320. Esto se debe a que Ji\u0159\u00ed Proch\u00e1zka y Khalil Rountree Jr., luchadores que pertenecen a la misma categor\u00eda que el ruso y que han sido aspirantes del cintur\u00f3n, se medir\u00e1n en la jaula en la misma velada.<\/p>\n<p class=\"\"><b>\u00a1Tus opiniones importan!<\/b> Comenta en los art\u00edculos y suscr\u00edbete gratis a nuestra <a href=\"https:\/\/asfan.as.com\/newsletters\/\" target=\"_blank\" rel=\"nofollow noopener\" title=\"https:\/\/asfan.as.com\/newsletters\/\">newsletter<\/a> y a las alertas informativas en la <a href=\"https:\/\/as.com\/aplicacion-de-as-n\/\" target=\"_blank\" rel=\"nofollow noopener\" title=\"https:\/\/as.com\/aplicacion-de-as-n\/\">App<\/a> o el canal de <a href=\"https:\/\/www.whatsapp.com\/channel\/0029VaAasdA7j6g745nz9M10\" target=\"_blank\" rel=\"nofollow noopener\" title=\"https:\/\/www.whatsapp.com\/channel\/0029VaAasdA7j6g745nz9M10\">WhatsApp<\/a>. \u00bfBuscas licenciar contenido? Haz clic <a href=\"https:\/\/profesional.elpais.com\/soluciones-sindicacion?utm_medium=interno&amp;utm_source=crosslinking&amp;utm_campaign=sindicacion_as_pie_articulos\" target=\"_blank\" rel=\"nofollow noopener\" title=\"https:\/\/profesional.elpais.com\/soluciones-sindicacion?utm_medium=interno&amp;utm_source=crosslinking&amp;utm_campaign=sindicacion_as_pie_articulos\">aqu\u00ed<\/a><\/p>\n","protected":false},"excerpt":{"rendered":"Un monarca de la UFC se une al sue\u00f1o del doble cintur\u00f3n. Magomed Ankalaev, campe\u00f3n del peso semipesado&hellip;\n","protected":false},"author":2,"featured_media":76319,"comment_status":"","ping_status":"","sticky":false,"template":"","format":"standard","meta":{"footnotes":""},"categories":[276],"tags":[168,25,24,23,167,343],"class_list":{"0":"post-76318","1":"post","2":"type-post","3":"status-publish","4":"format-standard","5":"has-post-thumbnail","7":"category-ufc","8":"tag-deportes","9":"tag-es","10":"tag-espana","11":"tag-spain","12":"tag-sports","13":"tag-ufc"},"share_on_mastodon":{"url":"","error":""},"_links":{"self":[{"href":"https:\/\/www.europesays.com\/es\/wp-json\/wp\/v2\/posts\/76318","targetHints":{"allow":["GET"]}}],"collection":[{"href":"https:\/\/www.europesays.com\/es\/wp-json\/wp\/v2\/posts"}],"about":[{"href":"https:\/\/www.europesays.com\/es\/wp-json\/wp\/v2\/types\/post"}],"author":[{"embeddable":true,"href":"https:\/\/www.europesays.com\/es\/wp-json\/wp\/v2\/users\/2"}],"replies":[{"embeddable":true,"href":"https:\/\/www.europesays.com\/es\/wp-json\/wp\/v2\/comments?post=76318"}],"version-history":[{"count":0,"href":"https:\/\/www.europesays.com\/es\/wp-json\/wp\/v2\/posts\/76318\/revisions"}],"wp:featuredmedia":[{"embeddable":true,"href":"https:\/\/www.europesays.com\/es\/wp-json\/wp\/v2\/media\/76319"}],"wp:attachment":[{"href":"https:\/\/www.europesays.com\/es\/wp-json\/wp\/v2\/media?parent=76318"}],"wp:term":[{"taxonomy":"category","embeddable":true,"href":"https:\/\/www.europesays.com\/es\/wp-json\/wp\/v2\/categories?post=76318"},{"taxonomy":"post_tag","embeddable":true,"href":"https:\/\/www.europesays.com\/es\/wp-json\/wp\/v2\/tags?post=76318"}],"curies":[{"name":"wp","href":"https:\/\/api.w.org\/{rel}","templated":true}]}}