{"id":76639,"date":"2025-08-27T22:32:10","date_gmt":"2025-08-27T22:32:10","guid":{"rendered":"https:\/\/www.europesays.com\/es\/76639\/"},"modified":"2025-08-27T22:32:10","modified_gmt":"2025-08-27T22:32:10","slug":"el-relato-real-que-retrata-la-explotacion-laboral-juvenil","status":"publish","type":"post","link":"https:\/\/www.europesays.com\/es\/76639\/","title":{"rendered":"el relato real que retrata la explotaci\u00f3n laboral juvenil"},"content":{"rendered":"<p style=\"\">El pr\u00f3ximo 29 de agosto, Filmin traer\u00e1 a las pantallas la segunda pel\u00edcula de<strong> July Jung<\/strong>, directora surcoreana que, tras el \u00e9xito de<strong> &#8216;Un monstruo en mi puerta&#8217;,<\/strong> regresa con un drama judicial inspirado en hechos reales. &#8216;Justicia para Sohee&#8217; revela  &#8230; el rostro m\u00e1s cruel de la explotaci\u00f3n juvenil en Corea del Sur. . La pel\u00edcula tuvo su estreno en la <a href=\"https:\/\/www.abc.es\/play\/cine\/sorogoyen-presidente-semana-critica-cannes-separare-afinidades-20250514211219-vi.html\" target=\"_self\" data-voc-vtm-id=\"in-text-traffic\" title=\"Semana de la Cr\u00edtica del Festival de Cannes,\" data-mrf-link=\"www.abc.es\" rel=\"nofollow noopener\">Semana de la Cr\u00edtica del Festival de Cannes,<\/a> y la protagoniza una de las actrices surcoreanas m\u00e1s internacionales: Bae Doona (&#8216;Broker&#8217;). La pel\u00edcula es un grito <a href=\"https:\/\/www.abc.es\/play\/cine\/celine-song-directora-materialistas-capitalismo-intenta-devorarlo-20250811175158-nt.html\" target=\"_self\" data-voc-vtm-id=\"in-text-traffic\" title=\"contra el capitalismo salvaje\" data-mrf-link=\"www.abc.es\" rel=\"nofollow noopener\">contra el capitalismo salvaje<\/a> y un recordatorio de que detr\u00e1s de cada estad\u00edstica laboral puede haber una vida rota. <\/p>\n<p class=\"voc-p\" style=\"\">Su historia nace a partir del <strong>suicidio de Hong Su-yeon en 2017,<\/strong> una estudiante de diecinueve a\u00f1os que fue sometida a <a href=\"https:\/\/www.abc.es\/recreo\/abogado-laborista-senala-abusos-frecuentes-dan-espana-20250718141707-nt.html\" target=\"_self\" data-voc-vtm-id=\"in-text-traffic\" title=\"condiciones laborales abusivas\" data-mrf-link=\"www.abc.es\" rel=\"nofollow noopener\">condiciones laborales abusivas<\/a> mientras hac\u00eda pr\u00e1cticas en un &#8216;call center&#8217; de Jeonju. La empresa estaba subcontratada por la compa\u00f1\u00eda KT, una de las grandes firmas de telecomunicaciones del pa\u00eds. <\/p>\n<p class=\"voc-p\" style=\"\">All\u00ed, Su-yeon se encontr\u00f3 con una jornada de entre 8 y 12 horas diarias, turnos nocturnos, condiciones de vigilancia extrema y salarios inferiores a lo promedio. Seg\u00fan la investigaci\u00f3n posterior, <strong>deb\u00eda atender hasta 100 llamadas al d\u00eda,<\/strong> muchas veces enfrent\u00e1ndose a clientes hostiles, sin contar con descansos adecuados ni apoyo psicol\u00f3gico. <\/p>\n<p class=\"voc-p\" style=\"\">La presi\u00f3n acab\u00f3 minando su salud mental. En sus mensajes y diarios, dej\u00f3 constancia que <strong>se sent\u00eda abandonada por el sistema educativo y empresarial.<\/strong> El 23 de enero de 2017, despu\u00e9s de tres meses en el puesto, Su-yeon se quit\u00f3 la vida. Su historia conmocion\u00f3 a la sociedad coreana al poner de relieve un patr\u00f3n de explotaci\u00f3n estructural: <a href=\"https:\/\/www.abc.es\/economia\/abci-espana-balon-precariedad-estos-salarios-y-condiciones-solo-queda-opositar-202112020935_noticia.html\" target=\"_self\" data-voc-vtm-id=\"in-text-traffic\" title=\"estudiantes obligados a ocupar puestos precarios\" data-mrf-link=\"www.abc.es\" rel=\"nofollow noopener\">estudiantes obligados a ocupar puestos precarios<\/a> para cumplir con convenios de pr\u00e1cticas entre escuelas y empresas, con escasa supervisi\u00f3n gubernamental. <\/p>\n<p>\nCine como denuncia\n<\/p>\n<p class=\"voc-p\" style=\"\">La historia se articula en dos movimientos bien definidos. En la primera parte seguimos a Sohee (Kim Si-eun) en su descenso hacia el agotamiento emocional, mostrando c\u00f3mo el sistema arrasa con su inocencia. En la segunda, la narraci\u00f3n <strong>da un giro hacia el &#8216;thriller&#8217; judicial:<\/strong> la atenci\u00f3n se centra en la inspectora Yoo-jin (Bae Doona), quien investiga el caso tras la muerte de la joven. La actriz, con la que Jung ya hab\u00eda trabajado en &#8216;Un monstruo en mi puerta&#8217;, encarna a una mujer que busca respuestas y justicias en un entorno donde todos (escuelas, empresas, instituciones y medios de comunicaci\u00f3n) sab\u00edan que algo estaba mal, pero decid\u00edan mirar hacia otro lado.<\/p>\n<p class=\"voc-p\" style=\"\">La propia directora explica que la chispa que encendi\u00f3 la pel\u00edcula fue un reportaje televisivo sobre el caso real:<strong> \u00abNo entend\u00eda por qu\u00e9 una estudiante deb\u00eda trabajar en esas condiciones ni por qu\u00e9 la escuela lo permit\u00eda\u00bb,<\/strong> comenta Jung. \u00abLa prensa, las empresas, las instituciones&#8230; todos conoc\u00edan el problema, pero nadie actu\u00f3. Sent\u00ed la necesidad de contar esta historia para que no se quedara en el olvido\u00bb. <\/p>\n<p class=\"voc-p\" style=\"\">En su declaraci\u00f3n, Jung tambi\u00e9n confiesa que la historia de Hong la persigui\u00f3 durante a\u00f1os. \u00abMe doli\u00f3 profundamente pensar en su muerte, aunque fuese una desconocida. Tres a\u00f1os despu\u00e9s, <strong>s<\/strong><strong>u recuerdo me segu\u00eda inflamando la garganta\u00bb,<\/strong> alega. Fue precisamente por ese dolor por lo que decidi\u00f3 hacer el filme: \u00abMi deseo es que, aunque ella ya no est\u00e9, dentro de esta pel\u00edcula siga viva y<strong> su nombre resuene en la memoria de muchos\u00bb. <\/strong><\/p>\n<p>\nM\u00e1s all\u00e1 de Corea: un problema global\n<\/p>\n<p class=\"voc-p\" style=\"\">Aunque la cinta se centra en Corea del Sur, su denuncia no se queda dentro de sus fronteras; el trabajo precario juvenil, disfrazado de pr\u00e1cticas o formaci\u00f3n profesional, es un fen\u00f3meno conocido en muchos pa\u00edses. El modelo de pr\u00e1cticas en Espa\u00f1a contin\u00faa siendo <strong>u<\/strong><strong>no de los m\u00e1s precarios de Europa.<\/strong> Pese a que desde enero de 2024 todos los estudiantes en pr\u00e1cticas cotizan a la Seguridad Social, <strong>m\u00e1s de 1.5 millones de j\u00f3venes han realizado pr\u00e1cticas sin recibir compensaci\u00f3n econ\u00f3mica.<\/strong> De acuerdo con la Comisi\u00f3n Europea, el 58% de los estudiantes en pr\u00e1cticas en Espa\u00f1a <a href=\"https:\/\/www.abc.es\/economia\/abci-mas-mitad-becarios-espana-no-reciben-ninguna-remuneracion-trabajo-201705031148_noticia.html\" target=\"_self\" data-voc-vtm-id=\"in-text-traffic\" title=\"no reciben ninguna remuneraci\u00f3n,\" data-mrf-link=\"www.abc.es\" rel=\"nofollow noopener\">no reciben ninguna remuneraci\u00f3n,<\/a> y en caso de que se haya compensaci\u00f3n econ\u00f3mica, apenas cobran entre <strong>50 y 300 euros mensuales,<\/strong> lo que perpet\u00faa una sensaci\u00f3n de explotaci\u00f3n y desigualdad de oportunidades.<\/p>\n<p class=\"voc-p\" style=\"\">El fen\u00f3meno tiene una<strong> distribuci\u00f3n territorial desigual:<\/strong> Madrid, Andaluc\u00eda, Catalu\u00f1a y la Comunidad Valenciana concentran la mayor\u00eda de los estudiantes en pr\u00e1cticas no remuneradas, con cifras que superan los 250.000 en algunas regiones, mientras que en provincias como Valladolid registran que<strong> uno de cada tres j\u00f3venes pas\u00f3 en 2024 por un contrato de pr\u00e1cticas sin sueldo.<\/strong> En M\u00e1laga, m\u00e1s de 27.000 estudiantes realizaron este tipo de pr\u00e1cticas el a\u00f1o pasado. <\/p>\n<p class=\"voc-p\" style=\"\">El debate no es nuevo: en 2018, un estudio realizado por C\u00edrculo Formaci\u00f3n se\u00f1alaba que el <strong>90% de los j\u00f3venes espa\u00f1oles<\/strong> consideraban que las pr\u00e1cticas deber\u00edan estar remuneradas, al menos de forma simb\u00f3lica. En 2023, el Gobierno, junto con sindicatos como UGT, anuncio un acuerdo para un <a href=\"https:\/\/www.abc.es\/sociedad\/diaz-compromete-sacar-adelante-estatuto-becario-siguiente-20250509174208-vi.html\" target=\"_self\" data-voc-vtm-id=\"in-text-traffic\" title=\"Estatuto del Becario,\" data-mrf-link=\"www.abc.es\" rel=\"nofollow noopener\">Estatuto del Becario,<\/a> destinado a regular las condiciones, establecer compensaciones econ\u00f3micas y limitar el n\u00famero de becarios en las empresas. Sin embargo, a mediados de 2025, <strong>este marco legislativo sigue sin aprobarse ni debatirse en el Parlamento.<\/strong> En redes sociales y foros como Reddit abundan testimonios de estudiantes que denuncian jornadas de 40 horas semanales cobrando menos del salario m\u00ednimo o incluso sin recibir nada, lo que hace que muchos dependan econ\u00f3micamente de sus familias para poder acceder a estas experiencias formativas, y en el peor de los casos, situaciones como las de Hong Su-yeon.<\/p>\n","protected":false},"excerpt":{"rendered":"El pr\u00f3ximo 29 de agosto, Filmin traer\u00e1 a las pantallas la segunda pel\u00edcula de July Jung, directora surcoreana&hellip;\n","protected":false},"author":2,"featured_media":76640,"comment_status":"","ping_status":"","sticky":false,"template":"","format":"standard","meta":{"footnotes":""},"categories":[169],"tags":[177,29635,1931,146,147,25,24,29636,18134,176,2158,3133,9416,175,29634,23],"class_list":{"0":"post-76639","1":"post","2":"type-post","3":"status-publish","4":"format-standard","5":"has-post-thumbnail","7":"category-cine","8":"tag-cine","9":"tag-crueldad","10":"tag-drama","11":"tag-entertainment","12":"tag-entretenimiento","13":"tag-es","14":"tag-espana","15":"tag-explotacion","16":"tag-expone","17":"tag-film","18":"tag-justicia","19":"tag-juvenil","20":"tag-laboral","21":"tag-movies","22":"tag-sohee","23":"tag-spain"},"share_on_mastodon":{"url":"","error":""},"_links":{"self":[{"href":"https:\/\/www.europesays.com\/es\/wp-json\/wp\/v2\/posts\/76639","targetHints":{"allow":["GET"]}}],"collection":[{"href":"https:\/\/www.europesays.com\/es\/wp-json\/wp\/v2\/posts"}],"about":[{"href":"https:\/\/www.europesays.com\/es\/wp-json\/wp\/v2\/types\/post"}],"author":[{"embeddable":true,"href":"https:\/\/www.europesays.com\/es\/wp-json\/wp\/v2\/users\/2"}],"replies":[{"embeddable":true,"href":"https:\/\/www.europesays.com\/es\/wp-json\/wp\/v2\/comments?post=76639"}],"version-history":[{"count":0,"href":"https:\/\/www.europesays.com\/es\/wp-json\/wp\/v2\/posts\/76639\/revisions"}],"wp:featuredmedia":[{"embeddable":true,"href":"https:\/\/www.europesays.com\/es\/wp-json\/wp\/v2\/media\/76640"}],"wp:attachment":[{"href":"https:\/\/www.europesays.com\/es\/wp-json\/wp\/v2\/media?parent=76639"}],"wp:term":[{"taxonomy":"category","embeddable":true,"href":"https:\/\/www.europesays.com\/es\/wp-json\/wp\/v2\/categories?post=76639"},{"taxonomy":"post_tag","embeddable":true,"href":"https:\/\/www.europesays.com\/es\/wp-json\/wp\/v2\/tags?post=76639"}],"curies":[{"name":"wp","href":"https:\/\/api.w.org\/{rel}","templated":true}]}}