{"id":76764,"date":"2025-08-27T23:57:08","date_gmt":"2025-08-27T23:57:08","guid":{"rendered":"https:\/\/www.europesays.com\/es\/76764\/"},"modified":"2025-08-27T23:57:08","modified_gmt":"2025-08-27T23:57:08","slug":"el-cuarto-vallisoletano-que-juega-un-eurobasket","status":"publish","type":"post","link":"https:\/\/www.europesays.com\/es\/76764\/","title":{"rendered":"El cuarto &#8216;vallisoletano&#8217; que juega un Eurobasket"},"content":{"rendered":"<p class=\"paragraph\">Hasta hace no mucho tiempo pensar que un jugador vallisoletano volver\u00eda no solo a vestir la camiseta de la selecci\u00f3n espa\u00f1ola absoluta de baloncesto sino a ser uno de los &#8216;doce elegidos&#8217; para disputar un Eurobasket, parec\u00eda una utop\u00eda. El \u00faltimo fue Fernando San Emeterio, de la generaci\u00f3n del 84,  c\u00e1ntabro de nacimiento pero vallisoletano de adopci\u00f3n y&#8230; formaci\u00f3n. Sergio de Larrea, sin apenas a cumplir los 20 a\u00f1os, es el encargado de derribar ese muro de la l\u00f3gica de llegar a la cima, de hacer realidad ese sue\u00f1o ut\u00f3pico que todo ni\u00f1o tiene en su cabeza cuando comienza a jugar al minibasket en su colegio. Sergio de Larrea, &#8216;Larry&#8217; es el elegido por Sergio Scariolo para llevar los destinos de Espa\u00f1a en este Eurobasket que arranc\u00f3 este mi\u00e9rcoles en Letonia, Finlandia, Chipre y Polonia.<\/p>\n<p>            <a href=\"#\" title=\"\"><\/p>\n<p>                    <img loading=\"lazy\" decoding=\"async\" data-index=\"\" width=\"140\" height=\"140\" alt=\"El vallisoletano De Larrea intenta zafarse de la defensa del alem\u00e1n Da Silva.\" data-full=\"[object Object]\" data-original=\"[object Object]\" src=\"https:\/\/imagenes.diariodevalladolid.es\/files\/related_image\/uploads\/2025\/08\/22\/68a8679554ac0.jpeg\" data-full-src=\"https:\/\/www.europesays.com\/es\/wp-content\/uploads\/2025\/08\/68a8679554ac0.jpeg\"\/><\/p>\n<p>            <\/a><\/p>\n<p class=\"paragraph\">Sergio de Larrea, como lo fueran antes los tres antecesores &#8216;vallisoletanos&#8217; (de nacimiento o adopci\u00f3n) que disputaron un Eurobasket, es de esos jugadores que desde peque\u00f1o se porfi\u00f3 y se vaticin\u00f3 sin ning\u00fan miedo a que pod\u00eda llegar a la elite. Lo hicieron antes Jos\u00e9 Luis Llorente, salido del colegio Lourdes rumbo desde peque\u00f1o al Real Madrid. Lo hizo el &#8216;gigante&#8217; Silvano Bustos desde sus 210 cent\u00edmetros de altura en el colegio San Jos\u00e9. Y lo hizo Fernando San Emeterio desde Maristas CB tras ser proclamado mejor jugador de minibaket en el Campeonato de Espa\u00f1a de selecciones auton\u00f3micas en 1997.<\/p>\n<p class=\"paragraph\">Ahora y tras muchos a\u00f1os de espera, de puntillas y sin hacer ruido, desde sus 198 cent\u00edmetros, el joven base del Valencia Basket, asumir\u00e1 la responsabilidad de llevar las riendas de Espa\u00f1a en este Eurobasket en el que la &#8216;Familia&#8217; se mide a partir de las 14.00 horas de este jueves a Georgia en la sede chipriota de Georgia.<\/p>\n<p class=\"paragraph\">De Larrea es el cuarto vallisoletano en disputar un Eurobasket, un Campeonato de Europa defendiendo la camiseta de la selecci\u00f3n espa\u00f1ola absoluta. El list\u00f3n est\u00e1 muy alto. Los tres antecesores, &#8216;Joe&#8217; Llorente, Silvano Bustos y Fernando San Emeterio, se colgaron de sus cuellos preseas. Los dos primeros en el baloncesto todav\u00eda casi en blanco y negro de los a\u00f1os 80 y 90. &#8216;Saneme&#8217; ya con la generaci\u00f3n de oro de los Gasol, Navarro y compa\u00f1\u00eda.<\/p>\n<p class=\"paragraph\">Sergio De Larrea ve como los acontecimientos se suceden y llaman a su puerta quiz\u00e1s con demasiada antelaci\u00f3n aunque en su favor est\u00e1 la madurez impropia de su edad que le hace soportar tan terrible peso con apenas 19 a\u00f1os. El base vallisoletano, como sus antecesores, con la cabeza muy bien amueblada, algo sin duda determinante, supo esperar en &#8216;su&#8217; querido colegio San Agust\u00edn a que la fama (Valencia Basket ACB)  llamara a su puerta. Despu\u00e9s debut\u00f3 en la ACB y en la Euroliga, convertirse en la &#8216;ni\u00f1a de los ojos&#8217; de Sergio Scariolo, que ve en \u00e9l al &#8216;base del futuro&#8217;, antes de saber decir \u0091no\u0092 a ser drafteado por la mism\u00edsima NBA.<\/p>\n<p class=\"paragraph\">De Larrea es consciente de que la oportunidad que le brinda la selecci\u00f3n es \u00fanica para codearse con las megaestrellas Antetokounmpo, Nikola Jokic, Franz Wagner o Luka Doncic, sabiendo que la nueva Espa\u00f1a que \u00e9l lidera, en plena etapa de transici\u00f3n, por primera vez desde hace muchos muchos a\u00f1os, lejos de los aspirantes a medalla, tendr\u00e1 que luchar con la pesad\u00edsima losa de llevar la friolera de once semifinales consecutivas disputadas en la historia reciente del Eutobasket, diez de ellas con medalla.<\/p>\n<p class=\"paragraph\">Pero&#8230; \u00bfqui\u00e9n dijo miedo? El &#8216;cuarto vallisoletano&#8217; en un Eurobasket, con solo 10 internacionalidades sobre su a\u00fan tierna espalda,  quiere seguir creciendo. Porque enfrente se medir\u00e1 a otros bases de gran calibre como Marco Spissu, Darius Thompson, Kamar Baldwin, Schroder&#8230; Palabras mayores.<\/p>\n","protected":false},"excerpt":{"rendered":"Hasta hace no mucho tiempo pensar que un jugador vallisoletano volver\u00eda no solo a vestir la camiseta de&hellip;\n","protected":false},"author":2,"featured_media":76765,"comment_status":"","ping_status":"","sticky":false,"template":"","format":"standard","meta":{"footnotes":""},"categories":[269],"tags":[299,298,168,25,24,301,29670,531,3407,23,167],"class_list":{"0":"post-76764","1":"post","2":"type-post","3":"status-publish","4":"format-standard","5":"has-post-thumbnail","7":"category-baloncesto","8":"tag-baloncesto","9":"tag-basketball","10":"tag-deportes","11":"tag-es","12":"tag-espana","13":"tag-eurobasket","14":"tag-fede-san-emeterio","15":"tag-once","16":"tag-seleccion-espanola-de-baloncesto","17":"tag-spain","18":"tag-sports"},"share_on_mastodon":{"url":"","error":""},"_links":{"self":[{"href":"https:\/\/www.europesays.com\/es\/wp-json\/wp\/v2\/posts\/76764","targetHints":{"allow":["GET"]}}],"collection":[{"href":"https:\/\/www.europesays.com\/es\/wp-json\/wp\/v2\/posts"}],"about":[{"href":"https:\/\/www.europesays.com\/es\/wp-json\/wp\/v2\/types\/post"}],"author":[{"embeddable":true,"href":"https:\/\/www.europesays.com\/es\/wp-json\/wp\/v2\/users\/2"}],"replies":[{"embeddable":true,"href":"https:\/\/www.europesays.com\/es\/wp-json\/wp\/v2\/comments?post=76764"}],"version-history":[{"count":0,"href":"https:\/\/www.europesays.com\/es\/wp-json\/wp\/v2\/posts\/76764\/revisions"}],"wp:featuredmedia":[{"embeddable":true,"href":"https:\/\/www.europesays.com\/es\/wp-json\/wp\/v2\/media\/76765"}],"wp:attachment":[{"href":"https:\/\/www.europesays.com\/es\/wp-json\/wp\/v2\/media?parent=76764"}],"wp:term":[{"taxonomy":"category","embeddable":true,"href":"https:\/\/www.europesays.com\/es\/wp-json\/wp\/v2\/categories?post=76764"},{"taxonomy":"post_tag","embeddable":true,"href":"https:\/\/www.europesays.com\/es\/wp-json\/wp\/v2\/tags?post=76764"}],"curies":[{"name":"wp","href":"https:\/\/api.w.org\/{rel}","templated":true}]}}