{"id":76976,"date":"2025-08-28T02:51:09","date_gmt":"2025-08-28T02:51:09","guid":{"rendered":"https:\/\/www.europesays.com\/es\/76976\/"},"modified":"2025-08-28T02:51:09","modified_gmt":"2025-08-28T02:51:09","slug":"en-la-disputa-entre-trump-y-maduro-estos-paises-de-america-latina-ya-tomaron-posicion","status":"publish","type":"post","link":"https:\/\/www.europesays.com\/es\/76976\/","title":{"rendered":"En la disputa entre Trump y Maduro, estos pa\u00edses de Am\u00e9rica latina ya tomaron posici\u00f3n"},"content":{"rendered":"<p>      CNN en Espa\u00f1ol<br \/>\n        \u00a0\u2014\u00a0<\/p>\n<p class=\"paragraph inline-placeholder vossi-paragraph\" data-uri=\"es.cms.cnn.com\/_components\/paragraph\/instances\/cmeuif9xl000r27oy027y6n0l@published\" data-editable=\"text\" data-component-name=\"paragraph\" data-article-gutter=\"true\">\n            El enfrentamiento entre los gobiernos de Estados Unidos y Venezuela crece tanto en acusaciones como en movilizaci\u00f3n de recursos, personal y<a href=\"https:\/\/cnnespanol.cnn.com\/2025\/08\/21\/latinoamerica\/buques-guerra-eeuu-caribe-america-latina-orix\" rel=\"nofollow noopener\" target=\"_blank\"> buques militares, <\/a>y fuerza a los pa\u00edses de Am\u00e9rica Latina a tomar gradualmente posici\u00f3n ante la tensi\u00f3n entre dos de los actores centrales de la regi\u00f3n.\n    <\/p>\n<p class=\"paragraph inline-placeholder vossi-paragraph\" data-uri=\"es.cms.cnn.com\/_components\/paragraph\/instances\/cmeuifwp900043j6o32ltbckj@published\" data-editable=\"text\" data-component-name=\"paragraph\" data-article-gutter=\"true\">\n            A trav\u00e9s del secretario de Estado, Marco Rubio, el Gobierno de Trump destac\u00f3 el martes el apoyo que ha recibido en los \u00faltimos d\u00edas de varios pa\u00edses de Am\u00e9rica Latina frente al Cartel de los Soles, un presunto grupo del narcotr\u00e1fico que, seg\u00fan Washington, est\u00e1 liderado por el presidente de Venezuela, Nicol\u00e1s Maduro, pero que Caracas asegura que no existe.\n    <\/p>\n<p class=\"paragraph inline-placeholder vossi-paragraph\" data-uri=\"es.cms.cnn.com\/_components\/paragraph\/instances\/cmeuifwp900053j6ovusgb3dq@published\" data-editable=\"text\" data-component-name=\"paragraph\" data-article-gutter=\"true\">\n            \u201cEstamos recibiendo una incre\u00edble cooperaci\u00f3n internacional\u201d, afirm\u00f3 Rubio. \u201cTodos se unen a nosotros para tratar de ayudar a avanzar en esto. Vamos a detener la entrada de drogas y estamos teniendo incautaciones r\u00e9cord. Pero otra cosa es construir una coalici\u00f3n internacional contra este flagelo\u201d, a\u00f1adi\u00f3 en una declaraci\u00f3n junto al presidente Donald Trump.\n    <\/p>\n<p class=\"paragraph inline-placeholder vossi-paragraph\" data-uri=\"es.cms.cnn.com\/_components\/paragraph\/instances\/cmeuifwp900063j6oi3jqvbpj@published\" data-editable=\"text\" data-component-name=\"paragraph\" data-article-gutter=\"true\">\n            El primero en alinearse con Washington fue Ecuador. Hace dos semanas, a trav\u00e9s de<a href=\"https:\/\/cnnespanol.cnn.com\/2025\/08\/14\/latinoamerica\/noboa-cartel-soles-terrorista-orix\" rel=\"nofollow noopener\" target=\"_blank\"> un decreto del presidente Daniel Noboa,<\/a> design\u00f3 al Cartel de los Soles como \u201cgrupo terrorista del crimen organizado\u201d al considerarlo \u201cuna amenaza para la poblaci\u00f3n nacional\u201d. Como parte de esta medida, el Centro Nacional de Inteligencia de Ecuador deber\u00e1 examinar la influencia de este presunto grupo criminal en las bandas del crimen organizado identificadas hasta el momento y clasificarlo.\n    <\/p>\n<p class=\"paragraph inline-placeholder vossi-paragraph\" data-uri=\"es.cms.cnn.com\/_components\/paragraph\/instances\/cmeuifwp900073j6obve3q1xh@published\" data-editable=\"text\" data-component-name=\"paragraph\" data-article-gutter=\"true\">\n            El viernes, el presidente de Paraguay, Santiago Pe\u00f1a, sigui\u00f3 el camino de Noboa y<a href=\"https:\/\/x.com\/PresidenciaPy\/status\/1959023035866128523\" target=\"_blank\" rel=\"nofollow\"> declar\u00f3<\/a> al Cartel de los Soles como una \u201corganizaci\u00f3n terrorista internacional\u201d. En el decreto argumenta la obligaci\u00f3n del Estado paraguayo de \u201credoblar sus esfuerzos\u201d, a fin de combatir y prevenir la delincuencia transnacional. Pe\u00f1a tom\u00f3 la decisi\u00f3n a pedido del Senado.\n    <\/p>\n<p class=\"paragraph inline-placeholder vossi-paragraph\" data-uri=\"es.cms.cnn.com\/_components\/paragraph\/instances\/cmeuifwp900083j6ovtm5ji2k@published\" data-editable=\"text\" data-component-name=\"paragraph\" data-article-gutter=\"true\">\n            Por su lado, el Gobierno de Argentina, presidido por Javier Milei, tambi\u00e9n declar\u00f3 al grupo como \u201corganizaci\u00f3n terrorista\u201d este martes. La Canciller\u00eda<a href=\"https:\/\/www.cancilleria.gob.ar\/es\/actualidad\/noticias\/el-gobierno-argentino-declara-al-cartel-de-los-soles-como-organizacion\" target=\"_blank\" rel=\"nofollow noopener\"> inform\u00f3<\/a> que la decisi\u00f3n \u201cse fundamenta en informes oficiales que acreditan actividades il\u00edcitas de car\u00e1cter transnacional, entre ellas narcotr\u00e1fico, contrabando y explotaci\u00f3n ilegal de recursos naturales, as\u00ed como v\u00ednculos con otras estructuras criminales en la regi\u00f3n\u201d. Adem\u00e1s, se\u00f1ala que con la medida se refuerza la cooperaci\u00f3n internacional en materia de seguridad y justicia, \u201cen estrecha coordinaci\u00f3n con socios regionales y multilaterales\u201d.\n    <\/p>\n<p class=\"paragraph inline-placeholder vossi-paragraph\" data-uri=\"es.cms.cnn.com\/_components\/paragraph\/instances\/cmeuifwp900093j6o8q1upujw@published\" data-editable=\"text\" data-component-name=\"paragraph\" data-article-gutter=\"true\">\n            La iniciativa regional tambi\u00e9n incluye a Guyana, que emiti\u00f3 un comunicado en el que expresa \u201cprofunda preocupaci\u00f3n\u201d por el peligro que representan \u201cla delincuencia organizada transnacional y el narcoterrorismo, que a menudo involucra a redes criminales como el Cartel de los Soles de Venezuela\u201d. El Gobierno apunt\u00f3 la necesidad de fortalecer la cooperaci\u00f3n \u201cpara combatir eficazmente esta amenaza\u201d.\n    <\/p>\n<p class=\"paragraph inline-placeholder vossi-paragraph\" data-uri=\"es.cms.cnn.com\/_components\/paragraph\/instances\/cmeuifwp9000a3j6ofzk8yw0y@published\" data-editable=\"text\" data-component-name=\"paragraph\" data-article-gutter=\"true\">\n            Guyana es la destinataria de frecuentes amenazas del gobierno de Maduro por el Esequibo,<a href=\"https:\/\/cnnespanol.cnn.com\/2023\/12\/04\/que-es-donde-queda-guayana-esequiba-datos-venezuela-disputa-orix\" rel=\"nofollow noopener\" target=\"_blank\"> un territorio rico en petr\u00f3leo y reclamado por<\/a> Venezuela.\n    <\/p>\n<p class=\"paragraph inline-placeholder vossi-paragraph\" data-uri=\"es.cms.cnn.com\/_components\/paragraph\/instances\/cmeuifwp9000b3j6ocb659nh1@published\" data-editable=\"text\" data-component-name=\"paragraph\" data-article-gutter=\"true\">\n            Las sucesivas declaraciones de gobiernos sudamericanos contra el Cartel de los Soles y Maduro fueron celebradas por la l\u00edder opositora venezolana Mar\u00eda Corina Machado, pero cuestionadas por el ministro del Interior, Justicia y Paz de Venezuela, Diosdado Cabello.\n    <\/p>\n<p class=\"paragraph inline-placeholder vossi-paragraph\" data-uri=\"es.cms.cnn.com\/_components\/paragraph\/instances\/cmeuifwp9000c3j6oosls5sny@published\" data-editable=\"text\" data-component-name=\"paragraph\" data-article-gutter=\"true\">\n            Machado salud\u00f3 las iniciativas de varios gobiernos latinoamericanos. En un mensaje de agradecimiento al presidente de Paraguay, dijo que su decreto \u201ccontribuye al desmantelamiento del sistema\u201d que, asegura, encabeza Maduro.\n    <\/p>\n<p class=\"paragraph inline-placeholder vossi-paragraph\" data-uri=\"es.cms.cnn.com\/_components\/paragraph\/instances\/cmeuifwp9000d3j6o9saf1mk0@published\" data-editable=\"text\" data-component-name=\"paragraph\" data-article-gutter=\"true\">\n            La exdiputada,<a href=\"https:\/\/cnnespanol.cnn.com\/2025\/07\/27\/venezuela\/maria-corina-machado-mapa-electoral-orix\" rel=\"nofollow noopener\" target=\"_blank\"> en la clandestinidad tras las elecciones de<\/a> 2024, tambi\u00e9n le dirigi\u00f3 un mensaje a Milei: \u201cEn nombre de los venezolanos le agradezco su firme y decidido apoyo a la causa justa por la libertad y la democracia de Venezuela, as\u00ed como el respaldo y cari\u00f1o del pueblo de la Argentina\u201d.\n    <\/p>\n<p class=\"paragraph inline-placeholder vossi-paragraph\" data-uri=\"es.cms.cnn.com\/_components\/paragraph\/instances\/cmeuifwp9000e3j6oc5hspuk2@published\" data-editable=\"text\" data-component-name=\"paragraph\" data-article-gutter=\"true\">\n            En tanto, Cabello insisti\u00f3 en que el Cartel de los Soles es un \u201cinvento\u201d de Estados Unidos y \u201cuna gran mentira para manipular\u201d. Una postura similar<a href=\"https:\/\/cnnespanol.cnn.com\/2025\/08\/25\/colombia\/petro-cartel-soles-tension-eeuu-venezuela-orix\" rel=\"nofollow noopener\" target=\"_blank\"> expres\u00f3 el presidente de Colombia<\/a>, Gustavo Petro. \u201cEl Cartel de los Soles no existe, es la excusa ficticia de la extrema derecha para derribar gobiernos que no les obedecen\u201d, escribi\u00f3 el mandatario este lunes en su cuenta de X.\n    <\/p>\n<p class=\"paragraph inline-placeholder vossi-paragraph\" data-uri=\"es.cms.cnn.com\/_components\/paragraph\/instances\/cmeuifwp9000f3j6oqy08n7ap@published\" data-editable=\"text\" data-component-name=\"paragraph\" data-article-gutter=\"true\">\n            Petro es, por ahora, uno de los pocos mandatarios regionales que ha cuestionado la decisi\u00f3n de Washington de ir tras el supuesto grupo narcotraficante.\n    <\/p>\n","protected":false},"excerpt":{"rendered":"CNN en Espa\u00f1ol \u00a0\u2014\u00a0 El enfrentamiento entre los gobiernos de Estados Unidos y Venezuela crece tanto en acusaciones&hellip;\n","protected":false},"author":2,"featured_media":76977,"comment_status":"","ping_status":"","sticky":false,"template":"","format":"standard","meta":{"footnotes":""},"categories":[42],"tags":[17,18,352,629,13,14,11,61,62,63,64,19,20,9,1194,10,15,16,12,21,22,1192,65,66,67],"class_list":{"0":"post-76976","1":"post","2":"type-post","3":"status-publish","4":"format-standard","5":"has-post-thumbnail","7":"category-internacional","8":"tag-breaking-news","9":"tag-breakingnews","10":"tag-donald-trump","11":"tag-estados-unidos","12":"tag-featured-news","13":"tag-featurednews","14":"tag-headlines","15":"tag-internacional","16":"tag-international","17":"tag-international-news","18":"tag-internationalnews","19":"tag-latest-news","20":"tag-latestnews","21":"tag-news","22":"tag-nicolas-maduro","23":"tag-noticias","24":"tag-noticias-destacadas","25":"tag-noticiasdestacadas","26":"tag-titulares","27":"tag-ultimas-noticias","28":"tag-ultimasnoticias","29":"tag-venezuela","30":"tag-world","31":"tag-world-news","32":"tag-worldnews"},"share_on_mastodon":{"url":"","error":""},"_links":{"self":[{"href":"https:\/\/www.europesays.com\/es\/wp-json\/wp\/v2\/posts\/76976","targetHints":{"allow":["GET"]}}],"collection":[{"href":"https:\/\/www.europesays.com\/es\/wp-json\/wp\/v2\/posts"}],"about":[{"href":"https:\/\/www.europesays.com\/es\/wp-json\/wp\/v2\/types\/post"}],"author":[{"embeddable":true,"href":"https:\/\/www.europesays.com\/es\/wp-json\/wp\/v2\/users\/2"}],"replies":[{"embeddable":true,"href":"https:\/\/www.europesays.com\/es\/wp-json\/wp\/v2\/comments?post=76976"}],"version-history":[{"count":0,"href":"https:\/\/www.europesays.com\/es\/wp-json\/wp\/v2\/posts\/76976\/revisions"}],"wp:featuredmedia":[{"embeddable":true,"href":"https:\/\/www.europesays.com\/es\/wp-json\/wp\/v2\/media\/76977"}],"wp:attachment":[{"href":"https:\/\/www.europesays.com\/es\/wp-json\/wp\/v2\/media?parent=76976"}],"wp:term":[{"taxonomy":"category","embeddable":true,"href":"https:\/\/www.europesays.com\/es\/wp-json\/wp\/v2\/categories?post=76976"},{"taxonomy":"post_tag","embeddable":true,"href":"https:\/\/www.europesays.com\/es\/wp-json\/wp\/v2\/tags?post=76976"}],"curies":[{"name":"wp","href":"https:\/\/api.w.org\/{rel}","templated":true}]}}