{"id":77114,"date":"2025-08-28T04:26:07","date_gmt":"2025-08-28T04:26:07","guid":{"rendered":"https:\/\/www.europesays.com\/es\/77114\/"},"modified":"2025-08-28T04:26:07","modified_gmt":"2025-08-28T04:26:07","slug":"el-disciclin-cae-ante-el-teucro-en-un-partido-igualado","status":"publish","type":"post","link":"https:\/\/www.europesays.com\/es\/77114\/","title":{"rendered":"El Discicl\u00edn cae ante el Teucro en un partido igualado"},"content":{"rendered":"<p class=\"ft-text\">El Disicl\u00edn cay\u00f3 en cuartos de la Copa Galicia ante un Teucro en un partido muy igualado y que se decidi\u00f3 en los \u00faltimos instantes. El encuentro, disputado anteayer nen el multiusos, lleg\u00f3 al minuto 50 con un empate a 28, que se reedit\u00f3 cinco minutos despu\u00e9s con tablas a 30. Los de Pablo Cacheda tuvieron la oportunidad de igualar a 32 tras un penalti anotado por Pintus, pero Mateo, que en la jugada anterior fue arrollado por un defensor teucrista, no fue capaz de anotar.<\/p>\n<p class=\"ft-text\">Al margen de la participaci\u00f3n de los veteranos, una de las conclusiones que sac\u00f3 la afici\u00f3n de este encuentro es el protagonismo que tendr\u00e1n los chavales de la inagotable cantera rojinegra. Cacheda dio minutos a todos los convocados en la presentaci\u00f3n en el Arena, donde destacaron Adri\u00e1n Ferrad\u00e1s (seis goles) o Brais Cangado en el puesto de central. El cambote fue adem\u00e1s el m\u00e1ximo anotador del encuentro, con ocho goles. Luis Mart\u00ednez, que jug\u00f3 en el lateral cambiado, demostr\u00f3 que adem\u00e1s de una calidad incontestable est\u00e1 llamado a aportar al equipo a pesar de su juventud. Mart\u00edn V\u00e1zquez tambi\u00e9n aport\u00f3 en el puesto de pivote y Mateo es otro canterano al que el club precisa para la pr\u00f3xima temporada. Manuel Souto no particip\u00f3 en una convocatoria tambi\u00e9n sin jugadores relevantes de este plantel como Rom\u00e1n Pedreira, Juan Lago o Pedro Toimil.<\/p>\n<p class=\"ft-text\">Los primeros minutos del partido, adem\u00e1s de las imprecisiones propias de la pretemporada, pusieron de manifiesto una igualdad en el marcador que pr\u00e1cticamente se reprodujo durante los 60 minutos. Los locales no fueron capaces de dominar en el electr\u00f3nico y fueron los pontevedreses los que llegaron a acumular las mayores ventajas, aunque con rentas de solo tres tantos arriba. Los dos equipos se tomaron en serio estos cuartos del torneo auton\u00f3mico y por momentos el partido se disput\u00f3 con una notable intensidad.<\/p>\n<p class=\"ft-text\">El Discil\u00edn, en permanente proceso de transformaci\u00f3n generacional inici\u00f3 la pretemprada con las bajas, por distintos motivos, de Alejo , Juan Ram\u00f3n, Pablo L\u00f3pez y Roi Sierra. Con regreso de Rom\u00e1n, un jugador que no tiene que demostrar nada ya en una pista de balonmano, existe una cierta incertidumbre y solo su rodilla podr\u00e1 frenar su deseo de volver a llevar la batuta del equipo.<\/p>\n<p class=\"ft-text\">Con el Carballal y el Nov\u00e1s clasificados para la siguiente ronda tras imponerse al Reconquista y Xiria, respectivamente, la otra semifinal emparejar\u00e1 al Teucro con el vencedor del partido que ayer por la noche iba a enfrentar al Ribeiro y el Bueu en Ribadavia.<\/p>\n<p class=\"ft-text\">Por otro lado, el Discicl\u00edn arrancar\u00e1 la liga el pr\u00f3ximo 13 de septiembre en A Ca\u00f1iza y el d\u00eda 20, el s\u00e1bado de las fiestas de As Dores, recibir\u00e1 a las 19.00 horas en el Arena al Bueu.<\/p>\n","protected":false},"excerpt":{"rendered":"El Disicl\u00edn cay\u00f3 en cuartos de la Copa Galicia ante un Teucro en un partido muy igualado y&hellip;\n","protected":false},"author":2,"featured_media":77115,"comment_status":"","ping_status":"","sticky":false,"template":"","format":"standard","meta":{"footnotes":""},"categories":[278],"tags":[376,10722,168,29768,437,25,24,5815,375,29769,433,1045,23,167,1676],"class_list":{"0":"post-77114","1":"post","2":"type-post","3":"status-publish","4":"format-standard","5":"has-post-thumbnail","7":"category-balonmano","8":"tag-balonmano","9":"tag-cae","10":"tag-deportes","11":"tag-disciclin","12":"tag-encuentro","13":"tag-es","14":"tag-espana","15":"tag-goles","16":"tag-handball","17":"tag-igualado","18":"tag-jovenes","19":"tag-partido","20":"tag-spain","21":"tag-sports","22":"tag-teucro"},"share_on_mastodon":{"url":"","error":""},"_links":{"self":[{"href":"https:\/\/www.europesays.com\/es\/wp-json\/wp\/v2\/posts\/77114","targetHints":{"allow":["GET"]}}],"collection":[{"href":"https:\/\/www.europesays.com\/es\/wp-json\/wp\/v2\/posts"}],"about":[{"href":"https:\/\/www.europesays.com\/es\/wp-json\/wp\/v2\/types\/post"}],"author":[{"embeddable":true,"href":"https:\/\/www.europesays.com\/es\/wp-json\/wp\/v2\/users\/2"}],"replies":[{"embeddable":true,"href":"https:\/\/www.europesays.com\/es\/wp-json\/wp\/v2\/comments?post=77114"}],"version-history":[{"count":0,"href":"https:\/\/www.europesays.com\/es\/wp-json\/wp\/v2\/posts\/77114\/revisions"}],"wp:featuredmedia":[{"embeddable":true,"href":"https:\/\/www.europesays.com\/es\/wp-json\/wp\/v2\/media\/77115"}],"wp:attachment":[{"href":"https:\/\/www.europesays.com\/es\/wp-json\/wp\/v2\/media?parent=77114"}],"wp:term":[{"taxonomy":"category","embeddable":true,"href":"https:\/\/www.europesays.com\/es\/wp-json\/wp\/v2\/categories?post=77114"},{"taxonomy":"post_tag","embeddable":true,"href":"https:\/\/www.europesays.com\/es\/wp-json\/wp\/v2\/tags?post=77114"}],"curies":[{"name":"wp","href":"https:\/\/api.w.org\/{rel}","templated":true}]}}